{"id":64,"date":"2008-05-28T16:38:09","date_gmt":"2008-05-28T15:38:09","guid":{"rendered":"http:\/\/autogas-franken.de\/blog\/index.php\/archives\/auto-news\/64-spritfresser-autofaehnchen.html"},"modified":"2008-05-28T17:59:51","modified_gmt":"2008-05-28T16:59:51","slug":"spritfresser-autofaehnchen","status":"publish","type":"post","link":"https:\/\/www.autogas-franken.de\/blog\/index.php\/archives\/auto-news\/64-spritfresser-autofaehnchen.html","title":{"rendered":"Spritfresser Autof\u00e4hnchen"},"content":{"rendered":"<p>In ein paar Tagen geht sie los: Die <strong>Fussballeuropameisterschaft 2008<\/strong> in der Schweiz und ich &Ouml;sterreich und auf den Strassen wird es schon wieder so&nbsp; bunt wie zur <a title=\"Bilder aus N&uuml;rnberg\" target=\"_blank\" href=\"http:\/\/n-town.de\/glubbblog\/index.php\/wm2006-in-nuernberg\/\">WM2006<\/a>. Oder besser: <strong>schwarz-rot-goldener<\/strong>!!<\/p>\n<p>&nbsp;<a href=\"http:\/\/www.n-town.de\" title=\"Bilder der WM 2006 in N&uuml;rnberg auf n-town.de\"><img loading=\"lazy\" width=\"300\" height=\"225\" alt=\"Bilder der WM 2006 in N&uuml;rnberg auf n-town.de\" src=\"https:\/\/i0.wp.com\/autogas-franken.de\/blog\/wp-content\/uploads\/WM06_Deutschland_Nuernberg.jpg?resize=300%2C225&#038;ssl=1\" data-recalc-dims=\"1\" \/><\/a><\/p>\n<p>Auch im restlichen Europa zeigen die Autofahrer mit flatternden F&auml;hnchen an ihren PKWs wieder, zu welchem Land sie halten. Doch Angesichts der hohen <strong>Spritpreise <\/strong>wird das vor allem in Deutschland ein teures Vergn&uuml;gen.<\/p>\n<p>Der <strong>&Ouml;sterreichische Automobilclub &Ouml;AMTC<\/strong> hat errechnet, dass die flatternden F&auml;hnchen den Fahrtwiderstand erh&ouml;hen und damit auch den <strong>Benzinverbrauch<\/strong>. Um so mehr es flattert und je schneller man f&auml;hrt, desto mehr Sprit wird verbraucht! Auf der Autobahn oder bei &Uuml;berlandfahrten kann man mit einem <strong>Mehrverbrauch <\/strong>von ca. einem halben Liter pro 100 Kilometern rechnen.<\/p>\n<p><strong>Sicherheit geht vor<\/strong><\/p>\n<p>Zwar sind die Halterungen f&uuml;r die Flaggen relativ robust, aber dennoch kann es gef&auml;hrlich werden, wenn die Fahne bei hohem Tempo zerreisst und der <strong>Stofffetzen <\/strong>und vielleicht das <strong>St&auml;ngchen <\/strong>auf der Windschutzscheibe des Hintermannes landet. Wie oft das passiert kann jeder an den kleinen Flaggen erkennen, die schon jetzt am <strong>Strassenrand <\/strong>liegen. Daher sollte man die F&auml;hnchen am Auto vor schnellen Fahrten <strong>lieber abnehmen<\/strong> um andere Verkehrsteilnehmer nicht zu gef&auml;hrden. Auch der <strong>ADAC <\/strong>weist darauf hin, dass die F&auml;hnchen nur bis <strong>maximal 80 oder 90 Km\/h<\/strong> sicher seien.<\/p>\n<p>F&uuml;r alle Sch&auml;den, die sein F&auml;hnchen verursacht, muss <strong>der Fahrer haften<\/strong>, denn alles was nicht fest mit dem Fahrzeug verbunden ist (nur zwischen Autofenster und Rahmen geklemmt), f&auml;llt in die Verantwortung des Fahrers.<\/p>\n<p><strong>In &Ouml;sterreich verboten?<\/strong><\/p>\n<p>Die &ouml;sterreichische Nachrichtenagentur APA vermeldete am Freitag, dass einem Fan mit Fahne am Auto in der Alpenrepuplik bis zu <strong>5.000 Euro Strafe<\/strong> drohen, da dies nur f&uuml;r <a target=\"_blank\" href=\"http:\/\/schneeengel.de\/blog\/?p=206\">Staatskarrossen<\/a> erlaubt ist!<\/p>\n<p>Allerdings hat man sich nun doch dazu entschlossen f&uuml;r die EM-Zeit eine <strong>Au&szlig;nahmeregelung <\/strong>zu schaffen. Der Verkehrsminister, <strong>Werner Faymann<\/strong> versprach, dass &quot;das Mitf&uuml;hren von Fanwimpeln und Flaggen f&uuml;r die Zeit vor und w&auml;hrend der EURO nicht gestraft&quot; werde.<\/p>\n<p><a target=\"_blank\" href=\"http:\/\/portal.gmx.net\/de\/themen\/auto\/aktuell\/5998868-Spritfresser-Festspiele.html\">Quelle GMX<\/a><\/p>\n<div class=\"sharedaddy sd-sharing-enabled\"><div class=\"robots-nocontent sd-block sd-social sd-social-icon sd-sharing\"><h3 class=\"sd-title\">Share this:<\/h3><div class=\"sd-content\"><ul><li class=\"share-print\"><a rel=\"nofollow noopener noreferrer\" data-shared=\"\" class=\"share-print sd-button share-icon no-text\" href=\"https:\/\/www.autogas-franken.de\/blog\/index.php\/archives\/auto-news\/64-spritfresser-autofaehnchen.html\" target=\"_blank\" title=\"Klicken zum Ausdrucken\" ><span><\/span><span class=\"sharing-screen-reader-text\">Klicken zum Ausdrucken (Wird in neuem Fenster ge\u00f6ffnet)<\/span><\/a><\/li><li class=\"share-email\"><a rel=\"nofollow noopener noreferrer\" data-shared=\"\" class=\"share-email sd-button share-icon no-text\" href=\"mailto:?subject=%5BGeteilter%20Beitrag%5D%20Spritfresser%20Autof%C3%A4hnchen&body=https%3A%2F%2Fwww.autogas-franken.de%2Fblog%2Findex.php%2Farchives%2Fauto-news%2F64-spritfresser-autofaehnchen.html&share=email\" target=\"_blank\" title=\"Klicken, um einem Freund einen Link per E-Mail zu senden\" data-email-share-error-title=\"Hast du E-Mail eingerichtet?\" data-email-share-error-text=\"Wenn du Probleme mit dem Teilen per E-Mail hast, ist E-Mail m\u00f6glicherweise nicht f\u00fcr deinen Browser eingerichtet. Du musst die neue E-Mail-Einrichtung m\u00f6glicherweise selbst vornehmen.\" data-email-share-nonce=\"7e9af89b06\" data-email-share-track-url=\"https:\/\/www.autogas-franken.de\/blog\/index.php\/archives\/auto-news\/64-spritfresser-autofaehnchen.html?share=email\"><span><\/span><span class=\"sharing-screen-reader-text\">Klicken, um einem Freund einen Link per E-Mail zu senden (Wird in neuem Fenster ge\u00f6ffnet)<\/span><\/a><\/li><li class=\"share-twitter\"><a rel=\"nofollow noopener noreferrer\" data-shared=\"sharing-twitter-64\" class=\"share-twitter sd-button share-icon no-text\" href=\"https:\/\/www.autogas-franken.de\/blog\/index.php\/archives\/auto-news\/64-spritfresser-autofaehnchen.html?share=twitter\" target=\"_blank\" title=\"Klick, um \u00fcber Twitter zu teilen\" ><span><\/span><span class=\"sharing-screen-reader-text\">Klick, um \u00fcber Twitter zu teilen (Wird in neuem Fenster ge\u00f6ffnet)<\/span><\/a><\/li><li class=\"share-jetpack-whatsapp\"><a rel=\"nofollow noopener noreferrer\" data-shared=\"\" class=\"share-jetpack-whatsapp sd-button share-icon no-text\" href=\"https:\/\/www.autogas-franken.de\/blog\/index.php\/archives\/auto-news\/64-spritfresser-autofaehnchen.html?share=jetpack-whatsapp\" target=\"_blank\" title=\"Klicken, um auf WhatsApp zu teilen\" ><span><\/span><span class=\"sharing-screen-reader-text\">Klicken, um auf WhatsApp zu teilen (Wird in neuem Fenster ge\u00f6ffnet)<\/span><\/a><\/li><li class=\"share-linkedin\"><a rel=\"nofollow noopener noreferrer\" data-shared=\"sharing-linkedin-64\" class=\"share-linkedin sd-button share-icon no-text\" href=\"https:\/\/www.autogas-franken.de\/blog\/index.php\/archives\/auto-news\/64-spritfresser-autofaehnchen.html?share=linkedin\" target=\"_blank\" title=\"Klick, um auf LinkedIn zu teilen\" ><span><\/span><span class=\"sharing-screen-reader-text\">Klick, um auf LinkedIn zu teilen (Wird in neuem Fenster ge\u00f6ffnet)<\/span><\/a><\/li><li class=\"share-reddit\"><a rel=\"nofollow noopener noreferrer\" data-shared=\"\" class=\"share-reddit sd-button share-icon no-text\" href=\"https:\/\/www.autogas-franken.de\/blog\/index.php\/archives\/auto-news\/64-spritfresser-autofaehnchen.html?share=reddit\" target=\"_blank\" title=\"Klick, um auf Reddit zu teilen\" ><span><\/span><span class=\"sharing-screen-reader-text\">Klick, um auf Reddit zu teilen (Wird in neuem Fenster ge\u00f6ffnet)<\/span><\/a><\/li><li class=\"share-tumblr\"><a rel=\"nofollow noopener noreferrer\" data-shared=\"\" class=\"share-tumblr sd-button share-icon no-text\" href=\"https:\/\/www.autogas-franken.de\/blog\/index.php\/archives\/auto-news\/64-spritfresser-autofaehnchen.html?share=tumblr\" target=\"_blank\" title=\"Klick, um auf Tumblr zu teilen\" ><span><\/span><span class=\"sharing-screen-reader-text\">Klick, um auf Tumblr zu teilen (Wird in neuem Fenster ge\u00f6ffnet)<\/span><\/a><\/li><li class=\"share-pinterest\"><a rel=\"nofollow noopener noreferrer\" data-shared=\"sharing-pinterest-64\" class=\"share-pinterest sd-button share-icon no-text\" href=\"https:\/\/www.autogas-franken.de\/blog\/index.php\/archives\/auto-news\/64-spritfresser-autofaehnchen.html?share=pinterest\" target=\"_blank\" title=\"Klick, um auf Pinterest zu teilen\" ><span><\/span><span class=\"sharing-screen-reader-text\">Klick, um auf Pinterest zu teilen (Wird in neuem Fenster ge\u00f6ffnet)<\/span><\/a><\/li><li class=\"share-telegram\"><a rel=\"nofollow noopener noreferrer\" data-shared=\"\" class=\"share-telegram sd-button share-icon no-text\" href=\"https:\/\/www.autogas-franken.de\/blog\/index.php\/archives\/auto-news\/64-spritfresser-autofaehnchen.html?share=telegram\" target=\"_blank\" title=\"Klicken, um auf Telegram zu teilen\" ><span><\/span><span class=\"sharing-screen-reader-text\">Klicken, um auf Telegram zu teilen (Wird in neuem Fenster ge\u00f6ffnet)<\/span><\/a><\/li><li class=\"share-pocket\"><a rel=\"nofollow noopener noreferrer\" data-shared=\"\" class=\"share-pocket sd-button share-icon no-text\" href=\"https:\/\/www.autogas-franken.de\/blog\/index.php\/archives\/auto-news\/64-spritfresser-autofaehnchen.html?share=pocket\" target=\"_blank\" title=\"Klick, um auf Pocket zu teilen\" ><span><\/span><span class=\"sharing-screen-reader-text\">Klick, um auf Pocket zu teilen (Wird in neuem Fenster ge\u00f6ffnet)<\/span><\/a><\/li><li class=\"share-skype\"><a rel=\"nofollow noopener noreferrer\" data-shared=\"sharing-skype-64\" class=\"share-skype sd-button share-icon no-text\" href=\"https:\/\/www.autogas-franken.de\/blog\/index.php\/archives\/auto-news\/64-spritfresser-autofaehnchen.html?share=skype\" target=\"_blank\" title=\"Klicken, um in Skype zu teilen\" ><span><\/span><span class=\"sharing-screen-reader-text\">Klicken, um in Skype zu teilen (Wird in neuem Fenster ge\u00f6ffnet)<\/span><\/a><\/li><li><a href=\"#\" class=\"sharing-anchor sd-button share-more\"><span>Mehr<\/span><\/a><\/li><li class=\"share-end\"><\/li><\/ul><div class=\"sharing-hidden\"><div class=\"inner\" style=\"display: none;width:150px;\"><ul style=\"background-image:none;\"><li class=\"share-facebook\"><a rel=\"nofollow noopener noreferrer\" data-shared=\"sharing-facebook-64\" class=\"share-facebook sd-button share-icon no-text\" href=\"https:\/\/www.autogas-franken.de\/blog\/index.php\/archives\/auto-news\/64-spritfresser-autofaehnchen.html?share=facebook\" target=\"_blank\" title=\"Klick, um auf Facebook zu teilen\" ><span><\/span><span class=\"sharing-screen-reader-text\">Klick, um auf Facebook zu teilen (Wird in neuem Fenster ge\u00f6ffnet)<\/span><\/a><\/li><li class=\"share-end\"><\/li><\/ul><\/div><\/div><\/div><\/div><\/div>","protected":false},"excerpt":{"rendered":"<p>In ein paar Tagen geht sie los: Die Fussballeuropameisterschaft 2008 in der Schweiz und ich &Ouml;sterreich und auf den Strassen wird es schon wieder so&nbsp; bunt wie zur WM2006. Oder besser: schwarz-rot-goldener!! &nbsp; Auch im restlichen Europa zeigen die Autofahrer &hellip; <a href=\"https:\/\/www.autogas-franken.de\/blog\/index.php\/archives\/auto-news\/64-spritfresser-autofaehnchen.html\">Weiterlesen <span class=\"meta-nav\">&rarr;<\/span><\/a><\/p>\n<div class=\"sharedaddy sd-sharing-enabled\"><div class=\"robots-nocontent sd-block sd-social sd-social-icon sd-sharing\"><h3 class=\"sd-title\">Share this:<\/h3><div class=\"sd-content\"><ul><li class=\"share-print\"><a rel=\"nofollow noopener noreferrer\" data-shared=\"\" class=\"share-print sd-button share-icon no-text\" href=\"https:\/\/www.autogas-franken.de\/blog\/index.php\/archives\/auto-news\/64-spritfresser-autofaehnchen.html\" target=\"_blank\" title=\"Klicken zum Ausdrucken\" ><span><\/span><span class=\"sharing-screen-reader-text\">Klicken zum Ausdrucken (Wird in neuem Fenster ge\u00f6ffnet)<\/span><\/a><\/li><li class=\"share-email\"><a rel=\"nofollow noopener noreferrer\" data-shared=\"\" class=\"share-email sd-button share-icon no-text\" href=\"mailto:?subject=%5BGeteilter%20Beitrag%5D%20Spritfresser%20Autof%C3%A4hnchen&body=https%3A%2F%2Fwww.autogas-franken.de%2Fblog%2Findex.php%2Farchives%2Fauto-news%2F64-spritfresser-autofaehnchen.html&share=email\" target=\"_blank\" title=\"Klicken, um einem Freund einen Link per E-Mail zu senden\" data-email-share-error-title=\"Hast du E-Mail eingerichtet?\" data-email-share-error-text=\"Wenn du Probleme mit dem Teilen per E-Mail hast, ist E-Mail m\u00f6glicherweise nicht f\u00fcr deinen Browser eingerichtet. Du musst die neue E-Mail-Einrichtung m\u00f6glicherweise selbst vornehmen.\" data-email-share-nonce=\"7e9af89b06\" data-email-share-track-url=\"https:\/\/www.autogas-franken.de\/blog\/index.php\/archives\/auto-news\/64-spritfresser-autofaehnchen.html?share=email\"><span><\/span><span class=\"sharing-screen-reader-text\">Klicken, um einem Freund einen Link per E-Mail zu senden (Wird in neuem Fenster ge\u00f6ffnet)<\/span><\/a><\/li><li class=\"share-twitter\"><a rel=\"nofollow noopener noreferrer\" data-shared=\"sharing-twitter-64\" class=\"share-twitter sd-button share-icon no-text\" href=\"https:\/\/www.autogas-franken.de\/blog\/index.php\/archives\/auto-news\/64-spritfresser-autofaehnchen.html?share=twitter\" target=\"_blank\" title=\"Klick, um \u00fcber Twitter zu teilen\" ><span><\/span><span class=\"sharing-screen-reader-text\">Klick, um \u00fcber Twitter zu teilen (Wird in neuem Fenster ge\u00f6ffnet)<\/span><\/a><\/li><li class=\"share-jetpack-whatsapp\"><a rel=\"nofollow noopener noreferrer\" data-shared=\"\" class=\"share-jetpack-whatsapp sd-button share-icon no-text\" href=\"https:\/\/www.autogas-franken.de\/blog\/index.php\/archives\/auto-news\/64-spritfresser-autofaehnchen.html?share=jetpack-whatsapp\" target=\"_blank\" title=\"Klicken, um auf WhatsApp zu teilen\" ><span><\/span><span class=\"sharing-screen-reader-text\">Klicken, um auf WhatsApp zu teilen (Wird in neuem Fenster ge\u00f6ffnet)<\/span><\/a><\/li><li class=\"share-linkedin\"><a rel=\"nofollow noopener noreferrer\" data-shared=\"sharing-linkedin-64\" class=\"share-linkedin sd-button share-icon no-text\" href=\"https:\/\/www.autogas-franken.de\/blog\/index.php\/archives\/auto-news\/64-spritfresser-autofaehnchen.html?share=linkedin\" target=\"_blank\" title=\"Klick, um auf LinkedIn zu teilen\" ><span><\/span><span class=\"sharing-screen-reader-text\">Klick, um auf LinkedIn zu teilen (Wird in neuem Fenster ge\u00f6ffnet)<\/span><\/a><\/li><li class=\"share-reddit\"><a rel=\"nofollow noopener noreferrer\" data-shared=\"\" class=\"share-reddit sd-button share-icon no-text\" href=\"https:\/\/www.autogas-franken.de\/blog\/index.php\/archives\/auto-news\/64-spritfresser-autofaehnchen.html?share=reddit\" target=\"_blank\" title=\"Klick, um auf Reddit zu teilen\" ><span><\/span><span class=\"sharing-screen-reader-text\">Klick, um auf Reddit zu teilen (Wird in neuem Fenster ge\u00f6ffnet)<\/span><\/a><\/li><li class=\"share-tumblr\"><a rel=\"nofollow noopener noreferrer\" data-shared=\"\" class=\"share-tumblr sd-button share-icon no-text\" href=\"https:\/\/www.autogas-franken.de\/blog\/index.php\/archives\/auto-news\/64-spritfresser-autofaehnchen.html?share=tumblr\" target=\"_blank\" title=\"Klick, um auf Tumblr zu teilen\" ><span><\/span><span class=\"sharing-screen-reader-text\">Klick, um auf Tumblr zu teilen (Wird in neuem Fenster ge\u00f6ffnet)<\/span><\/a><\/li><li class=\"share-pinterest\"><a rel=\"nofollow noopener noreferrer\" data-shared=\"sharing-pinterest-64\" class=\"share-pinterest sd-button share-icon no-text\" href=\"https:\/\/www.autogas-franken.de\/blog\/index.php\/archives\/auto-news\/64-spritfresser-autofaehnchen.html?share=pinterest\" target=\"_blank\" title=\"Klick, um auf Pinterest zu teilen\" ><span><\/span><span class=\"sharing-screen-reader-text\">Klick, um auf Pinterest zu teilen (Wird in neuem Fenster ge\u00f6ffnet)<\/span><\/a><\/li><li class=\"share-telegram\"><a rel=\"nofollow noopener noreferrer\" data-shared=\"\" class=\"share-telegram sd-button share-icon no-text\" href=\"https:\/\/www.autogas-franken.de\/blog\/index.php\/archives\/auto-news\/64-spritfresser-autofaehnchen.html?share=telegram\" target=\"_blank\" title=\"Klicken, um auf Telegram zu teilen\" ><span><\/span><span class=\"sharing-screen-reader-text\">Klicken, um auf Telegram zu teilen (Wird in neuem Fenster ge\u00f6ffnet)<\/span><\/a><\/li><li class=\"share-pocket\"><a rel=\"nofollow noopener noreferrer\" data-shared=\"\" class=\"share-pocket sd-button share-icon no-text\" href=\"https:\/\/www.autogas-franken.de\/blog\/index.php\/archives\/auto-news\/64-spritfresser-autofaehnchen.html?share=pocket\" target=\"_blank\" title=\"Klick, um auf Pocket zu teilen\" ><span><\/span><span class=\"sharing-screen-reader-text\">Klick, um auf Pocket zu teilen (Wird in neuem Fenster ge\u00f6ffnet)<\/span><\/a><\/li><li class=\"share-skype\"><a rel=\"nofollow noopener noreferrer\" data-shared=\"sharing-skype-64\" class=\"share-skype sd-button share-icon no-text\" href=\"https:\/\/www.autogas-franken.de\/blog\/index.php\/archives\/auto-news\/64-spritfresser-autofaehnchen.html?share=skype\" target=\"_blank\" title=\"Klicken, um in Skype zu teilen\" ><span><\/span><span class=\"sharing-screen-reader-text\">Klicken, um in Skype zu teilen (Wird in neuem Fenster ge\u00f6ffnet)<\/span><\/a><\/li><li><a href=\"#\" class=\"sharing-anchor sd-button share-more\"><span>Mehr<\/span><\/a><\/li><li class=\"share-end\"><\/li><\/ul><div class=\"sharing-hidden\"><div class=\"inner\" style=\"display: none;width:150px;\"><ul style=\"background-image:none;\"><li class=\"share-facebook\"><a rel=\"nofollow noopener noreferrer\" data-shared=\"sharing-facebook-64\" class=\"share-facebook sd-button share-icon no-text\" href=\"https:\/\/www.autogas-franken.de\/blog\/index.php\/archives\/auto-news\/64-spritfresser-autofaehnchen.html?share=facebook\" target=\"_blank\" title=\"Klick, um auf Facebook zu teilen\" ><span><\/span><span class=\"sharing-screen-reader-text\">Klick, um auf Facebook zu teilen (Wird in neuem Fenster ge\u00f6ffnet)<\/span><\/a><\/li><li class=\"share-end\"><\/li><\/ul><\/div><\/div><\/div><\/div><\/div>","protected":false},"author":4,"featured_media":0,"comment_status":"open","ping_status":"open","sticky":false,"template":"","format":"standard","meta":{"jetpack_post_was_ever_published":false,"jetpack_publicize_message":"","jetpack_is_tweetstorm":false,"jetpack_publicize_feature_enabled":true},"categories":[6],"tags":[35],"jetpack_publicize_connections":[],"yoast_head":"<!-- This site is optimized with the Yoast SEO plugin v19.7.2 - https:\/\/yoast.com\/wordpress\/plugins\/seo\/ -->\n<title>Spritfresser Autof\u00e4hnchen - Autogas f\u00fcr Franken<\/title>\n<meta name=\"robots\" content=\"index, follow, max-snippet:-1, max-image-preview:large, max-video-preview:-1\" \/>\n<link rel=\"canonical\" href=\"https:\/\/www.autogas-franken.de\/blog\/index.php\/archives\/auto-news\/64-spritfresser-autofaehnchen.html\" \/>\n<meta property=\"og:locale\" content=\"de_DE\" \/>\n<meta property=\"og:type\" content=\"article\" \/>\n<meta property=\"og:title\" content=\"Spritfresser Autof\u00e4hnchen - Autogas f\u00fcr Franken\" \/>\n<meta property=\"og:description\" content=\"In ein paar Tagen geht sie los: Die Fussballeuropameisterschaft 2008 in der Schweiz und ich &Ouml;sterreich und auf den Strassen wird es schon wieder so&nbsp; bunt wie zur WM2006. Oder besser: schwarz-rot-goldener!! &nbsp; Auch im restlichen Europa zeigen die Autofahrer &hellip; Weiterlesen &rarr;\" \/>\n<meta property=\"og:url\" content=\"https:\/\/www.autogas-franken.de\/blog\/index.php\/archives\/auto-news\/64-spritfresser-autofaehnchen.html\" \/>\n<meta property=\"og:site_name\" content=\"Autogas f\u00fcr Franken\" \/>\n<meta property=\"article:published_time\" content=\"2008-05-28T15:38:09+00:00\" \/>\n<meta property=\"article:modified_time\" content=\"2008-05-28T16:59:51+00:00\" \/>\n<meta property=\"og:image\" content=\"https:\/\/autogas-franken.de\/blog\/wp-content\/uploads\/WM06_Deutschland_Nuernberg.jpg\" \/>\n<meta name=\"author\" content=\"Andreas Brandl\" \/>\n<meta name=\"twitter:card\" content=\"summary_large_image\" \/>\n<meta name=\"twitter:label1\" content=\"Verfasst von\" \/>\n\t<meta name=\"twitter:data1\" content=\"Andreas Brandl\" \/>\n\t<meta name=\"twitter:label2\" content=\"Gesch\u00e4tzte Lesezeit\" \/>\n\t<meta name=\"twitter:data2\" content=\"2\u00a0Minuten\" \/>\n<script type=\"application\/ld+json\" class=\"yoast-schema-graph\">{\"@context\":\"https:\/\/schema.org\",\"@graph\":[{\"@type\":\"WebPage\",\"@id\":\"https:\/\/www.autogas-franken.de\/blog\/index.php\/archives\/auto-news\/64-spritfresser-autofaehnchen.html\",\"url\":\"https:\/\/www.autogas-franken.de\/blog\/index.php\/archives\/auto-news\/64-spritfresser-autofaehnchen.html\",\"name\":\"Spritfresser Autof\u00e4hnchen - Autogas f\u00fcr Franken\",\"isPartOf\":{\"@id\":\"https:\/\/www.autogas-franken.de\/blog\/#website\"},\"datePublished\":\"2008-05-28T15:38:09+00:00\",\"dateModified\":\"2008-05-28T16:59:51+00:00\",\"author\":{\"@id\":\"https:\/\/www.autogas-franken.de\/blog\/#\/schema\/person\/36b3c83f7b1b0de84c9e9fd0808559e3\"},\"breadcrumb\":{\"@id\":\"https:\/\/www.autogas-franken.de\/blog\/index.php\/archives\/auto-news\/64-spritfresser-autofaehnchen.html#breadcrumb\"},\"inLanguage\":\"de\",\"potentialAction\":[{\"@type\":\"ReadAction\",\"target\":[\"https:\/\/www.autogas-franken.de\/blog\/index.php\/archives\/auto-news\/64-spritfresser-autofaehnchen.html\"]}]},{\"@type\":\"BreadcrumbList\",\"@id\":\"https:\/\/www.autogas-franken.de\/blog\/index.php\/archives\/auto-news\/64-spritfresser-autofaehnchen.html#breadcrumb\",\"itemListElement\":[{\"@type\":\"ListItem\",\"position\":1,\"name\":\"Startseite\",\"item\":\"https:\/\/www.autogas-franken.de\/blog\"},{\"@type\":\"ListItem\",\"position\":2,\"name\":\"Spritfresser Autof\u00e4hnchen\"}]},{\"@type\":\"WebSite\",\"@id\":\"https:\/\/www.autogas-franken.de\/blog\/#website\",\"url\":\"https:\/\/www.autogas-franken.de\/blog\/\",\"name\":\"Autogas f\u00fcr Franken\",\"description\":\"Erfahrungen mit den auf LPG umger\u00fcsteten Audi A3 und Skoda Oktavia\",\"potentialAction\":[{\"@type\":\"SearchAction\",\"target\":{\"@type\":\"EntryPoint\",\"urlTemplate\":\"https:\/\/www.autogas-franken.de\/blog\/?s={search_term_string}\"},\"query-input\":\"required name=search_term_string\"}],\"inLanguage\":\"de\"},{\"@type\":\"Person\",\"@id\":\"https:\/\/www.autogas-franken.de\/blog\/#\/schema\/person\/36b3c83f7b1b0de84c9e9fd0808559e3\",\"name\":\"Andreas Brandl\",\"image\":{\"@type\":\"ImageObject\",\"inLanguage\":\"de\",\"@id\":\"https:\/\/www.autogas-franken.de\/blog\/#\/schema\/person\/image\/\",\"url\":\"https:\/\/secure.gravatar.com\/avatar\/64afc4ffd14df9b18b8e0434d79253ad?s=96&d=mm&r=g\",\"contentUrl\":\"https:\/\/secure.gravatar.com\/avatar\/64afc4ffd14df9b18b8e0434d79253ad?s=96&d=mm&r=g\",\"caption\":\"Andreas Brandl\"},\"sameAs\":[\"https:\/\/www.autogas-franken.de\"],\"url\":\"https:\/\/www.autogas-franken.de\/blog\/index.php\/archives\/author\/andy\"}]}<\/script>\n<!-- \/ Yoast SEO plugin. -->","yoast_head_json":{"title":"Spritfresser Autof\u00e4hnchen - Autogas f\u00fcr Franken","robots":{"index":"index","follow":"follow","max-snippet":"max-snippet:-1","max-image-preview":"max-image-preview:large","max-video-preview":"max-video-preview:-1"},"canonical":"https:\/\/www.autogas-franken.de\/blog\/index.php\/archives\/auto-news\/64-spritfresser-autofaehnchen.html","og_locale":"de_DE","og_type":"article","og_title":"Spritfresser Autof\u00e4hnchen - Autogas f\u00fcr Franken","og_description":"In ein paar Tagen geht sie los: Die Fussballeuropameisterschaft 2008 in der Schweiz und ich &Ouml;sterreich und auf den Strassen wird es schon wieder so&nbsp; bunt wie zur WM2006. Oder besser: schwarz-rot-goldener!! &nbsp; Auch im restlichen Europa zeigen die Autofahrer &hellip; Weiterlesen &rarr;","og_url":"https:\/\/www.autogas-franken.de\/blog\/index.php\/archives\/auto-news\/64-spritfresser-autofaehnchen.html","og_site_name":"Autogas f\u00fcr Franken","article_published_time":"2008-05-28T15:38:09+00:00","article_modified_time":"2008-05-28T16:59:51+00:00","og_image":[{"url":"https:\/\/autogas-franken.de\/blog\/wp-content\/uploads\/WM06_Deutschland_Nuernberg.jpg"}],"author":"Andreas Brandl","twitter_card":"summary_large_image","twitter_misc":{"Verfasst von":"Andreas Brandl","Gesch\u00e4tzte Lesezeit":"2\u00a0Minuten"},"schema":{"@context":"https:\/\/schema.org","@graph":[{"@type":"WebPage","@id":"https:\/\/www.autogas-franken.de\/blog\/index.php\/archives\/auto-news\/64-spritfresser-autofaehnchen.html","url":"https:\/\/www.autogas-franken.de\/blog\/index.php\/archives\/auto-news\/64-spritfresser-autofaehnchen.html","name":"Spritfresser Autof\u00e4hnchen - Autogas f\u00fcr Franken","isPartOf":{"@id":"https:\/\/www.autogas-franken.de\/blog\/#website"},"datePublished":"2008-05-28T15:38:09+00:00","dateModified":"2008-05-28T16:59:51+00:00","author":{"@id":"https:\/\/www.autogas-franken.de\/blog\/#\/schema\/person\/36b3c83f7b1b0de84c9e9fd0808559e3"},"breadcrumb":{"@id":"https:\/\/www.autogas-franken.de\/blog\/index.php\/archives\/auto-news\/64-spritfresser-autofaehnchen.html#breadcrumb"},"inLanguage":"de","potentialAction":[{"@type":"ReadAction","target":["https:\/\/www.autogas-franken.de\/blog\/index.php\/archives\/auto-news\/64-spritfresser-autofaehnchen.html"]}]},{"@type":"BreadcrumbList","@id":"https:\/\/www.autogas-franken.de\/blog\/index.php\/archives\/auto-news\/64-spritfresser-autofaehnchen.html#breadcrumb","itemListElement":[{"@type":"ListItem","position":1,"name":"Startseite","item":"https:\/\/www.autogas-franken.de\/blog"},{"@type":"ListItem","position":2,"name":"Spritfresser Autof\u00e4hnchen"}]},{"@type":"WebSite","@id":"https:\/\/www.autogas-franken.de\/blog\/#website","url":"https:\/\/www.autogas-franken.de\/blog\/","name":"Autogas f\u00fcr Franken","description":"Erfahrungen mit den auf LPG umger\u00fcsteten Audi A3 und Skoda Oktavia","potentialAction":[{"@type":"SearchAction","target":{"@type":"EntryPoint","urlTemplate":"https:\/\/www.autogas-franken.de\/blog\/?s={search_term_string}"},"query-input":"required name=search_term_string"}],"inLanguage":"de"},{"@type":"Person","@id":"https:\/\/www.autogas-franken.de\/blog\/#\/schema\/person\/36b3c83f7b1b0de84c9e9fd0808559e3","name":"Andreas Brandl","image":{"@type":"ImageObject","inLanguage":"de","@id":"https:\/\/www.autogas-franken.de\/blog\/#\/schema\/person\/image\/","url":"https:\/\/secure.gravatar.com\/avatar\/64afc4ffd14df9b18b8e0434d79253ad?s=96&d=mm&r=g","contentUrl":"https:\/\/secure.gravatar.com\/avatar\/64afc4ffd14df9b18b8e0434d79253ad?s=96&d=mm&r=g","caption":"Andreas Brandl"},"sameAs":["https:\/\/www.autogas-franken.de"],"url":"https:\/\/www.autogas-franken.de\/blog\/index.php\/archives\/author\/andy"}]}},"jetpack_featured_media_url":"","jetpack_sharing_enabled":true,"jetpack_shortlink":"https:\/\/wp.me\/p7UynC-12","jetpack-related-posts":[{"id":13,"url":"https:\/\/www.autogas-franken.de\/blog\/index.php\/archives\/werkstatt\/13-motorfehler-und-werkstatt-findet-nix-2.html","url_meta":{"origin":64,"position":0},"title":"Motorfehler und Werkstatt findet nix (2)","date":"27. Oktober 2006","format":false,"excerpt":"7. Noch mal zum Umr\u00fcster 08.2006 Bevor ich ver\u00e4rgert \u00fcber die Audi-Jungs aus der N\u00fcrnberger S\u00fcdstadt zu einer anderen Werkstatt gehe, schau ich doch lieber noch mal bei meinem Umr\u00fcster vorbei! Dessen Jungs haben nach einem Tages-Check \"auch nix gefunden\" und meinten, dass das ja eh nichts mit der Gasanlage\u2026","rel":"","context":"In &quot;Werkstatt&quot;","img":{"alt_text":"","src":"","width":0,"height":0},"classes":[]},{"id":26,"url":"https:\/\/www.autogas-franken.de\/blog\/index.php\/archives\/auto-news\/26-15-liter-auf-100-km.html","url_meta":{"origin":64,"position":1},"title":"Loremo 1,5 Liter auf 100 km?","date":"24. Februar 2007","format":false,"excerpt":"W\u00e4re sch\u00f6n, wenn das mein Autogas-Auto schaffen w\u00fcrde! Aber nein, da wir uns in letzter Zeit sehr mit CO2-Aussto\u00df und der Tr\u00e4gheit der Deutschen Autoindustrie besch\u00e4ftigt haben, hat Boje nun den Silberstreif am Horizont gefunden: Das 1,5-Liter-Auto! Die Firma Loremo aus M\u00fcnchen (eigentlich wollte ich das b\u00f6se Wort hier nicht\u2026","rel":"","context":"In &quot;Auto-news&quot;","img":{"alt_text":"","src":"","width":0,"height":0},"classes":[]},{"id":43,"url":"https:\/\/www.autogas-franken.de\/blog\/index.php\/archives\/auto-news\/43-loremo-wird-in-dorsten-gefertigt.html","url_meta":{"origin":64,"position":2},"title":"Loremo wird in Dorsten gefertigt","date":"13. Oktober 2007","format":false,"excerpt":"Vor einiger Zeit wurde hier \u00fcber das neue 1,5-Liter-Auto, den Loremo berichtet. Seit 1993 hatte ein gewisser Herr Sommer bereits die Idee ein besonders spritsparendes Auto zu entwickeln und konnte dann in 2001 erstmal das Konzept auf der IAA pr\u00e4sentieren. Nun wird die Firma Loremo bereits ab 2009 den revolution\u00e4ren\u2026","rel":"","context":"In &quot;Auto-news&quot;","img":{"alt_text":"","src":"","width":0,"height":0},"classes":[]},{"id":42,"url":"https:\/\/www.autogas-franken.de\/blog\/index.php\/archives\/autogastankstellen\/42-autogas-tankstelle-hermsdorf.html","url_meta":{"origin":64,"position":3},"title":"Autogas-Tankstelle Hermsdorf","date":"30. September 2007","format":false,"excerpt":"Am vergangenen Wochenende konnte ich mich mal wieder als Gastankstellen-Tester beweisen. Ein Trip in den Osten Deutschlands stand an und da an der Autobahn A9 nach dem Hermsdorfer Kreuz erst wieder in Linthe eine Autogastanke an der Autobahn ist, musste ich also hier \"nachf\u00fcllen\". Diesmal hab ich mir die ausgesucht,\u2026","rel":"","context":"In &quot;Autogastankstellen&quot;","img":{"alt_text":"","src":"","width":0,"height":0},"classes":[]},{"id":52,"url":"https:\/\/www.autogas-franken.de\/blog\/index.php\/archives\/auto-news\/52-tata-nano-das-billigste-auto-der-welt.html","url_meta":{"origin":64,"position":4},"title":"Tata Nano &#8211; Das billigste Auto der Welt","date":"10. Januar 2008","format":false,"excerpt":"Das indische Unternehmen Tata dr\u00e4ngt mit einem revolution\u00e4ren Konzept auf den Automobil-Weltmarkt: Ein Auto, dass mit umgerechnet 1.700 Euro (2.500 Dollar) das billigste sein wird und somit f\u00fcr nahezu Jedermann erschwinglich sein wird! Der Markt der Luxuskarossen ist viel zu eng - also packen die Inder am anderen Ende an.\u2026","rel":"","context":"In &quot;Auto-news&quot;","img":{"alt_text":"","src":"","width":0,"height":0},"classes":[]},{"id":72,"url":"https:\/\/www.autogas-franken.de\/blog\/index.php\/archives\/co2\/72-adac-eco-test-spitzenplaetze-fuer-gas.html","url_meta":{"origin":64,"position":5},"title":"ADAC Eco-Test: Spitzenpl\u00e4tze f\u00fcr Gas","date":"31. Oktober 2008","format":false,"excerpt":"J\u00e4hrlich testet der ADAC in seinem Eco-Test rund 700 Automodelle und ver\u00f6ffentlicht pr\u00e4zise Daten zu Schadstoffausstoss wie \"Ru\u00df und Kohlenwasserstoffe (CO2)\". In \"wirklichkeitsnahen Fahrzyklen\" werden diese Werte ermittelt (Autobahnfahrten, Fahrten mit eingeschalteter Klimaanlage, etc.) und sollen die Autoindustrie fordern Umweltfreundliche Autos zu entwickeln. Sieger wurde auch in diesem Jahr wieder\u2026","rel":"","context":"In &quot;CO2&quot;","img":{"alt_text":"","src":"","width":0,"height":0},"classes":[]}],"_links":{"self":[{"href":"https:\/\/www.autogas-franken.de\/blog\/index.php\/wp-json\/wp\/v2\/posts\/64"}],"collection":[{"href":"https:\/\/www.autogas-franken.de\/blog\/index.php\/wp-json\/wp\/v2\/posts"}],"about":[{"href":"https:\/\/www.autogas-franken.de\/blog\/index.php\/wp-json\/wp\/v2\/types\/post"}],"author":[{"embeddable":true,"href":"https:\/\/www.autogas-franken.de\/blog\/index.php\/wp-json\/wp\/v2\/users\/4"}],"replies":[{"embeddable":true,"href":"https:\/\/www.autogas-franken.de\/blog\/index.php\/wp-json\/wp\/v2\/comments?post=64"}],"version-history":[{"count":0,"href":"https:\/\/www.autogas-franken.de\/blog\/index.php\/wp-json\/wp\/v2\/posts\/64\/revisions"}],"wp:attachment":[{"href":"https:\/\/www.autogas-franken.de\/blog\/index.php\/wp-json\/wp\/v2\/media?parent=64"}],"wp:term":[{"taxonomy":"category","embeddable":true,"href":"https:\/\/www.autogas-franken.de\/blog\/index.php\/wp-json\/wp\/v2\/categories?post=64"},{"taxonomy":"post_tag","embeddable":true,"href":"https:\/\/www.autogas-franken.de\/blog\/index.php\/wp-json\/wp\/v2\/tags?post=64"}],"curies":[{"name":"wp","href":"https:\/\/api.w.org\/{rel}","templated":true}]}}