{"id":61,"date":"2008-03-20T15:53:00","date_gmt":"2008-03-20T14:53:00","guid":{"rendered":"http:\/\/autogas-franken.de\/blog\/index.php\/archives\/co2\/61-autovermieteruebergreifend-suchen.html"},"modified":"2009-11-11T21:28:19","modified_gmt":"2009-11-11T20:28:19","slug":"autovermieteruebergreifend-suchen","status":"publish","type":"post","link":"https:\/\/www.autogas-franken.de\/blog\/index.php\/archives\/co2\/61-autovermieteruebergreifend-suchen.html","title":{"rendered":"Autovermieter\u00fcbergreifend suchen"},"content":{"rendered":"<p>[<a rel=\"nofollow\" href=\"http:\/\/www.trigami.com?blog=https:\/\/autogas-franken.de\/blog\" target=\"_blank\">Trigami-Review<\/a>]<script src=\"http:\/\/s.trigami.com\/58257s.js\"><\/script> Wer kennt das nicht: Man freut sich auf den <strong>Urlaub <\/strong>und hat beim Buchen drauf geachtet, dass man mit <strong>Rail&amp;Fly <\/strong>direkt zum Flughafen Frankfurt fahren kann. Da f\u00e4llt dem Reiseveranstalter pl\u00f6tzlich ein, den Flug vorzuverlegen. Als Urlauber hat man nun nur die M\u00f6glichkeit am Abend vorher anzureisen und am Flughafen stundenlang rumzusitzen, oder ein <strong>Auto zu mieten<\/strong>!<\/p>\n<p>So ist das uns passiert! Also ab in die <strong>Internet-Suchmaschine<\/strong>: Hier gibt es ja sehr viele <strong>Autovermieter<\/strong>. Doch sind die gro\u00dfen, die man ganz oben findet, auch g\u00fcnstig? Man m\u00fcsste sich schon \u00fcberall ein Angebot erstellen lassen und diese dann vergleichen, um einen <strong>\u00dcberblick <\/strong>zu erhalten&#8230;. aber wer macht das schon?<\/p>\n<p><a rel=\"nofollow\" href=\"http:\/\/www.mietwagen-auskunft.de\/\" target=\"_blank\"><img src=\"https:\/\/i0.wp.com\/www.trigami.com\/img\/customers\/580-mietwagen.jpg?w=640\" alt=\"\" data-recalc-dims=\"1\" \/><\/a><\/p>\n<p>Hier kommt nun \u201e<a rel=\"nofollow\" href=\"http:\/\/www.mietwagen-auskunft.de\/\" target=\"_blank\">Mietwagen Auskunft &#8211; Preisvergleich f\u00fcr g\u00fcnstige Leihwagen<\/a>\u201c ins Spiel. Im Schnitt spart man hier pro <strong>Leihwagenbuchung <\/strong>ca. 42,50 Euro, selbstverst\u00e4ndlich von seri\u00f6sen und renommierten Autovermietungen: z.B. Mietwagen-Broker wie <strong>Holiday Autos<\/strong> oder <strong>Sunny Cars<\/strong>, die wiederum in engen Kooperationen mit Autovermietungen wie <strong>Hertz<\/strong>, <strong>Europcar<\/strong>, <strong>Sixt <\/strong>oder <strong>Avis <\/strong>stehen.<!--more--><\/p>\n<p><strong>Der globale Kohlenstoffdioxid-Aussto\u00df<\/strong><\/p>\n<p>&#8220;Klimakatastrophe&#8221; ist das Wort des Jahres 2007! Und da ist es nicht von ungef\u00e4hr an der Zeit, auf den <strong>CO2-Aussto\u00df<\/strong> zu achten. Was die Fluggesellschaften mit den angebotenen <a rel=\"nofollow\" href=\"https:\/\/autogas-franken.de\/blog\/index.php\/archives\/co2\/27-co2-emissionsrechner-fuer-fluege.html\" target=\"_blank\">CO2-Emissionsrechnern<\/a> vorgemacht haben, bietet nun mietwagen-auskunft.de auch f\u00fcr PKWs in Zusammenarbeit mit <strong>Naturefund<\/strong>, Wiesbaden an. Ein spezieller <a rel=\"nofollow\" href=\"https:\/\/autogas-franken.de\/blog\/index.php\/archives\/allgemein\/24-wieviel-co2-stosse-ich-aus.html\" target=\"_blank\">CO2-Rechner<\/a> gibt einem Auskunft dar\u00fcber, wie viel Baumpflanzungen man f\u00fcr ein reines Gewissen in Auftrag geben m\u00fcsste. Zus\u00e4tzlich pflanzt<strong> mietwagen-auskunft.de<\/strong> f\u00fcr jeden <strong>10. vermittelten Mietwagen<\/strong> einen Baum, um den Aussto\u00df auch auf diesem Weg nachhaltig zu neutralisieren.<\/p>\n<p><strong>Wo wird der Baum gepflanzt?<\/strong><\/p>\n<p>Am Rande des gr\u00f6\u00dften, noch zusammenh\u00e4ngenden <strong>Regenwaldes <\/strong>in Mittelamerika, der in den letzten Jahrhunderten bis auf wenige Reste vernichtet wurde. Ein letztes gro\u00dfes Waldgebiet von ca. 10.000 Quadratkilometer erstreckt sich vom S\u00fcdosten <strong>Honduras\u2019 <\/strong>bis nach <strong>Nicaragua<\/strong>. Der Grund warum ausgerechnet dort, ist zum Einen, dass dort eben freie Fl\u00e4chen vorhanden sind, was in <strong>Deutschland <\/strong>ja nicht unbedingt der Fall ist.<\/p>\n<p>Zum Anderen, dass die CO2-Absorption in den Tropen h\u00f6her liegt: In <strong>Mitteleuropa <\/strong>kann ein Baum durchschnittlich etwa 10 kg CO2 pro Jahr aufnehmen \u2013 f\u00fcr die aufgeforsteten <strong>Laubb\u00e4ume <\/strong>in Honduras rechnet man pro Baum mit ca. 30 kg CO2 pro Jahr (Grundlage: United Nation Framework for Climate Change Convention &#8211; UNFCCC). Das liegt unter anderem daran, dass die B\u00e4ume hier wesentlich schneller wachsen als in Europa.<\/p>\n<p><strong>Rechner ohne Autogas<\/strong><\/p>\n<p>Mit dem CO2-Rechner von <strong>Naturefund <\/strong>errechnete ich schlie\u00dflich noch, wie viel Kilogramm CO2 ich mit meinem Auto pro Jahr erzeuge: Durch meinen langen Arbeitsweg h\u00e4ufe ich sage und schreibe 9280 kg CO2 an und m\u00fcsste pro Jahr ganze 16 B\u00e4ume pflanzen&#8230; wenn ich mit Benzin fahren w\u00fcrde!<\/p>\n<p>Als Berechnungs-Grundlage werden n\u00e4mlich die Daten vom <strong>Bundesministerium f\u00fcr Umwelt, Naturschutz und Reaktorsicherheit <\/strong>(BMU) genommen, wonach ein PKW durchschnittlich pro Liter Benzin 2,32 kg CO2 erzeugt (Diesel 2,63 kg und pro kg Erdgas 2,23 kg) \u2013 <strong>Autogas <\/strong>ist bei der Berechnung nicht dabei!<\/p>\n<p><strong>Seitennutzung<\/strong><\/p>\n<p>Betrachnten wir noch die Funktionalit\u00e4ten von <strong>mietwagen-auskunft.de<\/strong>, f\u00e4llt neben der fehlenden <strong>Autogas-Option<\/strong> kaum etwas negatives aufgefallen. Die Seite ist klassisch praktisch programmiert, man muss sich also kaum umstellen, um sich zurecht zu finden. Einzig bei <strong>autoeurope.de<\/strong> wurden die unterschiedlichen Angaben bei \u201eAnmietstation\u201c und \u201eR\u00fcckgabestation\u201c nicht \u00fcbernommen.<\/p>\n<p>Alles in allem ist das eine<strong> Mietwagen-Suchmaschine<\/strong>, auf die ich bestimmt wieder zur\u00fcckkommen werde.<\/p>\n<div class=\"sharedaddy sd-sharing-enabled\"><div class=\"robots-nocontent sd-block sd-social sd-social-icon sd-sharing\"><h3 class=\"sd-title\">Share this:<\/h3><div class=\"sd-content\"><ul><li class=\"share-print\"><a rel=\"nofollow noopener noreferrer\" data-shared=\"\" class=\"share-print sd-button share-icon no-text\" href=\"https:\/\/www.autogas-franken.de\/blog\/index.php\/archives\/co2\/61-autovermieteruebergreifend-suchen.html\" target=\"_blank\" title=\"Klicken zum Ausdrucken\" ><span><\/span><span class=\"sharing-screen-reader-text\">Klicken zum Ausdrucken (Wird in neuem Fenster ge\u00f6ffnet)<\/span><\/a><\/li><li class=\"share-email\"><a rel=\"nofollow noopener noreferrer\" data-shared=\"\" class=\"share-email sd-button share-icon no-text\" href=\"mailto:?subject=%5BGeteilter%20Beitrag%5D%20Autovermieter%C3%BCbergreifend%20suchen&body=https%3A%2F%2Fwww.autogas-franken.de%2Fblog%2Findex.php%2Farchives%2Fco2%2F61-autovermieteruebergreifend-suchen.html&share=email\" target=\"_blank\" title=\"Klicken, um einem Freund einen Link per E-Mail zu senden\" data-email-share-error-title=\"Hast du E-Mail eingerichtet?\" data-email-share-error-text=\"Wenn du Probleme mit dem Teilen per E-Mail hast, ist E-Mail m\u00f6glicherweise nicht f\u00fcr deinen Browser eingerichtet. Du musst die neue E-Mail-Einrichtung m\u00f6glicherweise selbst vornehmen.\" data-email-share-nonce=\"2a4023c4fe\" data-email-share-track-url=\"https:\/\/www.autogas-franken.de\/blog\/index.php\/archives\/co2\/61-autovermieteruebergreifend-suchen.html?share=email\"><span><\/span><span class=\"sharing-screen-reader-text\">Klicken, um einem Freund einen Link per E-Mail zu senden (Wird in neuem Fenster ge\u00f6ffnet)<\/span><\/a><\/li><li class=\"share-twitter\"><a rel=\"nofollow noopener noreferrer\" data-shared=\"sharing-twitter-61\" class=\"share-twitter sd-button share-icon no-text\" href=\"https:\/\/www.autogas-franken.de\/blog\/index.php\/archives\/co2\/61-autovermieteruebergreifend-suchen.html?share=twitter\" target=\"_blank\" title=\"Klick, um \u00fcber Twitter zu teilen\" ><span><\/span><span class=\"sharing-screen-reader-text\">Klick, um \u00fcber Twitter zu teilen (Wird in neuem Fenster ge\u00f6ffnet)<\/span><\/a><\/li><li class=\"share-jetpack-whatsapp\"><a rel=\"nofollow noopener noreferrer\" data-shared=\"\" class=\"share-jetpack-whatsapp sd-button share-icon no-text\" href=\"https:\/\/www.autogas-franken.de\/blog\/index.php\/archives\/co2\/61-autovermieteruebergreifend-suchen.html?share=jetpack-whatsapp\" target=\"_blank\" title=\"Klicken, um auf WhatsApp zu teilen\" ><span><\/span><span class=\"sharing-screen-reader-text\">Klicken, um auf WhatsApp zu teilen (Wird in neuem Fenster ge\u00f6ffnet)<\/span><\/a><\/li><li class=\"share-linkedin\"><a rel=\"nofollow noopener noreferrer\" data-shared=\"sharing-linkedin-61\" class=\"share-linkedin sd-button share-icon no-text\" href=\"https:\/\/www.autogas-franken.de\/blog\/index.php\/archives\/co2\/61-autovermieteruebergreifend-suchen.html?share=linkedin\" target=\"_blank\" title=\"Klick, um auf LinkedIn zu teilen\" ><span><\/span><span class=\"sharing-screen-reader-text\">Klick, um auf LinkedIn zu teilen (Wird in neuem Fenster ge\u00f6ffnet)<\/span><\/a><\/li><li class=\"share-reddit\"><a rel=\"nofollow noopener noreferrer\" data-shared=\"\" class=\"share-reddit sd-button share-icon no-text\" href=\"https:\/\/www.autogas-franken.de\/blog\/index.php\/archives\/co2\/61-autovermieteruebergreifend-suchen.html?share=reddit\" target=\"_blank\" title=\"Klick, um auf Reddit zu teilen\" ><span><\/span><span class=\"sharing-screen-reader-text\">Klick, um auf Reddit zu teilen (Wird in neuem Fenster ge\u00f6ffnet)<\/span><\/a><\/li><li class=\"share-tumblr\"><a rel=\"nofollow noopener noreferrer\" data-shared=\"\" class=\"share-tumblr sd-button share-icon no-text\" href=\"https:\/\/www.autogas-franken.de\/blog\/index.php\/archives\/co2\/61-autovermieteruebergreifend-suchen.html?share=tumblr\" target=\"_blank\" title=\"Klick, um auf Tumblr zu teilen\" ><span><\/span><span class=\"sharing-screen-reader-text\">Klick, um auf Tumblr zu teilen (Wird in neuem Fenster ge\u00f6ffnet)<\/span><\/a><\/li><li class=\"share-pinterest\"><a rel=\"nofollow noopener noreferrer\" data-shared=\"sharing-pinterest-61\" class=\"share-pinterest sd-button share-icon no-text\" href=\"https:\/\/www.autogas-franken.de\/blog\/index.php\/archives\/co2\/61-autovermieteruebergreifend-suchen.html?share=pinterest\" target=\"_blank\" title=\"Klick, um auf Pinterest zu teilen\" ><span><\/span><span class=\"sharing-screen-reader-text\">Klick, um auf Pinterest zu teilen (Wird in neuem Fenster ge\u00f6ffnet)<\/span><\/a><\/li><li class=\"share-telegram\"><a rel=\"nofollow noopener noreferrer\" data-shared=\"\" class=\"share-telegram sd-button share-icon no-text\" href=\"https:\/\/www.autogas-franken.de\/blog\/index.php\/archives\/co2\/61-autovermieteruebergreifend-suchen.html?share=telegram\" target=\"_blank\" title=\"Klicken, um auf Telegram zu teilen\" ><span><\/span><span class=\"sharing-screen-reader-text\">Klicken, um auf Telegram zu teilen (Wird in neuem Fenster ge\u00f6ffnet)<\/span><\/a><\/li><li class=\"share-pocket\"><a rel=\"nofollow noopener noreferrer\" data-shared=\"\" class=\"share-pocket sd-button share-icon no-text\" href=\"https:\/\/www.autogas-franken.de\/blog\/index.php\/archives\/co2\/61-autovermieteruebergreifend-suchen.html?share=pocket\" target=\"_blank\" title=\"Klick, um auf Pocket zu teilen\" ><span><\/span><span class=\"sharing-screen-reader-text\">Klick, um auf Pocket zu teilen (Wird in neuem Fenster ge\u00f6ffnet)<\/span><\/a><\/li><li class=\"share-skype\"><a rel=\"nofollow noopener noreferrer\" data-shared=\"sharing-skype-61\" class=\"share-skype sd-button share-icon no-text\" href=\"https:\/\/www.autogas-franken.de\/blog\/index.php\/archives\/co2\/61-autovermieteruebergreifend-suchen.html?share=skype\" target=\"_blank\" title=\"Klicken, um in Skype zu teilen\" ><span><\/span><span class=\"sharing-screen-reader-text\">Klicken, um in Skype zu teilen (Wird in neuem Fenster ge\u00f6ffnet)<\/span><\/a><\/li><li><a href=\"#\" class=\"sharing-anchor sd-button share-more\"><span>Mehr<\/span><\/a><\/li><li class=\"share-end\"><\/li><\/ul><div class=\"sharing-hidden\"><div class=\"inner\" style=\"display: none;width:150px;\"><ul style=\"background-image:none;\"><li class=\"share-facebook\"><a rel=\"nofollow noopener noreferrer\" data-shared=\"sharing-facebook-61\" class=\"share-facebook sd-button share-icon no-text\" href=\"https:\/\/www.autogas-franken.de\/blog\/index.php\/archives\/co2\/61-autovermieteruebergreifend-suchen.html?share=facebook\" target=\"_blank\" title=\"Klick, um auf Facebook zu teilen\" ><span><\/span><span class=\"sharing-screen-reader-text\">Klick, um auf Facebook zu teilen (Wird in neuem Fenster ge\u00f6ffnet)<\/span><\/a><\/li><li class=\"share-end\"><\/li><\/ul><\/div><\/div><\/div><\/div><\/div>","protected":false},"excerpt":{"rendered":"<p>[Trigami-Review] Wer kennt das nicht: Man freut sich auf den Urlaub und hat beim Buchen drauf geachtet, dass man mit Rail&amp;Fly direkt zum Flughafen Frankfurt fahren kann. Da f\u00e4llt dem Reiseveranstalter pl\u00f6tzlich ein, den Flug vorzuverlegen. Als Urlauber hat man &hellip; <a href=\"https:\/\/www.autogas-franken.de\/blog\/index.php\/archives\/co2\/61-autovermieteruebergreifend-suchen.html\">Weiterlesen <span class=\"meta-nav\">&rarr;<\/span><\/a><\/p>\n<div class=\"sharedaddy sd-sharing-enabled\"><div class=\"robots-nocontent sd-block sd-social sd-social-icon sd-sharing\"><h3 class=\"sd-title\">Share this:<\/h3><div class=\"sd-content\"><ul><li class=\"share-print\"><a rel=\"nofollow noopener noreferrer\" data-shared=\"\" class=\"share-print sd-button share-icon no-text\" href=\"https:\/\/www.autogas-franken.de\/blog\/index.php\/archives\/co2\/61-autovermieteruebergreifend-suchen.html\" target=\"_blank\" title=\"Klicken zum Ausdrucken\" ><span><\/span><span class=\"sharing-screen-reader-text\">Klicken zum Ausdrucken (Wird in neuem Fenster ge\u00f6ffnet)<\/span><\/a><\/li><li class=\"share-email\"><a rel=\"nofollow noopener noreferrer\" data-shared=\"\" class=\"share-email sd-button share-icon no-text\" href=\"mailto:?subject=%5BGeteilter%20Beitrag%5D%20Autovermieter%C3%BCbergreifend%20suchen&body=https%3A%2F%2Fwww.autogas-franken.de%2Fblog%2Findex.php%2Farchives%2Fco2%2F61-autovermieteruebergreifend-suchen.html&share=email\" target=\"_blank\" title=\"Klicken, um einem Freund einen Link per E-Mail zu senden\" data-email-share-error-title=\"Hast du E-Mail eingerichtet?\" data-email-share-error-text=\"Wenn du Probleme mit dem Teilen per E-Mail hast, ist E-Mail m\u00f6glicherweise nicht f\u00fcr deinen Browser eingerichtet. Du musst die neue E-Mail-Einrichtung m\u00f6glicherweise selbst vornehmen.\" data-email-share-nonce=\"2a4023c4fe\" data-email-share-track-url=\"https:\/\/www.autogas-franken.de\/blog\/index.php\/archives\/co2\/61-autovermieteruebergreifend-suchen.html?share=email\"><span><\/span><span class=\"sharing-screen-reader-text\">Klicken, um einem Freund einen Link per E-Mail zu senden (Wird in neuem Fenster ge\u00f6ffnet)<\/span><\/a><\/li><li class=\"share-twitter\"><a rel=\"nofollow noopener noreferrer\" data-shared=\"sharing-twitter-61\" class=\"share-twitter sd-button share-icon no-text\" href=\"https:\/\/www.autogas-franken.de\/blog\/index.php\/archives\/co2\/61-autovermieteruebergreifend-suchen.html?share=twitter\" target=\"_blank\" title=\"Klick, um \u00fcber Twitter zu teilen\" ><span><\/span><span class=\"sharing-screen-reader-text\">Klick, um \u00fcber Twitter zu teilen (Wird in neuem Fenster ge\u00f6ffnet)<\/span><\/a><\/li><li class=\"share-jetpack-whatsapp\"><a rel=\"nofollow noopener noreferrer\" data-shared=\"\" class=\"share-jetpack-whatsapp sd-button share-icon no-text\" href=\"https:\/\/www.autogas-franken.de\/blog\/index.php\/archives\/co2\/61-autovermieteruebergreifend-suchen.html?share=jetpack-whatsapp\" target=\"_blank\" title=\"Klicken, um auf WhatsApp zu teilen\" ><span><\/span><span class=\"sharing-screen-reader-text\">Klicken, um auf WhatsApp zu teilen (Wird in neuem Fenster ge\u00f6ffnet)<\/span><\/a><\/li><li class=\"share-linkedin\"><a rel=\"nofollow noopener noreferrer\" data-shared=\"sharing-linkedin-61\" class=\"share-linkedin sd-button share-icon no-text\" href=\"https:\/\/www.autogas-franken.de\/blog\/index.php\/archives\/co2\/61-autovermieteruebergreifend-suchen.html?share=linkedin\" target=\"_blank\" title=\"Klick, um auf LinkedIn zu teilen\" ><span><\/span><span class=\"sharing-screen-reader-text\">Klick, um auf LinkedIn zu teilen (Wird in neuem Fenster ge\u00f6ffnet)<\/span><\/a><\/li><li class=\"share-reddit\"><a rel=\"nofollow noopener noreferrer\" data-shared=\"\" class=\"share-reddit sd-button share-icon no-text\" href=\"https:\/\/www.autogas-franken.de\/blog\/index.php\/archives\/co2\/61-autovermieteruebergreifend-suchen.html?share=reddit\" target=\"_blank\" title=\"Klick, um auf Reddit zu teilen\" ><span><\/span><span class=\"sharing-screen-reader-text\">Klick, um auf Reddit zu teilen (Wird in neuem Fenster ge\u00f6ffnet)<\/span><\/a><\/li><li class=\"share-tumblr\"><a rel=\"nofollow noopener noreferrer\" data-shared=\"\" class=\"share-tumblr sd-button share-icon no-text\" href=\"https:\/\/www.autogas-franken.de\/blog\/index.php\/archives\/co2\/61-autovermieteruebergreifend-suchen.html?share=tumblr\" target=\"_blank\" title=\"Klick, um auf Tumblr zu teilen\" ><span><\/span><span class=\"sharing-screen-reader-text\">Klick, um auf Tumblr zu teilen (Wird in neuem Fenster ge\u00f6ffnet)<\/span><\/a><\/li><li class=\"share-pinterest\"><a rel=\"nofollow noopener noreferrer\" data-shared=\"sharing-pinterest-61\" class=\"share-pinterest sd-button share-icon no-text\" href=\"https:\/\/www.autogas-franken.de\/blog\/index.php\/archives\/co2\/61-autovermieteruebergreifend-suchen.html?share=pinterest\" target=\"_blank\" title=\"Klick, um auf Pinterest zu teilen\" ><span><\/span><span class=\"sharing-screen-reader-text\">Klick, um auf Pinterest zu teilen (Wird in neuem Fenster ge\u00f6ffnet)<\/span><\/a><\/li><li class=\"share-telegram\"><a rel=\"nofollow noopener noreferrer\" data-shared=\"\" class=\"share-telegram sd-button share-icon no-text\" href=\"https:\/\/www.autogas-franken.de\/blog\/index.php\/archives\/co2\/61-autovermieteruebergreifend-suchen.html?share=telegram\" target=\"_blank\" title=\"Klicken, um auf Telegram zu teilen\" ><span><\/span><span class=\"sharing-screen-reader-text\">Klicken, um auf Telegram zu teilen (Wird in neuem Fenster ge\u00f6ffnet)<\/span><\/a><\/li><li class=\"share-pocket\"><a rel=\"nofollow noopener noreferrer\" data-shared=\"\" class=\"share-pocket sd-button share-icon no-text\" href=\"https:\/\/www.autogas-franken.de\/blog\/index.php\/archives\/co2\/61-autovermieteruebergreifend-suchen.html?share=pocket\" target=\"_blank\" title=\"Klick, um auf Pocket zu teilen\" ><span><\/span><span class=\"sharing-screen-reader-text\">Klick, um auf Pocket zu teilen (Wird in neuem Fenster ge\u00f6ffnet)<\/span><\/a><\/li><li class=\"share-skype\"><a rel=\"nofollow noopener noreferrer\" data-shared=\"sharing-skype-61\" class=\"share-skype sd-button share-icon no-text\" href=\"https:\/\/www.autogas-franken.de\/blog\/index.php\/archives\/co2\/61-autovermieteruebergreifend-suchen.html?share=skype\" target=\"_blank\" title=\"Klicken, um in Skype zu teilen\" ><span><\/span><span class=\"sharing-screen-reader-text\">Klicken, um in Skype zu teilen (Wird in neuem Fenster ge\u00f6ffnet)<\/span><\/a><\/li><li><a href=\"#\" class=\"sharing-anchor sd-button share-more\"><span>Mehr<\/span><\/a><\/li><li class=\"share-end\"><\/li><\/ul><div class=\"sharing-hidden\"><div class=\"inner\" style=\"display: none;width:150px;\"><ul style=\"background-image:none;\"><li class=\"share-facebook\"><a rel=\"nofollow noopener noreferrer\" data-shared=\"sharing-facebook-61\" class=\"share-facebook sd-button share-icon no-text\" href=\"https:\/\/www.autogas-franken.de\/blog\/index.php\/archives\/co2\/61-autovermieteruebergreifend-suchen.html?share=facebook\" target=\"_blank\" title=\"Klick, um auf Facebook zu teilen\" ><span><\/span><span class=\"sharing-screen-reader-text\">Klick, um auf Facebook zu teilen (Wird in neuem Fenster ge\u00f6ffnet)<\/span><\/a><\/li><li class=\"share-end\"><\/li><\/ul><\/div><\/div><\/div><\/div><\/div>","protected":false},"author":4,"featured_media":0,"comment_status":"open","ping_status":"open","sticky":false,"template":"","format":"standard","meta":{"jetpack_post_was_ever_published":false,"jetpack_publicize_message":"","jetpack_is_tweetstorm":false,"jetpack_publicize_feature_enabled":true},"categories":[7],"tags":[84],"jetpack_publicize_connections":[],"yoast_head":"<!-- This site is optimized with the Yoast SEO plugin v19.7.2 - https:\/\/yoast.com\/wordpress\/plugins\/seo\/ -->\n<title>Autovermieter\u00fcbergreifend suchen - Autogas f\u00fcr Franken<\/title>\n<meta name=\"robots\" content=\"index, follow, max-snippet:-1, max-image-preview:large, max-video-preview:-1\" \/>\n<link rel=\"canonical\" href=\"https:\/\/www.autogas-franken.de\/blog\/index.php\/archives\/co2\/61-autovermieteruebergreifend-suchen.html\" \/>\n<meta property=\"og:locale\" content=\"de_DE\" \/>\n<meta property=\"og:type\" content=\"article\" \/>\n<meta property=\"og:title\" content=\"Autovermieter\u00fcbergreifend suchen - Autogas f\u00fcr Franken\" \/>\n<meta property=\"og:description\" content=\"[Trigami-Review] Wer kennt das nicht: Man freut sich auf den Urlaub und hat beim Buchen drauf geachtet, dass man mit Rail&amp;Fly direkt zum Flughafen Frankfurt fahren kann. Da f\u00e4llt dem Reiseveranstalter pl\u00f6tzlich ein, den Flug vorzuverlegen. Als Urlauber hat man &hellip; Weiterlesen &rarr;\" \/>\n<meta property=\"og:url\" content=\"https:\/\/www.autogas-franken.de\/blog\/index.php\/archives\/co2\/61-autovermieteruebergreifend-suchen.html\" \/>\n<meta property=\"og:site_name\" content=\"Autogas f\u00fcr Franken\" \/>\n<meta property=\"article:published_time\" content=\"2008-03-20T14:53:00+00:00\" \/>\n<meta property=\"article:modified_time\" content=\"2009-11-11T20:28:19+00:00\" \/>\n<meta property=\"og:image\" content=\"http:\/\/www.trigami.com\/img\/customers\/580-mietwagen.jpg\" \/>\n<meta name=\"author\" content=\"Andreas Brandl\" \/>\n<meta name=\"twitter:card\" content=\"summary_large_image\" \/>\n<meta name=\"twitter:label1\" content=\"Verfasst von\" \/>\n\t<meta name=\"twitter:data1\" content=\"Andreas Brandl\" \/>\n\t<meta name=\"twitter:label2\" content=\"Gesch\u00e4tzte Lesezeit\" \/>\n\t<meta name=\"twitter:data2\" content=\"3\u00a0Minuten\" \/>\n<script type=\"application\/ld+json\" class=\"yoast-schema-graph\">{\"@context\":\"https:\/\/schema.org\",\"@graph\":[{\"@type\":\"WebPage\",\"@id\":\"https:\/\/www.autogas-franken.de\/blog\/index.php\/archives\/co2\/61-autovermieteruebergreifend-suchen.html\",\"url\":\"https:\/\/www.autogas-franken.de\/blog\/index.php\/archives\/co2\/61-autovermieteruebergreifend-suchen.html\",\"name\":\"Autovermieter\u00fcbergreifend suchen - Autogas f\u00fcr Franken\",\"isPartOf\":{\"@id\":\"https:\/\/www.autogas-franken.de\/blog\/#website\"},\"datePublished\":\"2008-03-20T14:53:00+00:00\",\"dateModified\":\"2009-11-11T20:28:19+00:00\",\"author\":{\"@id\":\"https:\/\/www.autogas-franken.de\/blog\/#\/schema\/person\/36b3c83f7b1b0de84c9e9fd0808559e3\"},\"breadcrumb\":{\"@id\":\"https:\/\/www.autogas-franken.de\/blog\/index.php\/archives\/co2\/61-autovermieteruebergreifend-suchen.html#breadcrumb\"},\"inLanguage\":\"de\",\"potentialAction\":[{\"@type\":\"ReadAction\",\"target\":[\"https:\/\/www.autogas-franken.de\/blog\/index.php\/archives\/co2\/61-autovermieteruebergreifend-suchen.html\"]}]},{\"@type\":\"BreadcrumbList\",\"@id\":\"https:\/\/www.autogas-franken.de\/blog\/index.php\/archives\/co2\/61-autovermieteruebergreifend-suchen.html#breadcrumb\",\"itemListElement\":[{\"@type\":\"ListItem\",\"position\":1,\"name\":\"Startseite\",\"item\":\"https:\/\/www.autogas-franken.de\/blog\"},{\"@type\":\"ListItem\",\"position\":2,\"name\":\"Autovermieter\u00fcbergreifend suchen\"}]},{\"@type\":\"WebSite\",\"@id\":\"https:\/\/www.autogas-franken.de\/blog\/#website\",\"url\":\"https:\/\/www.autogas-franken.de\/blog\/\",\"name\":\"Autogas f\u00fcr Franken\",\"description\":\"Erfahrungen mit den auf LPG umger\u00fcsteten Audi A3 und Skoda Oktavia\",\"potentialAction\":[{\"@type\":\"SearchAction\",\"target\":{\"@type\":\"EntryPoint\",\"urlTemplate\":\"https:\/\/www.autogas-franken.de\/blog\/?s={search_term_string}\"},\"query-input\":\"required name=search_term_string\"}],\"inLanguage\":\"de\"},{\"@type\":\"Person\",\"@id\":\"https:\/\/www.autogas-franken.de\/blog\/#\/schema\/person\/36b3c83f7b1b0de84c9e9fd0808559e3\",\"name\":\"Andreas Brandl\",\"image\":{\"@type\":\"ImageObject\",\"inLanguage\":\"de\",\"@id\":\"https:\/\/www.autogas-franken.de\/blog\/#\/schema\/person\/image\/\",\"url\":\"https:\/\/secure.gravatar.com\/avatar\/64afc4ffd14df9b18b8e0434d79253ad?s=96&d=mm&r=g\",\"contentUrl\":\"https:\/\/secure.gravatar.com\/avatar\/64afc4ffd14df9b18b8e0434d79253ad?s=96&d=mm&r=g\",\"caption\":\"Andreas Brandl\"},\"sameAs\":[\"https:\/\/www.autogas-franken.de\"],\"url\":\"https:\/\/www.autogas-franken.de\/blog\/index.php\/archives\/author\/andy\"}]}<\/script>\n<!-- \/ Yoast SEO plugin. -->","yoast_head_json":{"title":"Autovermieter\u00fcbergreifend suchen - Autogas f\u00fcr Franken","robots":{"index":"index","follow":"follow","max-snippet":"max-snippet:-1","max-image-preview":"max-image-preview:large","max-video-preview":"max-video-preview:-1"},"canonical":"https:\/\/www.autogas-franken.de\/blog\/index.php\/archives\/co2\/61-autovermieteruebergreifend-suchen.html","og_locale":"de_DE","og_type":"article","og_title":"Autovermieter\u00fcbergreifend suchen - Autogas f\u00fcr Franken","og_description":"[Trigami-Review] Wer kennt das nicht: Man freut sich auf den Urlaub und hat beim Buchen drauf geachtet, dass man mit Rail&amp;Fly direkt zum Flughafen Frankfurt fahren kann. Da f\u00e4llt dem Reiseveranstalter pl\u00f6tzlich ein, den Flug vorzuverlegen. Als Urlauber hat man &hellip; Weiterlesen &rarr;","og_url":"https:\/\/www.autogas-franken.de\/blog\/index.php\/archives\/co2\/61-autovermieteruebergreifend-suchen.html","og_site_name":"Autogas f\u00fcr Franken","article_published_time":"2008-03-20T14:53:00+00:00","article_modified_time":"2009-11-11T20:28:19+00:00","og_image":[{"url":"http:\/\/www.trigami.com\/img\/customers\/580-mietwagen.jpg"}],"author":"Andreas Brandl","twitter_card":"summary_large_image","twitter_misc":{"Verfasst von":"Andreas Brandl","Gesch\u00e4tzte Lesezeit":"3\u00a0Minuten"},"schema":{"@context":"https:\/\/schema.org","@graph":[{"@type":"WebPage","@id":"https:\/\/www.autogas-franken.de\/blog\/index.php\/archives\/co2\/61-autovermieteruebergreifend-suchen.html","url":"https:\/\/www.autogas-franken.de\/blog\/index.php\/archives\/co2\/61-autovermieteruebergreifend-suchen.html","name":"Autovermieter\u00fcbergreifend suchen - Autogas f\u00fcr Franken","isPartOf":{"@id":"https:\/\/www.autogas-franken.de\/blog\/#website"},"datePublished":"2008-03-20T14:53:00+00:00","dateModified":"2009-11-11T20:28:19+00:00","author":{"@id":"https:\/\/www.autogas-franken.de\/blog\/#\/schema\/person\/36b3c83f7b1b0de84c9e9fd0808559e3"},"breadcrumb":{"@id":"https:\/\/www.autogas-franken.de\/blog\/index.php\/archives\/co2\/61-autovermieteruebergreifend-suchen.html#breadcrumb"},"inLanguage":"de","potentialAction":[{"@type":"ReadAction","target":["https:\/\/www.autogas-franken.de\/blog\/index.php\/archives\/co2\/61-autovermieteruebergreifend-suchen.html"]}]},{"@type":"BreadcrumbList","@id":"https:\/\/www.autogas-franken.de\/blog\/index.php\/archives\/co2\/61-autovermieteruebergreifend-suchen.html#breadcrumb","itemListElement":[{"@type":"ListItem","position":1,"name":"Startseite","item":"https:\/\/www.autogas-franken.de\/blog"},{"@type":"ListItem","position":2,"name":"Autovermieter\u00fcbergreifend suchen"}]},{"@type":"WebSite","@id":"https:\/\/www.autogas-franken.de\/blog\/#website","url":"https:\/\/www.autogas-franken.de\/blog\/","name":"Autogas f\u00fcr Franken","description":"Erfahrungen mit den auf LPG umger\u00fcsteten Audi A3 und Skoda Oktavia","potentialAction":[{"@type":"SearchAction","target":{"@type":"EntryPoint","urlTemplate":"https:\/\/www.autogas-franken.de\/blog\/?s={search_term_string}"},"query-input":"required name=search_term_string"}],"inLanguage":"de"},{"@type":"Person","@id":"https:\/\/www.autogas-franken.de\/blog\/#\/schema\/person\/36b3c83f7b1b0de84c9e9fd0808559e3","name":"Andreas Brandl","image":{"@type":"ImageObject","inLanguage":"de","@id":"https:\/\/www.autogas-franken.de\/blog\/#\/schema\/person\/image\/","url":"https:\/\/secure.gravatar.com\/avatar\/64afc4ffd14df9b18b8e0434d79253ad?s=96&d=mm&r=g","contentUrl":"https:\/\/secure.gravatar.com\/avatar\/64afc4ffd14df9b18b8e0434d79253ad?s=96&d=mm&r=g","caption":"Andreas Brandl"},"sameAs":["https:\/\/www.autogas-franken.de"],"url":"https:\/\/www.autogas-franken.de\/blog\/index.php\/archives\/author\/andy"}]}},"jetpack_featured_media_url":"","jetpack_sharing_enabled":true,"jetpack_shortlink":"https:\/\/wp.me\/p7UynC-Z","jetpack-related-posts":[{"id":179,"url":"https:\/\/www.autogas-franken.de\/blog\/index.php\/archives\/auto-news\/179-fiat-punto-evo-mit-10-codes-zum-gluck.html","url_meta":{"origin":61,"position":0},"title":"Fiat Punto Evo: Mit 10 Codes zum Gl\u00fcck","date":"19. November 2009","format":false,"excerpt":"[Trigami-Review] So klein ist die Welt: Vor ein paar Tagen noch mit der Frau zusammen den neuen Fiat Punto Evo angeschaut und ein paar Tage sp\u00e4ter flattert dieser Auftrag ins Haus: Fiat scheint nun endg\u00fcltig von seinem Image, was auf die Abk\u00fcrzung abzielte weg zu kommen. Mit hochwertigen Materialien und\u2026","rel":"","context":"In &quot;Auto-news&quot;","img":{"alt_text":"","src":"","width":0,"height":0},"classes":[]},{"id":154,"url":"https:\/\/www.autogas-franken.de\/blog\/index.php\/archives\/auto-news\/154-firmenauto-des-jahres-2009-seat-exeost.html","url_meta":{"origin":61,"position":1},"title":"Firmenauto des Jahres 2009: SEAT ExeoST","date":"11. November 2009","format":false,"excerpt":"[Trigami-Review]Das Firmenauto des Jahres 2009 in der Mittelklasse-Importbewertung! Ich wusste gar nicht, dass es diese Unterteilung \u00fcberhaupt gibt. Aber nichtsdestotrotz geht diese Auszeichnung im Jahre 2009 an SEAT, die mit der Einf\u00fchrung des Kombis SEAT Exeo ST einen Vorsto\u00df in ein Automobilsegment wagen, dass sich nicht nur durch hervorragende Verarbeitungsqualit\u00e4t,\u2026","rel":"","context":"In &quot;Auto-news&quot;","img":{"alt_text":"","src":"","width":0,"height":0},"classes":[]},{"id":230,"url":"https:\/\/www.autogas-franken.de\/blog\/index.php\/archives\/auto-news\/230-fiat500-spart-jetzt-mit-diesel-technik.html","url_meta":{"origin":61,"position":2},"title":"Fiat500 spart jetzt mit DIESEL-Technik","date":"15. August 2007","format":false,"excerpt":"[Trigami-Anzeige] Denkt man an Italien, so sieht man immer enge Gassen, \u00fcppige Obstst\u00e4nde, gem\u00fctliche Mamis und attraktive S\u00fcdl\u00e4nder vor sich. Was an diesem \u201etutto italiano\u201c-Blick nicht fehlen darf, sind die typischen Gef\u00e4hrte wie Roller und Fiat 500. Wer nun diese mediterrane Lebensfreude am liebsten im t\u00e4glichen Leben um sich haben\u2026","rel":"","context":"In &quot;Auto-news&quot;","img":{"alt_text":"","src":"","width":0,"height":0},"classes":[]},{"id":58,"url":"https:\/\/www.autogas-franken.de\/blog\/index.php\/archives\/auto-news\/58-bidgo-autogas-im-blut.html","url_meta":{"origin":61,"position":3},"title":"Bidgo &#8211; Autogas im Blut?","date":"13. Februar 2008","format":false,"excerpt":"[Trigami-Review] Heute geht es um ein Projekt aus Franken, n\u00e4mlich einer Aschaffenburger Firma: Bidgo.de! Eine Webseite f\u00fcr automobile Enthusiasten! Wenn man zum ersten Mal auf die Seite kommt erkennt man keinen gro\u00dfen Unterschied zu den anderen Kfz-B\u00f6rsen. Der einzige Unterschied der mir ins Auge stach, war das sog. \u201eAuto-Wiki\u201c, einer\u2026","rel":"","context":"In &quot;Auto-news&quot;","img":{"alt_text":"","src":"","width":0,"height":0},"classes":[]},{"id":250,"url":"https:\/\/www.autogas-franken.de\/blog\/index.php\/archives\/allgemein\/250-reise-nach-las-vegas-gewinnen.html","url_meta":{"origin":61,"position":4},"title":"Reise nach Las Vegas gewinnen","date":"20. November 2009","format":false,"excerpt":"[Trigami-Review]\"Viva Las Vegas turning day into night time turning night into daytime, If you see it once you'll never be the same again\" sang Elvis Presley 1964 und es ist heute noch so! Las Vegas ist ein riesengro\u00dfer Rummelplatz auf dem die Show und das Gl\u00fccksspiel einfach alles ist, umrahmt\u2026","rel":"","context":"In &quot;Allgemein&quot;","img":{"alt_text":"","src":"","width":0,"height":0},"classes":[]},{"id":381,"url":"https:\/\/www.autogas-franken.de\/blog\/index.php\/archives\/autogas-news\/381-petition-kein-auslaufen-des-autogas-steuervorteils-schon-2018.html","url_meta":{"origin":61,"position":5},"title":"Petition: Kein Auslaufen des Autogas-Steuervorteils schon 2018","date":"31. Januar 2017","format":false,"excerpt":"Erst der\u00a0g\u00fcnstige Preis des\u00a0Fl\u00fcssiggas macht diesen klimafreundlichen Kraftstoff trotz der hohen Umr\u00fcst-Kosten nutzbar. Doch damit k\u00f6nnte nun Schluss sein, denn der Bund plant die Steuerbeg\u00fcnstigung von LPG statt 2021 schon 2018 aufzuheben!\u00a0Scheinbar versucht\u00a0Finanzminister Wolfgang Sch\u00e4uble (CDU) dadurch bis zu eine Milliarde Euro einzusparen, sendet damit aber gerade heute das falsche\u2026","rel":"","context":"In &quot;Autogas-news&quot;","img":{"alt_text":"","src":"","width":0,"height":0},"classes":[]}],"_links":{"self":[{"href":"https:\/\/www.autogas-franken.de\/blog\/index.php\/wp-json\/wp\/v2\/posts\/61"}],"collection":[{"href":"https:\/\/www.autogas-franken.de\/blog\/index.php\/wp-json\/wp\/v2\/posts"}],"about":[{"href":"https:\/\/www.autogas-franken.de\/blog\/index.php\/wp-json\/wp\/v2\/types\/post"}],"author":[{"embeddable":true,"href":"https:\/\/www.autogas-franken.de\/blog\/index.php\/wp-json\/wp\/v2\/users\/4"}],"replies":[{"embeddable":true,"href":"https:\/\/www.autogas-franken.de\/blog\/index.php\/wp-json\/wp\/v2\/comments?post=61"}],"version-history":[{"count":1,"href":"https:\/\/www.autogas-franken.de\/blog\/index.php\/wp-json\/wp\/v2\/posts\/61\/revisions"}],"predecessor-version":[{"id":155,"href":"https:\/\/www.autogas-franken.de\/blog\/index.php\/wp-json\/wp\/v2\/posts\/61\/revisions\/155"}],"wp:attachment":[{"href":"https:\/\/www.autogas-franken.de\/blog\/index.php\/wp-json\/wp\/v2\/media?parent=61"}],"wp:term":[{"taxonomy":"category","embeddable":true,"href":"https:\/\/www.autogas-franken.de\/blog\/index.php\/wp-json\/wp\/v2\/categories?post=61"},{"taxonomy":"post_tag","embeddable":true,"href":"https:\/\/www.autogas-franken.de\/blog\/index.php\/wp-json\/wp\/v2\/tags?post=61"}],"curies":[{"name":"wp","href":"https:\/\/api.w.org\/{rel}","templated":true}]}}