{"id":54,"date":"2008-01-22T21:42:00","date_gmt":"2008-01-22T20:42:00","guid":{"rendered":"http:\/\/autogas-franken.de\/blog\/index.php\/archives\/auto-news\/54-neue-daimler-technik-diesotto-motor.html"},"modified":"2008-01-22T21:42:00","modified_gmt":"2008-01-22T20:42:00","slug":"neue-daimler-technik-diesotto-motor","status":"publish","type":"post","link":"https:\/\/www.autogas-franken.de\/blog\/index.php\/archives\/auto-news\/54-neue-daimler-technik-diesotto-motor.html","title":{"rendered":"Neue Daimler-Technik: Diesotto-Motor"},"content":{"rendered":"<p>Daimler will mit einer Mischung aus <strong>Bezin-Motor<\/strong> (<a href=\"http:\/\/de.wikipedia.org\/wiki\/Ottomotor\" target=\"_blank\">Otto-Motor<\/a>) und <strong>Diesel-Motor <\/strong>innerhalb der n&auml;chsten 10 Jahre nur noch diese eine Art von Verbrennungsmotor anbieten. Bei dieser &quot;<a href=\"http:\/\/de.wikipedia.org\/wiki\/Diesotto-Motor\" target=\"_blank\" title=\"Wikipedia\">Neusch&ouml;pfung<\/a>&quot; soll die Effizienz des Diesels mit der Sauberkeit des Benziners &quot;gekreuzt&quot; werden.<\/p>\n<p>F&uuml;r diese Innovation bekamen die Schwaben bereits den &bdquo;<a href=\"http:\/\/www.autocar.co.uk\/News\/NewsArticle\/AllCars\/229150\/\" target=\"_blank\" title=\"Safety and Technology Award\">Safety and Technology-Award<\/a>&rdquo; der britischen <strong>Fachzeitschrift Autocar<\/strong>, denn die neuartige Technologie soll zu einem Treibstoffverbrauch <strong>unter 6 Liter\/100km<\/strong> und zu einer <strong>drastischen Reduzierung<\/strong> der <a href=\"https:\/\/autogas-franken.de\/blog\/index.php\/archives\/allgemein\/24-wieviel-co2-stosse-ich-aus.html\" target=\"_blank\" title=\"Wieviel CO2 stosse ich aus?\">CO2-Emissionen<\/a> f&uuml;hren &#8211;&nbsp; ohne dass dabei der Fahrspa&szlig; oder der Komfort leiden m&uuml;ssen.<\/p>\n<p><strong>Mehr Infos bei<\/strong><\/p>\n<ul>\n<li>Das Autoblog &#8211; <a href=\"http:\/\/www.dasautoblog.com\/2007\/12\/daimler-will-mi.html\" target=\"_blank\">Daimler will mit dem DiesOtto in die Offensive gehen<\/a><\/li>\n<li>Markus Jordan &#8211; <a href=\"http:\/\/www.markus-jordan.de\/blog\/index.php\/2007\/12\/07\/diesotto-erhaelt-safety-and-technology-award\/\" target=\"_blank\">DIESOTTO erh&auml;lt &bdquo;Safety and Technology-Award&rdquo;<\/a><\/li>\n<\/ul>\n<div class=\"sharedaddy sd-sharing-enabled\"><div class=\"robots-nocontent sd-block sd-social sd-social-icon sd-sharing\"><h3 class=\"sd-title\">Share this:<\/h3><div class=\"sd-content\"><ul><li class=\"share-print\"><a rel=\"nofollow noopener noreferrer\" data-shared=\"\" class=\"share-print sd-button share-icon no-text\" href=\"https:\/\/www.autogas-franken.de\/blog\/index.php\/archives\/auto-news\/54-neue-daimler-technik-diesotto-motor.html\" target=\"_blank\" title=\"Klicken zum Ausdrucken\" ><span><\/span><span class=\"sharing-screen-reader-text\">Klicken zum Ausdrucken (Wird in neuem Fenster ge\u00f6ffnet)<\/span><\/a><\/li><li class=\"share-email\"><a rel=\"nofollow noopener noreferrer\" data-shared=\"\" class=\"share-email sd-button share-icon no-text\" href=\"mailto:?subject=%5BGeteilter%20Beitrag%5D%20Neue%20Daimler-Technik%3A%20Diesotto-Motor&body=https%3A%2F%2Fwww.autogas-franken.de%2Fblog%2Findex.php%2Farchives%2Fauto-news%2F54-neue-daimler-technik-diesotto-motor.html&share=email\" target=\"_blank\" title=\"Klicken, um einem Freund einen Link per E-Mail zu senden\" data-email-share-error-title=\"Hast du E-Mail eingerichtet?\" data-email-share-error-text=\"Wenn du Probleme mit dem Teilen per E-Mail hast, ist E-Mail m\u00f6glicherweise nicht f\u00fcr deinen Browser eingerichtet. Du musst die neue E-Mail-Einrichtung m\u00f6glicherweise selbst vornehmen.\" data-email-share-nonce=\"60ca1c2eb3\" data-email-share-track-url=\"https:\/\/www.autogas-franken.de\/blog\/index.php\/archives\/auto-news\/54-neue-daimler-technik-diesotto-motor.html?share=email\"><span><\/span><span class=\"sharing-screen-reader-text\">Klicken, um einem Freund einen Link per E-Mail zu senden (Wird in neuem Fenster ge\u00f6ffnet)<\/span><\/a><\/li><li class=\"share-twitter\"><a rel=\"nofollow noopener noreferrer\" data-shared=\"sharing-twitter-54\" class=\"share-twitter sd-button share-icon no-text\" href=\"https:\/\/www.autogas-franken.de\/blog\/index.php\/archives\/auto-news\/54-neue-daimler-technik-diesotto-motor.html?share=twitter\" target=\"_blank\" title=\"Klick, um \u00fcber Twitter zu teilen\" ><span><\/span><span class=\"sharing-screen-reader-text\">Klick, um \u00fcber Twitter zu teilen (Wird in neuem Fenster ge\u00f6ffnet)<\/span><\/a><\/li><li class=\"share-jetpack-whatsapp\"><a rel=\"nofollow noopener noreferrer\" data-shared=\"\" class=\"share-jetpack-whatsapp sd-button share-icon no-text\" href=\"https:\/\/www.autogas-franken.de\/blog\/index.php\/archives\/auto-news\/54-neue-daimler-technik-diesotto-motor.html?share=jetpack-whatsapp\" target=\"_blank\" title=\"Klicken, um auf WhatsApp zu teilen\" ><span><\/span><span class=\"sharing-screen-reader-text\">Klicken, um auf WhatsApp zu teilen (Wird in neuem Fenster ge\u00f6ffnet)<\/span><\/a><\/li><li class=\"share-linkedin\"><a rel=\"nofollow noopener noreferrer\" data-shared=\"sharing-linkedin-54\" class=\"share-linkedin sd-button share-icon no-text\" href=\"https:\/\/www.autogas-franken.de\/blog\/index.php\/archives\/auto-news\/54-neue-daimler-technik-diesotto-motor.html?share=linkedin\" target=\"_blank\" title=\"Klick, um auf LinkedIn zu teilen\" ><span><\/span><span class=\"sharing-screen-reader-text\">Klick, um auf LinkedIn zu teilen (Wird in neuem Fenster ge\u00f6ffnet)<\/span><\/a><\/li><li class=\"share-reddit\"><a rel=\"nofollow noopener noreferrer\" data-shared=\"\" class=\"share-reddit sd-button share-icon no-text\" href=\"https:\/\/www.autogas-franken.de\/blog\/index.php\/archives\/auto-news\/54-neue-daimler-technik-diesotto-motor.html?share=reddit\" target=\"_blank\" title=\"Klick, um auf Reddit zu teilen\" ><span><\/span><span class=\"sharing-screen-reader-text\">Klick, um auf Reddit zu teilen (Wird in neuem Fenster ge\u00f6ffnet)<\/span><\/a><\/li><li class=\"share-tumblr\"><a rel=\"nofollow noopener noreferrer\" data-shared=\"\" class=\"share-tumblr sd-button share-icon no-text\" href=\"https:\/\/www.autogas-franken.de\/blog\/index.php\/archives\/auto-news\/54-neue-daimler-technik-diesotto-motor.html?share=tumblr\" target=\"_blank\" title=\"Klick, um auf Tumblr zu teilen\" ><span><\/span><span class=\"sharing-screen-reader-text\">Klick, um auf Tumblr zu teilen (Wird in neuem Fenster ge\u00f6ffnet)<\/span><\/a><\/li><li class=\"share-pinterest\"><a rel=\"nofollow noopener noreferrer\" data-shared=\"sharing-pinterest-54\" class=\"share-pinterest sd-button share-icon no-text\" href=\"https:\/\/www.autogas-franken.de\/blog\/index.php\/archives\/auto-news\/54-neue-daimler-technik-diesotto-motor.html?share=pinterest\" target=\"_blank\" title=\"Klick, um auf Pinterest zu teilen\" ><span><\/span><span class=\"sharing-screen-reader-text\">Klick, um auf Pinterest zu teilen (Wird in neuem Fenster ge\u00f6ffnet)<\/span><\/a><\/li><li class=\"share-telegram\"><a rel=\"nofollow noopener noreferrer\" data-shared=\"\" class=\"share-telegram sd-button share-icon no-text\" href=\"https:\/\/www.autogas-franken.de\/blog\/index.php\/archives\/auto-news\/54-neue-daimler-technik-diesotto-motor.html?share=telegram\" target=\"_blank\" title=\"Klicken, um auf Telegram zu teilen\" ><span><\/span><span class=\"sharing-screen-reader-text\">Klicken, um auf Telegram zu teilen (Wird in neuem Fenster ge\u00f6ffnet)<\/span><\/a><\/li><li class=\"share-pocket\"><a rel=\"nofollow noopener noreferrer\" data-shared=\"\" class=\"share-pocket sd-button share-icon no-text\" href=\"https:\/\/www.autogas-franken.de\/blog\/index.php\/archives\/auto-news\/54-neue-daimler-technik-diesotto-motor.html?share=pocket\" target=\"_blank\" title=\"Klick, um auf Pocket zu teilen\" ><span><\/span><span class=\"sharing-screen-reader-text\">Klick, um auf Pocket zu teilen (Wird in neuem Fenster ge\u00f6ffnet)<\/span><\/a><\/li><li class=\"share-skype\"><a rel=\"nofollow noopener noreferrer\" data-shared=\"sharing-skype-54\" class=\"share-skype sd-button share-icon no-text\" href=\"https:\/\/www.autogas-franken.de\/blog\/index.php\/archives\/auto-news\/54-neue-daimler-technik-diesotto-motor.html?share=skype\" target=\"_blank\" title=\"Klicken, um in Skype zu teilen\" ><span><\/span><span class=\"sharing-screen-reader-text\">Klicken, um in Skype zu teilen (Wird in neuem Fenster ge\u00f6ffnet)<\/span><\/a><\/li><li><a href=\"#\" class=\"sharing-anchor sd-button share-more\"><span>Mehr<\/span><\/a><\/li><li class=\"share-end\"><\/li><\/ul><div class=\"sharing-hidden\"><div class=\"inner\" style=\"display: none;width:150px;\"><ul style=\"background-image:none;\"><li class=\"share-facebook\"><a rel=\"nofollow noopener noreferrer\" data-shared=\"sharing-facebook-54\" class=\"share-facebook sd-button share-icon no-text\" href=\"https:\/\/www.autogas-franken.de\/blog\/index.php\/archives\/auto-news\/54-neue-daimler-technik-diesotto-motor.html?share=facebook\" target=\"_blank\" title=\"Klick, um auf Facebook zu teilen\" ><span><\/span><span class=\"sharing-screen-reader-text\">Klick, um auf Facebook zu teilen (Wird in neuem Fenster ge\u00f6ffnet)<\/span><\/a><\/li><li class=\"share-end\"><\/li><\/ul><\/div><\/div><\/div><\/div><\/div>","protected":false},"excerpt":{"rendered":"<p>Daimler will mit einer Mischung aus Bezin-Motor (Otto-Motor) und Diesel-Motor innerhalb der n&auml;chsten 10 Jahre nur noch diese eine Art von Verbrennungsmotor anbieten. Bei dieser &quot;Neusch&ouml;pfung&quot; soll die Effizienz des Diesels mit der Sauberkeit des Benziners &quot;gekreuzt&quot; werden. F&uuml;r diese &hellip; <a href=\"https:\/\/www.autogas-franken.de\/blog\/index.php\/archives\/auto-news\/54-neue-daimler-technik-diesotto-motor.html\">Weiterlesen <span class=\"meta-nav\">&rarr;<\/span><\/a><\/p>\n<div class=\"sharedaddy sd-sharing-enabled\"><div class=\"robots-nocontent sd-block sd-social sd-social-icon sd-sharing\"><h3 class=\"sd-title\">Share this:<\/h3><div class=\"sd-content\"><ul><li class=\"share-print\"><a rel=\"nofollow noopener noreferrer\" data-shared=\"\" class=\"share-print sd-button share-icon no-text\" href=\"https:\/\/www.autogas-franken.de\/blog\/index.php\/archives\/auto-news\/54-neue-daimler-technik-diesotto-motor.html\" target=\"_blank\" title=\"Klicken zum Ausdrucken\" ><span><\/span><span class=\"sharing-screen-reader-text\">Klicken zum Ausdrucken (Wird in neuem Fenster ge\u00f6ffnet)<\/span><\/a><\/li><li class=\"share-email\"><a rel=\"nofollow noopener noreferrer\" data-shared=\"\" class=\"share-email sd-button share-icon no-text\" href=\"mailto:?subject=%5BGeteilter%20Beitrag%5D%20Neue%20Daimler-Technik%3A%20Diesotto-Motor&body=https%3A%2F%2Fwww.autogas-franken.de%2Fblog%2Findex.php%2Farchives%2Fauto-news%2F54-neue-daimler-technik-diesotto-motor.html&share=email\" target=\"_blank\" title=\"Klicken, um einem Freund einen Link per E-Mail zu senden\" data-email-share-error-title=\"Hast du E-Mail eingerichtet?\" data-email-share-error-text=\"Wenn du Probleme mit dem Teilen per E-Mail hast, ist E-Mail m\u00f6glicherweise nicht f\u00fcr deinen Browser eingerichtet. Du musst die neue E-Mail-Einrichtung m\u00f6glicherweise selbst vornehmen.\" data-email-share-nonce=\"60ca1c2eb3\" data-email-share-track-url=\"https:\/\/www.autogas-franken.de\/blog\/index.php\/archives\/auto-news\/54-neue-daimler-technik-diesotto-motor.html?share=email\"><span><\/span><span class=\"sharing-screen-reader-text\">Klicken, um einem Freund einen Link per E-Mail zu senden (Wird in neuem Fenster ge\u00f6ffnet)<\/span><\/a><\/li><li class=\"share-twitter\"><a rel=\"nofollow noopener noreferrer\" data-shared=\"sharing-twitter-54\" class=\"share-twitter sd-button share-icon no-text\" href=\"https:\/\/www.autogas-franken.de\/blog\/index.php\/archives\/auto-news\/54-neue-daimler-technik-diesotto-motor.html?share=twitter\" target=\"_blank\" title=\"Klick, um \u00fcber Twitter zu teilen\" ><span><\/span><span class=\"sharing-screen-reader-text\">Klick, um \u00fcber Twitter zu teilen (Wird in neuem Fenster ge\u00f6ffnet)<\/span><\/a><\/li><li class=\"share-jetpack-whatsapp\"><a rel=\"nofollow noopener noreferrer\" data-shared=\"\" class=\"share-jetpack-whatsapp sd-button share-icon no-text\" href=\"https:\/\/www.autogas-franken.de\/blog\/index.php\/archives\/auto-news\/54-neue-daimler-technik-diesotto-motor.html?share=jetpack-whatsapp\" target=\"_blank\" title=\"Klicken, um auf WhatsApp zu teilen\" ><span><\/span><span class=\"sharing-screen-reader-text\">Klicken, um auf WhatsApp zu teilen (Wird in neuem Fenster ge\u00f6ffnet)<\/span><\/a><\/li><li class=\"share-linkedin\"><a rel=\"nofollow noopener noreferrer\" data-shared=\"sharing-linkedin-54\" class=\"share-linkedin sd-button share-icon no-text\" href=\"https:\/\/www.autogas-franken.de\/blog\/index.php\/archives\/auto-news\/54-neue-daimler-technik-diesotto-motor.html?share=linkedin\" target=\"_blank\" title=\"Klick, um auf LinkedIn zu teilen\" ><span><\/span><span class=\"sharing-screen-reader-text\">Klick, um auf LinkedIn zu teilen (Wird in neuem Fenster ge\u00f6ffnet)<\/span><\/a><\/li><li class=\"share-reddit\"><a rel=\"nofollow noopener noreferrer\" data-shared=\"\" class=\"share-reddit sd-button share-icon no-text\" href=\"https:\/\/www.autogas-franken.de\/blog\/index.php\/archives\/auto-news\/54-neue-daimler-technik-diesotto-motor.html?share=reddit\" target=\"_blank\" title=\"Klick, um auf Reddit zu teilen\" ><span><\/span><span class=\"sharing-screen-reader-text\">Klick, um auf Reddit zu teilen (Wird in neuem Fenster ge\u00f6ffnet)<\/span><\/a><\/li><li class=\"share-tumblr\"><a rel=\"nofollow noopener noreferrer\" data-shared=\"\" class=\"share-tumblr sd-button share-icon no-text\" href=\"https:\/\/www.autogas-franken.de\/blog\/index.php\/archives\/auto-news\/54-neue-daimler-technik-diesotto-motor.html?share=tumblr\" target=\"_blank\" title=\"Klick, um auf Tumblr zu teilen\" ><span><\/span><span class=\"sharing-screen-reader-text\">Klick, um auf Tumblr zu teilen (Wird in neuem Fenster ge\u00f6ffnet)<\/span><\/a><\/li><li class=\"share-pinterest\"><a rel=\"nofollow noopener noreferrer\" data-shared=\"sharing-pinterest-54\" class=\"share-pinterest sd-button share-icon no-text\" href=\"https:\/\/www.autogas-franken.de\/blog\/index.php\/archives\/auto-news\/54-neue-daimler-technik-diesotto-motor.html?share=pinterest\" target=\"_blank\" title=\"Klick, um auf Pinterest zu teilen\" ><span><\/span><span class=\"sharing-screen-reader-text\">Klick, um auf Pinterest zu teilen (Wird in neuem Fenster ge\u00f6ffnet)<\/span><\/a><\/li><li class=\"share-telegram\"><a rel=\"nofollow noopener noreferrer\" data-shared=\"\" class=\"share-telegram sd-button share-icon no-text\" href=\"https:\/\/www.autogas-franken.de\/blog\/index.php\/archives\/auto-news\/54-neue-daimler-technik-diesotto-motor.html?share=telegram\" target=\"_blank\" title=\"Klicken, um auf Telegram zu teilen\" ><span><\/span><span class=\"sharing-screen-reader-text\">Klicken, um auf Telegram zu teilen (Wird in neuem Fenster ge\u00f6ffnet)<\/span><\/a><\/li><li class=\"share-pocket\"><a rel=\"nofollow noopener noreferrer\" data-shared=\"\" class=\"share-pocket sd-button share-icon no-text\" href=\"https:\/\/www.autogas-franken.de\/blog\/index.php\/archives\/auto-news\/54-neue-daimler-technik-diesotto-motor.html?share=pocket\" target=\"_blank\" title=\"Klick, um auf Pocket zu teilen\" ><span><\/span><span class=\"sharing-screen-reader-text\">Klick, um auf Pocket zu teilen (Wird in neuem Fenster ge\u00f6ffnet)<\/span><\/a><\/li><li class=\"share-skype\"><a rel=\"nofollow noopener noreferrer\" data-shared=\"sharing-skype-54\" class=\"share-skype sd-button share-icon no-text\" href=\"https:\/\/www.autogas-franken.de\/blog\/index.php\/archives\/auto-news\/54-neue-daimler-technik-diesotto-motor.html?share=skype\" target=\"_blank\" title=\"Klicken, um in Skype zu teilen\" ><span><\/span><span class=\"sharing-screen-reader-text\">Klicken, um in Skype zu teilen (Wird in neuem Fenster ge\u00f6ffnet)<\/span><\/a><\/li><li><a href=\"#\" class=\"sharing-anchor sd-button share-more\"><span>Mehr<\/span><\/a><\/li><li class=\"share-end\"><\/li><\/ul><div class=\"sharing-hidden\"><div class=\"inner\" style=\"display: none;width:150px;\"><ul style=\"background-image:none;\"><li class=\"share-facebook\"><a rel=\"nofollow noopener noreferrer\" data-shared=\"sharing-facebook-54\" class=\"share-facebook sd-button share-icon no-text\" href=\"https:\/\/www.autogas-franken.de\/blog\/index.php\/archives\/auto-news\/54-neue-daimler-technik-diesotto-motor.html?share=facebook\" target=\"_blank\" title=\"Klick, um auf Facebook zu teilen\" ><span><\/span><span class=\"sharing-screen-reader-text\">Klick, um auf Facebook zu teilen (Wird in neuem Fenster ge\u00f6ffnet)<\/span><\/a><\/li><li class=\"share-end\"><\/li><\/ul><\/div><\/div><\/div><\/div><\/div>","protected":false},"author":4,"featured_media":0,"comment_status":"open","ping_status":"open","sticky":false,"template":"","format":"standard","meta":{"jetpack_post_was_ever_published":false,"jetpack_publicize_message":"","jetpack_is_tweetstorm":false,"jetpack_publicize_feature_enabled":true},"categories":[6],"tags":[61,60],"jetpack_publicize_connections":[],"yoast_head":"<!-- This site is optimized with the Yoast SEO plugin v19.7.2 - https:\/\/yoast.com\/wordpress\/plugins\/seo\/ -->\n<title>Neue Daimler-Technik: Diesotto-Motor - Autogas f\u00fcr Franken<\/title>\n<meta name=\"robots\" content=\"index, follow, max-snippet:-1, max-image-preview:large, max-video-preview:-1\" \/>\n<link rel=\"canonical\" href=\"https:\/\/www.autogas-franken.de\/blog\/index.php\/archives\/auto-news\/54-neue-daimler-technik-diesotto-motor.html\" \/>\n<meta property=\"og:locale\" content=\"de_DE\" \/>\n<meta property=\"og:type\" content=\"article\" \/>\n<meta property=\"og:title\" content=\"Neue Daimler-Technik: Diesotto-Motor - Autogas f\u00fcr Franken\" \/>\n<meta property=\"og:description\" content=\"Daimler will mit einer Mischung aus Bezin-Motor (Otto-Motor) und Diesel-Motor innerhalb der n&auml;chsten 10 Jahre nur noch diese eine Art von Verbrennungsmotor anbieten. Bei dieser &quot;Neusch&ouml;pfung&quot; soll die Effizienz des Diesels mit der Sauberkeit des Benziners &quot;gekreuzt&quot; werden. F&uuml;r diese &hellip; Weiterlesen &rarr;\" \/>\n<meta property=\"og:url\" content=\"https:\/\/www.autogas-franken.de\/blog\/index.php\/archives\/auto-news\/54-neue-daimler-technik-diesotto-motor.html\" \/>\n<meta property=\"og:site_name\" content=\"Autogas f\u00fcr Franken\" \/>\n<meta property=\"article:published_time\" content=\"2008-01-22T20:42:00+00:00\" \/>\n<meta name=\"author\" content=\"Andreas Brandl\" \/>\n<meta name=\"twitter:card\" content=\"summary_large_image\" \/>\n<meta name=\"twitter:label1\" content=\"Verfasst von\" \/>\n\t<meta name=\"twitter:data1\" content=\"Andreas Brandl\" \/>\n\t<meta name=\"twitter:label2\" content=\"Gesch\u00e4tzte Lesezeit\" \/>\n\t<meta name=\"twitter:data2\" content=\"1\u00a0Minute\" \/>\n<script type=\"application\/ld+json\" class=\"yoast-schema-graph\">{\"@context\":\"https:\/\/schema.org\",\"@graph\":[{\"@type\":\"WebPage\",\"@id\":\"https:\/\/www.autogas-franken.de\/blog\/index.php\/archives\/auto-news\/54-neue-daimler-technik-diesotto-motor.html\",\"url\":\"https:\/\/www.autogas-franken.de\/blog\/index.php\/archives\/auto-news\/54-neue-daimler-technik-diesotto-motor.html\",\"name\":\"Neue Daimler-Technik: Diesotto-Motor - Autogas f\u00fcr Franken\",\"isPartOf\":{\"@id\":\"https:\/\/www.autogas-franken.de\/blog\/#website\"},\"datePublished\":\"2008-01-22T20:42:00+00:00\",\"dateModified\":\"2008-01-22T20:42:00+00:00\",\"author\":{\"@id\":\"https:\/\/www.autogas-franken.de\/blog\/#\/schema\/person\/36b3c83f7b1b0de84c9e9fd0808559e3\"},\"breadcrumb\":{\"@id\":\"https:\/\/www.autogas-franken.de\/blog\/index.php\/archives\/auto-news\/54-neue-daimler-technik-diesotto-motor.html#breadcrumb\"},\"inLanguage\":\"de\",\"potentialAction\":[{\"@type\":\"ReadAction\",\"target\":[\"https:\/\/www.autogas-franken.de\/blog\/index.php\/archives\/auto-news\/54-neue-daimler-technik-diesotto-motor.html\"]}]},{\"@type\":\"BreadcrumbList\",\"@id\":\"https:\/\/www.autogas-franken.de\/blog\/index.php\/archives\/auto-news\/54-neue-daimler-technik-diesotto-motor.html#breadcrumb\",\"itemListElement\":[{\"@type\":\"ListItem\",\"position\":1,\"name\":\"Startseite\",\"item\":\"https:\/\/www.autogas-franken.de\/blog\"},{\"@type\":\"ListItem\",\"position\":2,\"name\":\"Neue Daimler-Technik: Diesotto-Motor\"}]},{\"@type\":\"WebSite\",\"@id\":\"https:\/\/www.autogas-franken.de\/blog\/#website\",\"url\":\"https:\/\/www.autogas-franken.de\/blog\/\",\"name\":\"Autogas f\u00fcr Franken\",\"description\":\"Erfahrungen mit den auf LPG umger\u00fcsteten Audi A3 und Skoda Oktavia\",\"potentialAction\":[{\"@type\":\"SearchAction\",\"target\":{\"@type\":\"EntryPoint\",\"urlTemplate\":\"https:\/\/www.autogas-franken.de\/blog\/?s={search_term_string}\"},\"query-input\":\"required name=search_term_string\"}],\"inLanguage\":\"de\"},{\"@type\":\"Person\",\"@id\":\"https:\/\/www.autogas-franken.de\/blog\/#\/schema\/person\/36b3c83f7b1b0de84c9e9fd0808559e3\",\"name\":\"Andreas Brandl\",\"image\":{\"@type\":\"ImageObject\",\"inLanguage\":\"de\",\"@id\":\"https:\/\/www.autogas-franken.de\/blog\/#\/schema\/person\/image\/\",\"url\":\"https:\/\/secure.gravatar.com\/avatar\/64afc4ffd14df9b18b8e0434d79253ad?s=96&d=mm&r=g\",\"contentUrl\":\"https:\/\/secure.gravatar.com\/avatar\/64afc4ffd14df9b18b8e0434d79253ad?s=96&d=mm&r=g\",\"caption\":\"Andreas Brandl\"},\"sameAs\":[\"https:\/\/www.autogas-franken.de\"],\"url\":\"https:\/\/www.autogas-franken.de\/blog\/index.php\/archives\/author\/andy\"}]}<\/script>\n<!-- \/ Yoast SEO plugin. -->","yoast_head_json":{"title":"Neue Daimler-Technik: Diesotto-Motor - Autogas f\u00fcr Franken","robots":{"index":"index","follow":"follow","max-snippet":"max-snippet:-1","max-image-preview":"max-image-preview:large","max-video-preview":"max-video-preview:-1"},"canonical":"https:\/\/www.autogas-franken.de\/blog\/index.php\/archives\/auto-news\/54-neue-daimler-technik-diesotto-motor.html","og_locale":"de_DE","og_type":"article","og_title":"Neue Daimler-Technik: Diesotto-Motor - Autogas f\u00fcr Franken","og_description":"Daimler will mit einer Mischung aus Bezin-Motor (Otto-Motor) und Diesel-Motor innerhalb der n&auml;chsten 10 Jahre nur noch diese eine Art von Verbrennungsmotor anbieten. Bei dieser &quot;Neusch&ouml;pfung&quot; soll die Effizienz des Diesels mit der Sauberkeit des Benziners &quot;gekreuzt&quot; werden. F&uuml;r diese &hellip; Weiterlesen &rarr;","og_url":"https:\/\/www.autogas-franken.de\/blog\/index.php\/archives\/auto-news\/54-neue-daimler-technik-diesotto-motor.html","og_site_name":"Autogas f\u00fcr Franken","article_published_time":"2008-01-22T20:42:00+00:00","author":"Andreas Brandl","twitter_card":"summary_large_image","twitter_misc":{"Verfasst von":"Andreas Brandl","Gesch\u00e4tzte Lesezeit":"1\u00a0Minute"},"schema":{"@context":"https:\/\/schema.org","@graph":[{"@type":"WebPage","@id":"https:\/\/www.autogas-franken.de\/blog\/index.php\/archives\/auto-news\/54-neue-daimler-technik-diesotto-motor.html","url":"https:\/\/www.autogas-franken.de\/blog\/index.php\/archives\/auto-news\/54-neue-daimler-technik-diesotto-motor.html","name":"Neue Daimler-Technik: Diesotto-Motor - Autogas f\u00fcr Franken","isPartOf":{"@id":"https:\/\/www.autogas-franken.de\/blog\/#website"},"datePublished":"2008-01-22T20:42:00+00:00","dateModified":"2008-01-22T20:42:00+00:00","author":{"@id":"https:\/\/www.autogas-franken.de\/blog\/#\/schema\/person\/36b3c83f7b1b0de84c9e9fd0808559e3"},"breadcrumb":{"@id":"https:\/\/www.autogas-franken.de\/blog\/index.php\/archives\/auto-news\/54-neue-daimler-technik-diesotto-motor.html#breadcrumb"},"inLanguage":"de","potentialAction":[{"@type":"ReadAction","target":["https:\/\/www.autogas-franken.de\/blog\/index.php\/archives\/auto-news\/54-neue-daimler-technik-diesotto-motor.html"]}]},{"@type":"BreadcrumbList","@id":"https:\/\/www.autogas-franken.de\/blog\/index.php\/archives\/auto-news\/54-neue-daimler-technik-diesotto-motor.html#breadcrumb","itemListElement":[{"@type":"ListItem","position":1,"name":"Startseite","item":"https:\/\/www.autogas-franken.de\/blog"},{"@type":"ListItem","position":2,"name":"Neue Daimler-Technik: Diesotto-Motor"}]},{"@type":"WebSite","@id":"https:\/\/www.autogas-franken.de\/blog\/#website","url":"https:\/\/www.autogas-franken.de\/blog\/","name":"Autogas f\u00fcr Franken","description":"Erfahrungen mit den auf LPG umger\u00fcsteten Audi A3 und Skoda Oktavia","potentialAction":[{"@type":"SearchAction","target":{"@type":"EntryPoint","urlTemplate":"https:\/\/www.autogas-franken.de\/blog\/?s={search_term_string}"},"query-input":"required name=search_term_string"}],"inLanguage":"de"},{"@type":"Person","@id":"https:\/\/www.autogas-franken.de\/blog\/#\/schema\/person\/36b3c83f7b1b0de84c9e9fd0808559e3","name":"Andreas Brandl","image":{"@type":"ImageObject","inLanguage":"de","@id":"https:\/\/www.autogas-franken.de\/blog\/#\/schema\/person\/image\/","url":"https:\/\/secure.gravatar.com\/avatar\/64afc4ffd14df9b18b8e0434d79253ad?s=96&d=mm&r=g","contentUrl":"https:\/\/secure.gravatar.com\/avatar\/64afc4ffd14df9b18b8e0434d79253ad?s=96&d=mm&r=g","caption":"Andreas Brandl"},"sameAs":["https:\/\/www.autogas-franken.de"],"url":"https:\/\/www.autogas-franken.de\/blog\/index.php\/archives\/author\/andy"}]}},"jetpack_featured_media_url":"","jetpack_sharing_enabled":true,"jetpack_shortlink":"https:\/\/wp.me\/p7UynC-S","jetpack-related-posts":[{"id":154,"url":"https:\/\/www.autogas-franken.de\/blog\/index.php\/archives\/auto-news\/154-firmenauto-des-jahres-2009-seat-exeost.html","url_meta":{"origin":54,"position":0},"title":"Firmenauto des Jahres 2009: SEAT ExeoST","date":"11. November 2009","format":false,"excerpt":"[Trigami-Review]Das Firmenauto des Jahres 2009 in der Mittelklasse-Importbewertung! Ich wusste gar nicht, dass es diese Unterteilung \u00fcberhaupt gibt. Aber nichtsdestotrotz geht diese Auszeichnung im Jahre 2009 an SEAT, die mit der Einf\u00fchrung des Kombis SEAT Exeo ST einen Vorsto\u00df in ein Automobilsegment wagen, dass sich nicht nur durch hervorragende Verarbeitungsqualit\u00e4t,\u2026","rel":"","context":"In &quot;Auto-news&quot;","img":{"alt_text":"","src":"","width":0,"height":0},"classes":[]},{"id":246,"url":"https:\/\/www.autogas-franken.de\/blog\/index.php\/archives\/auto-news\/246-mercedes-bietet-nun-den-sprinter-mit-autogas-an.html","url_meta":{"origin":54,"position":1},"title":"Mercedes bietet nun den Sprinter mit Autogas an","date":"4. November 2010","format":false,"excerpt":"Endlich auch ab Werk: Mercedes-Benz liefert nun den Transporter Sprinter auch mit Autogasantrieb aus. Durch den zweiten Tank und den Mischbetrieb mit Benzin und Gas kann der Transporter nun bis zu 1200 Kilometer \"mit einer Tankf\u00fcllung\" fahren. Auch soll der CO2-Aussto\u00df gegen\u00fcber dem herk\u00f6mmlichen Benziner um bis zu 20 Prozent\u2026","rel":"","context":"In &quot;Auto-news&quot;","img":{"alt_text":"","src":"","width":0,"height":0},"classes":[]},{"id":381,"url":"https:\/\/www.autogas-franken.de\/blog\/index.php\/archives\/autogas-news\/381-petition-kein-auslaufen-des-autogas-steuervorteils-schon-2018.html","url_meta":{"origin":54,"position":2},"title":"Petition: Kein Auslaufen des Autogas-Steuervorteils schon 2018","date":"31. Januar 2017","format":false,"excerpt":"Erst der\u00a0g\u00fcnstige Preis des\u00a0Fl\u00fcssiggas macht diesen klimafreundlichen Kraftstoff trotz der hohen Umr\u00fcst-Kosten nutzbar. Doch damit k\u00f6nnte nun Schluss sein, denn der Bund plant die Steuerbeg\u00fcnstigung von LPG statt 2021 schon 2018 aufzuheben!\u00a0Scheinbar versucht\u00a0Finanzminister Wolfgang Sch\u00e4uble (CDU) dadurch bis zu eine Milliarde Euro einzusparen, sendet damit aber gerade heute das falsche\u2026","rel":"","context":"In &quot;Autogas-news&quot;","img":{"alt_text":"","src":"","width":0,"height":0},"classes":[]},{"id":57,"url":"https:\/\/www.autogas-franken.de\/blog\/index.php\/archives\/auto-news\/57-gilt-umweltzone-nicht-fuer-alle.html","url_meta":{"origin":54,"position":3},"title":"Gilt Umweltzone nicht f\u00fcr alle?","date":"30. Januar 2008","format":false,"excerpt":"Das k\u00f6nnte man meinen, wenn man den \"Murks des Monats\" aus dem ADAC-Heft liest. Dort spricht man n\u00e4mlich von \"Plaketten\u00e4rger\" und stellt die \"Glaubw\u00fcrdigkeit der Politik\" in Frage. Es geht nat\u00fcrlich um Berlin: Wegen der neugeschaffenen Umweltzonen w\u00fcrden die Besitzer \u00e4lterer Autos quasi \"gezwungen\", Ihr Fahrzeug f\u00fcr viel Geld technisch\u2026","rel":"","context":"In &quot;Auto-news&quot;","img":{"alt_text":"","src":"","width":0,"height":0},"classes":[]},{"id":13,"url":"https:\/\/www.autogas-franken.de\/blog\/index.php\/archives\/werkstatt\/13-motorfehler-und-werkstatt-findet-nix-2.html","url_meta":{"origin":54,"position":4},"title":"Motorfehler und Werkstatt findet nix (2)","date":"27. Oktober 2006","format":false,"excerpt":"7. Noch mal zum Umr\u00fcster 08.2006 Bevor ich ver\u00e4rgert \u00fcber die Audi-Jungs aus der N\u00fcrnberger S\u00fcdstadt zu einer anderen Werkstatt gehe, schau ich doch lieber noch mal bei meinem Umr\u00fcster vorbei! Dessen Jungs haben nach einem Tages-Check \"auch nix gefunden\" und meinten, dass das ja eh nichts mit der Gasanlage\u2026","rel":"","context":"In &quot;Werkstatt&quot;","img":{"alt_text":"","src":"","width":0,"height":0},"classes":[]},{"id":67,"url":"https:\/\/www.autogas-franken.de\/blog\/index.php\/archives\/autogas-news\/67-adac-studie-fuer-gasfahrzeuge.html","url_meta":{"origin":54,"position":5},"title":"ADAC-Studie f\u00fcr Gasfahrzeuge","date":"7. Oktober 2008","format":false,"excerpt":"\u00dcber Autos mit Gasantrieb h\u00f6rt man die unterschiedlichsten Meinungen. So lange die Bezinpreise hoch sind, ist es h\u00e4ufig \"PRO AUTOGAS\". Nun hat aber vor einiger Zeit der ADAC das Thema in einer umfangreichen Studie untersucht: Autos mit Gasantrieb sind inzwischen eine echte Alternative zu herk\u00f6mmlichen Kraftfahrzeugen: Da bei der Verbrennung\u2026","rel":"","context":"In &quot;Autogas-news&quot;","img":{"alt_text":"","src":"","width":0,"height":0},"classes":[]}],"_links":{"self":[{"href":"https:\/\/www.autogas-franken.de\/blog\/index.php\/wp-json\/wp\/v2\/posts\/54"}],"collection":[{"href":"https:\/\/www.autogas-franken.de\/blog\/index.php\/wp-json\/wp\/v2\/posts"}],"about":[{"href":"https:\/\/www.autogas-franken.de\/blog\/index.php\/wp-json\/wp\/v2\/types\/post"}],"author":[{"embeddable":true,"href":"https:\/\/www.autogas-franken.de\/blog\/index.php\/wp-json\/wp\/v2\/users\/4"}],"replies":[{"embeddable":true,"href":"https:\/\/www.autogas-franken.de\/blog\/index.php\/wp-json\/wp\/v2\/comments?post=54"}],"version-history":[{"count":0,"href":"https:\/\/www.autogas-franken.de\/blog\/index.php\/wp-json\/wp\/v2\/posts\/54\/revisions"}],"wp:attachment":[{"href":"https:\/\/www.autogas-franken.de\/blog\/index.php\/wp-json\/wp\/v2\/media?parent=54"}],"wp:term":[{"taxonomy":"category","embeddable":true,"href":"https:\/\/www.autogas-franken.de\/blog\/index.php\/wp-json\/wp\/v2\/categories?post=54"},{"taxonomy":"post_tag","embeddable":true,"href":"https:\/\/www.autogas-franken.de\/blog\/index.php\/wp-json\/wp\/v2\/tags?post=54"}],"curies":[{"name":"wp","href":"https:\/\/api.w.org\/{rel}","templated":true}]}}