{"id":51,"date":"2007-12-07T12:28:42","date_gmt":"2007-12-07T11:28:42","guid":{"rendered":"http:\/\/autogas-franken.de\/blog\/index.php\/archives\/auto-news\/51-welchen-schaden-verursachen-staus.html"},"modified":"2007-12-07T14:51:53","modified_gmt":"2007-12-07T13:51:53","slug":"welchen-schaden-verursachen-staus","status":"publish","type":"post","link":"https:\/\/www.autogas-franken.de\/blog\/index.php\/archives\/auto-news\/51-welchen-schaden-verursachen-staus.html","title":{"rendered":"Welchen Schaden verursachen Staus"},"content":{"rendered":"<p>Als ich in der letzten Woche eine Stunde f&uuml;r eine Strecke brauchte, f&uuml;r die man sonst nur 23 Minuten braucht, hab ich mich gefragt, welchen <strong>Schaden die Staus auf Deutschlands Autobahnen wirklich anrichten<\/strong>!<\/p>\n<p><a title=\"Was kosten uns die Staus auf deutschen Autobahnen wirklich?\" target=\"_blank\" href=\"http:\/\/www.dasautoblog.com\/2007\/12\/was-kosten-uns.html\">Christian Kaiser von dasautoblog.com<\/a> hat das nun ver&ouml;ffentlicht: Laut einer Studie des <a href=\"http:\/\/www.shortnews.de\/start.cfm?id=690152\" target=\"_blank\">Verkehrsforschers Frank Schmidt<\/a> und eines Berichtes der &quot;Bild&quot; vergeuden deutsche Autos auf den Autobahnen pro Jahr <strong><a href=\"http:\/\/stohl.de\/wordpress\/?p=7089\" target=\"_blank\">288 Millionen<\/a> Liter Kraftstoff <\/strong>allein durch Staus. Die Umwelt&nbsp; werde durch die rund <strong>160.000 Staus<\/strong> im Jahr auf deutschen Autobahnen mit <strong>714.000 Tonnen CO2<\/strong> zus&auml;tzlich belastet.<\/p>\n<p>Die Hauptursachen f&uuml;r die Staus seien laut der Studie <strong>&Uuml;berlastung <\/strong>und<strong> fehlender Ausbau <\/strong>der Autobahnen, aber auch <strong>Unf&auml;lle <\/strong>und das <strong>Wetter<\/strong>. Nach Schmids Einsch&auml;tzung w&auml;re <strong>jeder dritte Stau<\/strong> (also insgesamt 50.000 Staus pro Jahr) durch moderne Technik oder schnelleren Ausbau zu vermeiden.<\/p>\n<p><strong>Schaden durch Zeitverlust<\/strong><\/p>\n<p>Rechnet man nun noch den Verlust ein, der durch die verlorene <strong>Zeit <\/strong>entsteht, dann wird es noch teuerer: Nach Berechnungen des ADAC entsteht durch Staus <strong>t&auml;glich ein Schaden von 250 Millionen Euro<\/strong>. Weiter berichtet der ADAC aber von &quot;33 Millionen Liter Kraftstoff und 13 Millionen Stunden verlorener Zeit&quot;, was sich &uuml;berhaupt nicht mit den Zahlen von Frank Schmidt deckt: Der ADAC k&auml;me somit auf 12.045 Millionen Litern Kraftstoff&#8230;?<\/p>\n<p>Die Kosten tr&auml;gt dann die <strong>Allgemeinheit <\/strong>&#8211; also wir alle! Durch Steuerlast oder Preisaufschl&auml;ge z.B. werden diese Kosten dann weitergegeben.<\/p>\n<p><strong>Das Ziehharmonika-Prinzip<\/strong><\/p>\n<p>Allerdings erforschte der <strong>ADAC <\/strong>gr&uuml;ndlich wie Staus entstehen: Durch &quot;eine Art Ziehharmonika-Prinzip&quot;! Demnach hielten die Fahrer unterschiedlich lange Abst&auml;nde zum Vordermann und h&auml;tten somit unterschiedliche Reaktionszeiten beim Bremsen. Das typische Szenario sei, wenn ein Fahrer in einer solchen Kolonne <strong>sp&auml;t bremst<\/strong>, m&uuml;sse der nachfolgende bei geringem Abstand schon st&auml;rker verz&ouml;gern, bis einer weiter hinten <strong>ganz anhalten<\/strong> m&uuml;sse &#8211; schon herrsche Stillstand.<\/p>\n<p>Oft sei auch &quot;<strong>Deutschlands h&auml;ufigstes Schild auf Autobahnen<\/strong>&quot;: <strong><em>Tempo 80<\/em><\/strong> (mit dem Zusatz <strong><em>bei N&auml;sse<\/em><\/strong>) die Bremsursache, da viele Autofahrer auch bei trockener Stra&szlig;e irrt&uuml;mlich auf die Bremse stiegen. Weitere Ursachen seien aber auch <a target=\"_blank\" href=\"https:\/\/autogas-franken.de\/blog\/index.php\/archives\/allgemein\/40-bmw-fahrer-zwanghafte-draengler.html\">Dr&auml;ngler<\/a>, die in die kleinste L&uuml;cke h&uuml;pfen, Baustellen, &uuml;berh&ouml;hte Geschwindigkeit bei Nebelb&auml;nken, Fahranf&auml;nger, liegengebliebene Fahrzeuge und nat&uuml;rlich Gaffer!<\/p>\n<p><a title=\"Warum fahren Autofahrer so gerne in den Stau?\" target=\"_blank\" href=\"http:\/\/www.rp-online.de\/public\/article\/aktuelles\/auto\/56148\">Quelle RP-Online<\/a><\/p>\n<div class=\"sharedaddy sd-sharing-enabled\"><div class=\"robots-nocontent sd-block sd-social sd-social-icon sd-sharing\"><h3 class=\"sd-title\">Share this:<\/h3><div class=\"sd-content\"><ul><li class=\"share-print\"><a rel=\"nofollow noopener noreferrer\" data-shared=\"\" class=\"share-print sd-button share-icon no-text\" href=\"https:\/\/www.autogas-franken.de\/blog\/index.php\/archives\/auto-news\/51-welchen-schaden-verursachen-staus.html\" target=\"_blank\" title=\"Klicken zum Ausdrucken\" ><span><\/span><span class=\"sharing-screen-reader-text\">Klicken zum Ausdrucken (Wird in neuem Fenster ge\u00f6ffnet)<\/span><\/a><\/li><li class=\"share-email\"><a rel=\"nofollow noopener noreferrer\" data-shared=\"\" class=\"share-email sd-button share-icon no-text\" href=\"mailto:?subject=%5BGeteilter%20Beitrag%5D%20Welchen%20Schaden%20verursachen%20Staus&body=https%3A%2F%2Fwww.autogas-franken.de%2Fblog%2Findex.php%2Farchives%2Fauto-news%2F51-welchen-schaden-verursachen-staus.html&share=email\" target=\"_blank\" title=\"Klicken, um einem Freund einen Link per E-Mail zu senden\" data-email-share-error-title=\"Hast du E-Mail eingerichtet?\" data-email-share-error-text=\"Wenn du Probleme mit dem Teilen per E-Mail hast, ist E-Mail m\u00f6glicherweise nicht f\u00fcr deinen Browser eingerichtet. Du musst die neue E-Mail-Einrichtung m\u00f6glicherweise selbst vornehmen.\" data-email-share-nonce=\"4fcd6953b8\" data-email-share-track-url=\"https:\/\/www.autogas-franken.de\/blog\/index.php\/archives\/auto-news\/51-welchen-schaden-verursachen-staus.html?share=email\"><span><\/span><span class=\"sharing-screen-reader-text\">Klicken, um einem Freund einen Link per E-Mail zu senden (Wird in neuem Fenster ge\u00f6ffnet)<\/span><\/a><\/li><li class=\"share-twitter\"><a rel=\"nofollow noopener noreferrer\" data-shared=\"sharing-twitter-51\" class=\"share-twitter sd-button share-icon no-text\" href=\"https:\/\/www.autogas-franken.de\/blog\/index.php\/archives\/auto-news\/51-welchen-schaden-verursachen-staus.html?share=twitter\" target=\"_blank\" title=\"Klick, um \u00fcber Twitter zu teilen\" ><span><\/span><span class=\"sharing-screen-reader-text\">Klick, um \u00fcber Twitter zu teilen (Wird in neuem Fenster ge\u00f6ffnet)<\/span><\/a><\/li><li class=\"share-jetpack-whatsapp\"><a rel=\"nofollow noopener noreferrer\" data-shared=\"\" class=\"share-jetpack-whatsapp sd-button share-icon no-text\" href=\"https:\/\/www.autogas-franken.de\/blog\/index.php\/archives\/auto-news\/51-welchen-schaden-verursachen-staus.html?share=jetpack-whatsapp\" target=\"_blank\" title=\"Klicken, um auf WhatsApp zu teilen\" ><span><\/span><span class=\"sharing-screen-reader-text\">Klicken, um auf WhatsApp zu teilen (Wird in neuem Fenster ge\u00f6ffnet)<\/span><\/a><\/li><li class=\"share-linkedin\"><a rel=\"nofollow noopener noreferrer\" data-shared=\"sharing-linkedin-51\" class=\"share-linkedin sd-button share-icon no-text\" href=\"https:\/\/www.autogas-franken.de\/blog\/index.php\/archives\/auto-news\/51-welchen-schaden-verursachen-staus.html?share=linkedin\" target=\"_blank\" title=\"Klick, um auf LinkedIn zu teilen\" ><span><\/span><span class=\"sharing-screen-reader-text\">Klick, um auf LinkedIn zu teilen (Wird in neuem Fenster ge\u00f6ffnet)<\/span><\/a><\/li><li class=\"share-reddit\"><a rel=\"nofollow noopener noreferrer\" data-shared=\"\" class=\"share-reddit sd-button share-icon no-text\" href=\"https:\/\/www.autogas-franken.de\/blog\/index.php\/archives\/auto-news\/51-welchen-schaden-verursachen-staus.html?share=reddit\" target=\"_blank\" title=\"Klick, um auf Reddit zu teilen\" ><span><\/span><span class=\"sharing-screen-reader-text\">Klick, um auf Reddit zu teilen (Wird in neuem Fenster ge\u00f6ffnet)<\/span><\/a><\/li><li class=\"share-tumblr\"><a rel=\"nofollow noopener noreferrer\" data-shared=\"\" class=\"share-tumblr sd-button share-icon no-text\" href=\"https:\/\/www.autogas-franken.de\/blog\/index.php\/archives\/auto-news\/51-welchen-schaden-verursachen-staus.html?share=tumblr\" target=\"_blank\" title=\"Klick, um auf Tumblr zu teilen\" ><span><\/span><span class=\"sharing-screen-reader-text\">Klick, um auf Tumblr zu teilen (Wird in neuem Fenster ge\u00f6ffnet)<\/span><\/a><\/li><li class=\"share-pinterest\"><a rel=\"nofollow noopener noreferrer\" data-shared=\"sharing-pinterest-51\" class=\"share-pinterest sd-button share-icon no-text\" href=\"https:\/\/www.autogas-franken.de\/blog\/index.php\/archives\/auto-news\/51-welchen-schaden-verursachen-staus.html?share=pinterest\" target=\"_blank\" title=\"Klick, um auf Pinterest zu teilen\" ><span><\/span><span class=\"sharing-screen-reader-text\">Klick, um auf Pinterest zu teilen (Wird in neuem Fenster ge\u00f6ffnet)<\/span><\/a><\/li><li class=\"share-telegram\"><a rel=\"nofollow noopener noreferrer\" data-shared=\"\" class=\"share-telegram sd-button share-icon no-text\" href=\"https:\/\/www.autogas-franken.de\/blog\/index.php\/archives\/auto-news\/51-welchen-schaden-verursachen-staus.html?share=telegram\" target=\"_blank\" title=\"Klicken, um auf Telegram zu teilen\" ><span><\/span><span class=\"sharing-screen-reader-text\">Klicken, um auf Telegram zu teilen (Wird in neuem Fenster ge\u00f6ffnet)<\/span><\/a><\/li><li class=\"share-pocket\"><a rel=\"nofollow noopener noreferrer\" data-shared=\"\" class=\"share-pocket sd-button share-icon no-text\" href=\"https:\/\/www.autogas-franken.de\/blog\/index.php\/archives\/auto-news\/51-welchen-schaden-verursachen-staus.html?share=pocket\" target=\"_blank\" title=\"Klick, um auf Pocket zu teilen\" ><span><\/span><span class=\"sharing-screen-reader-text\">Klick, um auf Pocket zu teilen (Wird in neuem Fenster ge\u00f6ffnet)<\/span><\/a><\/li><li class=\"share-skype\"><a rel=\"nofollow noopener noreferrer\" data-shared=\"sharing-skype-51\" class=\"share-skype sd-button share-icon no-text\" href=\"https:\/\/www.autogas-franken.de\/blog\/index.php\/archives\/auto-news\/51-welchen-schaden-verursachen-staus.html?share=skype\" target=\"_blank\" title=\"Klicken, um in Skype zu teilen\" ><span><\/span><span class=\"sharing-screen-reader-text\">Klicken, um in Skype zu teilen (Wird in neuem Fenster ge\u00f6ffnet)<\/span><\/a><\/li><li><a href=\"#\" class=\"sharing-anchor sd-button share-more\"><span>Mehr<\/span><\/a><\/li><li class=\"share-end\"><\/li><\/ul><div class=\"sharing-hidden\"><div class=\"inner\" style=\"display: none;width:150px;\"><ul style=\"background-image:none;\"><li class=\"share-facebook\"><a rel=\"nofollow noopener noreferrer\" data-shared=\"sharing-facebook-51\" class=\"share-facebook sd-button share-icon no-text\" href=\"https:\/\/www.autogas-franken.de\/blog\/index.php\/archives\/auto-news\/51-welchen-schaden-verursachen-staus.html?share=facebook\" target=\"_blank\" title=\"Klick, um auf Facebook zu teilen\" ><span><\/span><span class=\"sharing-screen-reader-text\">Klick, um auf Facebook zu teilen (Wird in neuem Fenster ge\u00f6ffnet)<\/span><\/a><\/li><li class=\"share-end\"><\/li><\/ul><\/div><\/div><\/div><\/div><\/div>","protected":false},"excerpt":{"rendered":"<p>Als ich in der letzten Woche eine Stunde f&uuml;r eine Strecke brauchte, f&uuml;r die man sonst nur 23 Minuten braucht, hab ich mich gefragt, welchen Schaden die Staus auf Deutschlands Autobahnen wirklich anrichten! Christian Kaiser von dasautoblog.com hat das nun &hellip; <a href=\"https:\/\/www.autogas-franken.de\/blog\/index.php\/archives\/auto-news\/51-welchen-schaden-verursachen-staus.html\">Weiterlesen <span class=\"meta-nav\">&rarr;<\/span><\/a><\/p>\n<div class=\"sharedaddy sd-sharing-enabled\"><div class=\"robots-nocontent sd-block sd-social sd-social-icon sd-sharing\"><h3 class=\"sd-title\">Share this:<\/h3><div class=\"sd-content\"><ul><li class=\"share-print\"><a rel=\"nofollow noopener noreferrer\" data-shared=\"\" class=\"share-print sd-button share-icon no-text\" href=\"https:\/\/www.autogas-franken.de\/blog\/index.php\/archives\/auto-news\/51-welchen-schaden-verursachen-staus.html\" target=\"_blank\" title=\"Klicken zum Ausdrucken\" ><span><\/span><span class=\"sharing-screen-reader-text\">Klicken zum Ausdrucken (Wird in neuem Fenster ge\u00f6ffnet)<\/span><\/a><\/li><li class=\"share-email\"><a rel=\"nofollow noopener noreferrer\" data-shared=\"\" class=\"share-email sd-button share-icon no-text\" href=\"mailto:?subject=%5BGeteilter%20Beitrag%5D%20Welchen%20Schaden%20verursachen%20Staus&body=https%3A%2F%2Fwww.autogas-franken.de%2Fblog%2Findex.php%2Farchives%2Fauto-news%2F51-welchen-schaden-verursachen-staus.html&share=email\" target=\"_blank\" title=\"Klicken, um einem Freund einen Link per E-Mail zu senden\" data-email-share-error-title=\"Hast du E-Mail eingerichtet?\" data-email-share-error-text=\"Wenn du Probleme mit dem Teilen per E-Mail hast, ist E-Mail m\u00f6glicherweise nicht f\u00fcr deinen Browser eingerichtet. Du musst die neue E-Mail-Einrichtung m\u00f6glicherweise selbst vornehmen.\" data-email-share-nonce=\"4fcd6953b8\" data-email-share-track-url=\"https:\/\/www.autogas-franken.de\/blog\/index.php\/archives\/auto-news\/51-welchen-schaden-verursachen-staus.html?share=email\"><span><\/span><span class=\"sharing-screen-reader-text\">Klicken, um einem Freund einen Link per E-Mail zu senden (Wird in neuem Fenster ge\u00f6ffnet)<\/span><\/a><\/li><li class=\"share-twitter\"><a rel=\"nofollow noopener noreferrer\" data-shared=\"sharing-twitter-51\" class=\"share-twitter sd-button share-icon no-text\" href=\"https:\/\/www.autogas-franken.de\/blog\/index.php\/archives\/auto-news\/51-welchen-schaden-verursachen-staus.html?share=twitter\" target=\"_blank\" title=\"Klick, um \u00fcber Twitter zu teilen\" ><span><\/span><span class=\"sharing-screen-reader-text\">Klick, um \u00fcber Twitter zu teilen (Wird in neuem Fenster ge\u00f6ffnet)<\/span><\/a><\/li><li class=\"share-jetpack-whatsapp\"><a rel=\"nofollow noopener noreferrer\" data-shared=\"\" class=\"share-jetpack-whatsapp sd-button share-icon no-text\" href=\"https:\/\/www.autogas-franken.de\/blog\/index.php\/archives\/auto-news\/51-welchen-schaden-verursachen-staus.html?share=jetpack-whatsapp\" target=\"_blank\" title=\"Klicken, um auf WhatsApp zu teilen\" ><span><\/span><span class=\"sharing-screen-reader-text\">Klicken, um auf WhatsApp zu teilen (Wird in neuem Fenster ge\u00f6ffnet)<\/span><\/a><\/li><li class=\"share-linkedin\"><a rel=\"nofollow noopener noreferrer\" data-shared=\"sharing-linkedin-51\" class=\"share-linkedin sd-button share-icon no-text\" href=\"https:\/\/www.autogas-franken.de\/blog\/index.php\/archives\/auto-news\/51-welchen-schaden-verursachen-staus.html?share=linkedin\" target=\"_blank\" title=\"Klick, um auf LinkedIn zu teilen\" ><span><\/span><span class=\"sharing-screen-reader-text\">Klick, um auf LinkedIn zu teilen (Wird in neuem Fenster ge\u00f6ffnet)<\/span><\/a><\/li><li class=\"share-reddit\"><a rel=\"nofollow noopener noreferrer\" data-shared=\"\" class=\"share-reddit sd-button share-icon no-text\" href=\"https:\/\/www.autogas-franken.de\/blog\/index.php\/archives\/auto-news\/51-welchen-schaden-verursachen-staus.html?share=reddit\" target=\"_blank\" title=\"Klick, um auf Reddit zu teilen\" ><span><\/span><span class=\"sharing-screen-reader-text\">Klick, um auf Reddit zu teilen (Wird in neuem Fenster ge\u00f6ffnet)<\/span><\/a><\/li><li class=\"share-tumblr\"><a rel=\"nofollow noopener noreferrer\" data-shared=\"\" class=\"share-tumblr sd-button share-icon no-text\" href=\"https:\/\/www.autogas-franken.de\/blog\/index.php\/archives\/auto-news\/51-welchen-schaden-verursachen-staus.html?share=tumblr\" target=\"_blank\" title=\"Klick, um auf Tumblr zu teilen\" ><span><\/span><span class=\"sharing-screen-reader-text\">Klick, um auf Tumblr zu teilen (Wird in neuem Fenster ge\u00f6ffnet)<\/span><\/a><\/li><li class=\"share-pinterest\"><a rel=\"nofollow noopener noreferrer\" data-shared=\"sharing-pinterest-51\" class=\"share-pinterest sd-button share-icon no-text\" href=\"https:\/\/www.autogas-franken.de\/blog\/index.php\/archives\/auto-news\/51-welchen-schaden-verursachen-staus.html?share=pinterest\" target=\"_blank\" title=\"Klick, um auf Pinterest zu teilen\" ><span><\/span><span class=\"sharing-screen-reader-text\">Klick, um auf Pinterest zu teilen (Wird in neuem Fenster ge\u00f6ffnet)<\/span><\/a><\/li><li class=\"share-telegram\"><a rel=\"nofollow noopener noreferrer\" data-shared=\"\" class=\"share-telegram sd-button share-icon no-text\" href=\"https:\/\/www.autogas-franken.de\/blog\/index.php\/archives\/auto-news\/51-welchen-schaden-verursachen-staus.html?share=telegram\" target=\"_blank\" title=\"Klicken, um auf Telegram zu teilen\" ><span><\/span><span class=\"sharing-screen-reader-text\">Klicken, um auf Telegram zu teilen (Wird in neuem Fenster ge\u00f6ffnet)<\/span><\/a><\/li><li class=\"share-pocket\"><a rel=\"nofollow noopener noreferrer\" data-shared=\"\" class=\"share-pocket sd-button share-icon no-text\" href=\"https:\/\/www.autogas-franken.de\/blog\/index.php\/archives\/auto-news\/51-welchen-schaden-verursachen-staus.html?share=pocket\" target=\"_blank\" title=\"Klick, um auf Pocket zu teilen\" ><span><\/span><span class=\"sharing-screen-reader-text\">Klick, um auf Pocket zu teilen (Wird in neuem Fenster ge\u00f6ffnet)<\/span><\/a><\/li><li class=\"share-skype\"><a rel=\"nofollow noopener noreferrer\" data-shared=\"sharing-skype-51\" class=\"share-skype sd-button share-icon no-text\" href=\"https:\/\/www.autogas-franken.de\/blog\/index.php\/archives\/auto-news\/51-welchen-schaden-verursachen-staus.html?share=skype\" target=\"_blank\" title=\"Klicken, um in Skype zu teilen\" ><span><\/span><span class=\"sharing-screen-reader-text\">Klicken, um in Skype zu teilen (Wird in neuem Fenster ge\u00f6ffnet)<\/span><\/a><\/li><li><a href=\"#\" class=\"sharing-anchor sd-button share-more\"><span>Mehr<\/span><\/a><\/li><li class=\"share-end\"><\/li><\/ul><div class=\"sharing-hidden\"><div class=\"inner\" style=\"display: none;width:150px;\"><ul style=\"background-image:none;\"><li class=\"share-facebook\"><a rel=\"nofollow noopener noreferrer\" data-shared=\"sharing-facebook-51\" class=\"share-facebook sd-button share-icon no-text\" href=\"https:\/\/www.autogas-franken.de\/blog\/index.php\/archives\/auto-news\/51-welchen-schaden-verursachen-staus.html?share=facebook\" target=\"_blank\" title=\"Klick, um auf Facebook zu teilen\" ><span><\/span><span class=\"sharing-screen-reader-text\">Klick, um auf Facebook zu teilen (Wird in neuem Fenster ge\u00f6ffnet)<\/span><\/a><\/li><li class=\"share-end\"><\/li><\/ul><\/div><\/div><\/div><\/div><\/div>","protected":false},"author":4,"featured_media":0,"comment_status":"open","ping_status":"open","sticky":false,"template":"","format":"standard","meta":{"jetpack_post_was_ever_published":false,"jetpack_publicize_message":"","jetpack_is_tweetstorm":false,"jetpack_publicize_feature_enabled":true},"categories":[6],"tags":[64,59],"jetpack_publicize_connections":[],"yoast_head":"<!-- This site is optimized with the Yoast SEO plugin v19.7.2 - https:\/\/yoast.com\/wordpress\/plugins\/seo\/ -->\n<title>Welchen Schaden verursachen Staus - Autogas f\u00fcr Franken<\/title>\n<meta name=\"robots\" content=\"index, follow, max-snippet:-1, max-image-preview:large, max-video-preview:-1\" \/>\n<link rel=\"canonical\" href=\"https:\/\/www.autogas-franken.de\/blog\/index.php\/archives\/auto-news\/51-welchen-schaden-verursachen-staus.html\" \/>\n<meta property=\"og:locale\" content=\"de_DE\" \/>\n<meta property=\"og:type\" content=\"article\" \/>\n<meta property=\"og:title\" content=\"Welchen Schaden verursachen Staus - Autogas f\u00fcr Franken\" \/>\n<meta property=\"og:description\" content=\"Als ich in der letzten Woche eine Stunde f&uuml;r eine Strecke brauchte, f&uuml;r die man sonst nur 23 Minuten braucht, hab ich mich gefragt, welchen Schaden die Staus auf Deutschlands Autobahnen wirklich anrichten! Christian Kaiser von dasautoblog.com hat das nun &hellip; Weiterlesen &rarr;\" \/>\n<meta property=\"og:url\" content=\"https:\/\/www.autogas-franken.de\/blog\/index.php\/archives\/auto-news\/51-welchen-schaden-verursachen-staus.html\" \/>\n<meta property=\"og:site_name\" content=\"Autogas f\u00fcr Franken\" \/>\n<meta property=\"article:published_time\" content=\"2007-12-07T11:28:42+00:00\" \/>\n<meta property=\"article:modified_time\" content=\"2007-12-07T13:51:53+00:00\" \/>\n<meta name=\"author\" content=\"Andreas Brandl\" \/>\n<meta name=\"twitter:card\" content=\"summary_large_image\" \/>\n<meta name=\"twitter:label1\" content=\"Verfasst von\" \/>\n\t<meta name=\"twitter:data1\" content=\"Andreas Brandl\" \/>\n\t<meta name=\"twitter:label2\" content=\"Gesch\u00e4tzte Lesezeit\" \/>\n\t<meta name=\"twitter:data2\" content=\"2\u00a0Minuten\" \/>\n<script type=\"application\/ld+json\" class=\"yoast-schema-graph\">{\"@context\":\"https:\/\/schema.org\",\"@graph\":[{\"@type\":\"WebPage\",\"@id\":\"https:\/\/www.autogas-franken.de\/blog\/index.php\/archives\/auto-news\/51-welchen-schaden-verursachen-staus.html\",\"url\":\"https:\/\/www.autogas-franken.de\/blog\/index.php\/archives\/auto-news\/51-welchen-schaden-verursachen-staus.html\",\"name\":\"Welchen Schaden verursachen Staus - Autogas f\u00fcr Franken\",\"isPartOf\":{\"@id\":\"https:\/\/www.autogas-franken.de\/blog\/#website\"},\"datePublished\":\"2007-12-07T11:28:42+00:00\",\"dateModified\":\"2007-12-07T13:51:53+00:00\",\"author\":{\"@id\":\"https:\/\/www.autogas-franken.de\/blog\/#\/schema\/person\/36b3c83f7b1b0de84c9e9fd0808559e3\"},\"breadcrumb\":{\"@id\":\"https:\/\/www.autogas-franken.de\/blog\/index.php\/archives\/auto-news\/51-welchen-schaden-verursachen-staus.html#breadcrumb\"},\"inLanguage\":\"de\",\"potentialAction\":[{\"@type\":\"ReadAction\",\"target\":[\"https:\/\/www.autogas-franken.de\/blog\/index.php\/archives\/auto-news\/51-welchen-schaden-verursachen-staus.html\"]}]},{\"@type\":\"BreadcrumbList\",\"@id\":\"https:\/\/www.autogas-franken.de\/blog\/index.php\/archives\/auto-news\/51-welchen-schaden-verursachen-staus.html#breadcrumb\",\"itemListElement\":[{\"@type\":\"ListItem\",\"position\":1,\"name\":\"Startseite\",\"item\":\"https:\/\/www.autogas-franken.de\/blog\"},{\"@type\":\"ListItem\",\"position\":2,\"name\":\"Welchen Schaden verursachen Staus\"}]},{\"@type\":\"WebSite\",\"@id\":\"https:\/\/www.autogas-franken.de\/blog\/#website\",\"url\":\"https:\/\/www.autogas-franken.de\/blog\/\",\"name\":\"Autogas f\u00fcr Franken\",\"description\":\"Erfahrungen mit den auf LPG umger\u00fcsteten Audi A3 und Skoda Oktavia\",\"potentialAction\":[{\"@type\":\"SearchAction\",\"target\":{\"@type\":\"EntryPoint\",\"urlTemplate\":\"https:\/\/www.autogas-franken.de\/blog\/?s={search_term_string}\"},\"query-input\":\"required name=search_term_string\"}],\"inLanguage\":\"de\"},{\"@type\":\"Person\",\"@id\":\"https:\/\/www.autogas-franken.de\/blog\/#\/schema\/person\/36b3c83f7b1b0de84c9e9fd0808559e3\",\"name\":\"Andreas Brandl\",\"image\":{\"@type\":\"ImageObject\",\"inLanguage\":\"de\",\"@id\":\"https:\/\/www.autogas-franken.de\/blog\/#\/schema\/person\/image\/\",\"url\":\"https:\/\/secure.gravatar.com\/avatar\/64afc4ffd14df9b18b8e0434d79253ad?s=96&d=mm&r=g\",\"contentUrl\":\"https:\/\/secure.gravatar.com\/avatar\/64afc4ffd14df9b18b8e0434d79253ad?s=96&d=mm&r=g\",\"caption\":\"Andreas Brandl\"},\"sameAs\":[\"https:\/\/www.autogas-franken.de\"],\"url\":\"https:\/\/www.autogas-franken.de\/blog\/index.php\/archives\/author\/andy\"}]}<\/script>\n<!-- \/ Yoast SEO plugin. -->","yoast_head_json":{"title":"Welchen Schaden verursachen Staus - Autogas f\u00fcr Franken","robots":{"index":"index","follow":"follow","max-snippet":"max-snippet:-1","max-image-preview":"max-image-preview:large","max-video-preview":"max-video-preview:-1"},"canonical":"https:\/\/www.autogas-franken.de\/blog\/index.php\/archives\/auto-news\/51-welchen-schaden-verursachen-staus.html","og_locale":"de_DE","og_type":"article","og_title":"Welchen Schaden verursachen Staus - Autogas f\u00fcr Franken","og_description":"Als ich in der letzten Woche eine Stunde f&uuml;r eine Strecke brauchte, f&uuml;r die man sonst nur 23 Minuten braucht, hab ich mich gefragt, welchen Schaden die Staus auf Deutschlands Autobahnen wirklich anrichten! Christian Kaiser von dasautoblog.com hat das nun &hellip; Weiterlesen &rarr;","og_url":"https:\/\/www.autogas-franken.de\/blog\/index.php\/archives\/auto-news\/51-welchen-schaden-verursachen-staus.html","og_site_name":"Autogas f\u00fcr Franken","article_published_time":"2007-12-07T11:28:42+00:00","article_modified_time":"2007-12-07T13:51:53+00:00","author":"Andreas Brandl","twitter_card":"summary_large_image","twitter_misc":{"Verfasst von":"Andreas Brandl","Gesch\u00e4tzte Lesezeit":"2\u00a0Minuten"},"schema":{"@context":"https:\/\/schema.org","@graph":[{"@type":"WebPage","@id":"https:\/\/www.autogas-franken.de\/blog\/index.php\/archives\/auto-news\/51-welchen-schaden-verursachen-staus.html","url":"https:\/\/www.autogas-franken.de\/blog\/index.php\/archives\/auto-news\/51-welchen-schaden-verursachen-staus.html","name":"Welchen Schaden verursachen Staus - Autogas f\u00fcr Franken","isPartOf":{"@id":"https:\/\/www.autogas-franken.de\/blog\/#website"},"datePublished":"2007-12-07T11:28:42+00:00","dateModified":"2007-12-07T13:51:53+00:00","author":{"@id":"https:\/\/www.autogas-franken.de\/blog\/#\/schema\/person\/36b3c83f7b1b0de84c9e9fd0808559e3"},"breadcrumb":{"@id":"https:\/\/www.autogas-franken.de\/blog\/index.php\/archives\/auto-news\/51-welchen-schaden-verursachen-staus.html#breadcrumb"},"inLanguage":"de","potentialAction":[{"@type":"ReadAction","target":["https:\/\/www.autogas-franken.de\/blog\/index.php\/archives\/auto-news\/51-welchen-schaden-verursachen-staus.html"]}]},{"@type":"BreadcrumbList","@id":"https:\/\/www.autogas-franken.de\/blog\/index.php\/archives\/auto-news\/51-welchen-schaden-verursachen-staus.html#breadcrumb","itemListElement":[{"@type":"ListItem","position":1,"name":"Startseite","item":"https:\/\/www.autogas-franken.de\/blog"},{"@type":"ListItem","position":2,"name":"Welchen Schaden verursachen Staus"}]},{"@type":"WebSite","@id":"https:\/\/www.autogas-franken.de\/blog\/#website","url":"https:\/\/www.autogas-franken.de\/blog\/","name":"Autogas f\u00fcr Franken","description":"Erfahrungen mit den auf LPG umger\u00fcsteten Audi A3 und Skoda Oktavia","potentialAction":[{"@type":"SearchAction","target":{"@type":"EntryPoint","urlTemplate":"https:\/\/www.autogas-franken.de\/blog\/?s={search_term_string}"},"query-input":"required name=search_term_string"}],"inLanguage":"de"},{"@type":"Person","@id":"https:\/\/www.autogas-franken.de\/blog\/#\/schema\/person\/36b3c83f7b1b0de84c9e9fd0808559e3","name":"Andreas Brandl","image":{"@type":"ImageObject","inLanguage":"de","@id":"https:\/\/www.autogas-franken.de\/blog\/#\/schema\/person\/image\/","url":"https:\/\/secure.gravatar.com\/avatar\/64afc4ffd14df9b18b8e0434d79253ad?s=96&d=mm&r=g","contentUrl":"https:\/\/secure.gravatar.com\/avatar\/64afc4ffd14df9b18b8e0434d79253ad?s=96&d=mm&r=g","caption":"Andreas Brandl"},"sameAs":["https:\/\/www.autogas-franken.de"],"url":"https:\/\/www.autogas-franken.de\/blog\/index.php\/archives\/author\/andy"}]}},"jetpack_featured_media_url":"","jetpack_sharing_enabled":true,"jetpack_shortlink":"https:\/\/wp.me\/p7UynC-P","jetpack-related-posts":[{"id":19,"url":"https:\/\/www.autogas-franken.de\/blog\/index.php\/archives\/autogas-news\/19-autogas-angebot-an-autobahnen-waechst.html","url_meta":{"origin":51,"position":0},"title":"Autogas-Angebot an Autobahnen w\u00e4chst","date":"24. Januar 2007","format":false,"excerpt":"Wie der \"Deutsche Verband Fl\u00fcssiggas\" (DVFG) in Berlin meldete, w\u00e4chst das Autogas-Angebot an den deutschen Autobahnen immer weiter. So unterh\u00e4lt allein die Betreibergesellschaft Tank & Rast an ihren Autobahn-Standorten mittlerweile 43 Autogas-Stationen, die bis zum Ende des Jahres 2006 noch auf 48 und in 2007 sogar auf rund 60 Autogas-Tankm\u00f6glichkeiten\u2026","rel":"","context":"In &quot;Autogas-news&quot;","img":{"alt_text":"","src":"","width":0,"height":0},"classes":[]},{"id":46,"url":"https:\/\/www.autogas-franken.de\/blog\/index.php\/archives\/auto-news\/46-stau-prognose-selbstzerstoerende-prophezeiung.html","url_meta":{"origin":51,"position":1},"title":"Stau-Prognose: Nur eine Selbstzerst\u00f6rende Prophezeiung?","date":"23. Oktober 2007","format":false,"excerpt":"Davon tr\u00e4umt jeder Autofahrer: Schlauer sein als all die anderen! Vor der Fahrt im Internet nachschauen, ob sich auf der geplanten Route etwas staut und in diesem Falle dann eine ander Route w\u00e4hlen! So oder so \u00e4hnlich soll es nun in Nordrhein-Westfalen m\u00f6glich sein! Das SWR3-Verkehrsteam will mit Hilfe einer\u2026","rel":"","context":"In &quot;Auto-news&quot;","img":{"alt_text":"","src":"","width":0,"height":0},"classes":[]},{"id":67,"url":"https:\/\/www.autogas-franken.de\/blog\/index.php\/archives\/autogas-news\/67-adac-studie-fuer-gasfahrzeuge.html","url_meta":{"origin":51,"position":2},"title":"ADAC-Studie f\u00fcr Gasfahrzeuge","date":"7. Oktober 2008","format":false,"excerpt":"\u00dcber Autos mit Gasantrieb h\u00f6rt man die unterschiedlichsten Meinungen. So lange die Bezinpreise hoch sind, ist es h\u00e4ufig \"PRO AUTOGAS\". Nun hat aber vor einiger Zeit der ADAC das Thema in einer umfangreichen Studie untersucht: Autos mit Gasantrieb sind inzwischen eine echte Alternative zu herk\u00f6mmlichen Kraftfahrzeugen: Da bei der Verbrennung\u2026","rel":"","context":"In &quot;Autogas-news&quot;","img":{"alt_text":"","src":"","width":0,"height":0},"classes":[]},{"id":35,"url":"https:\/\/www.autogas-franken.de\/blog\/index.php\/archives\/auto-news\/35-zur-altautoentsorgung-nach-jordanien.html","url_meta":{"origin":51,"position":3},"title":"Zur Altautoentsorgung nach Jordanien","date":"5. Juli 2007","format":false,"excerpt":"So ist das mit den Schnapsideen: Ein paar Autonarren und -bastler sa\u00dfen in Oberstaufen und suchten eine Herausforderung,\u00a0\u00a0\"ein zahlbares Abenteuer mit kalkulierbarem Risiko f\u00fcr positiv verr\u00fcckte Menschen\" und fanden eine Antwort auf die Rallye Paris-Dakar: Von Oberstaufen im Allg\u00e4u\u00a0nach Amman in Jordanien! F\u00fcr den Sieger unter Sonderbedingungen (Autobahnen und Mautstra\u00dfen,\u2026","rel":"","context":"In &quot;Auto-news&quot;","img":{"alt_text":"","src":"","width":0,"height":0},"classes":[]},{"id":53,"url":"https:\/\/www.autogas-franken.de\/blog\/index.php\/archives\/allgemein\/53-abbiegen-in-indien.html","url_meta":{"origin":51,"position":4},"title":"Abbiegen in Indien","date":"22. Januar 2008","format":false,"excerpt":"Bei uns in Deutschland ist alles bis ins Kleinste geregelt, sodass man inzwischen schon von einem Schilderwald spricht uns sich vor Verkehrsregeln kaum mehr auskennt! Trotzdem haben wir Staus \u00fcber Staus! Dass es auch anders geht, zeigt das Beispiel \"Kreuzung in Indien\": Hier f\u00e4hrt jeder wie er will! Aber es\u2026","rel":"","context":"In &quot;Allgemein&quot;","img":{"alt_text":"","src":"","width":0,"height":0},"classes":[]},{"id":11,"url":"https:\/\/www.autogas-franken.de\/blog\/index.php\/archives\/kraftstoffalternativen\/11-gasantrieb-lieber-vom-werk-als-umruesten.html","url_meta":{"origin":51,"position":5},"title":"Gasantrieb lieber vom Werk als umr\u00fcsten","date":"26. September 2006","format":false,"excerpt":"Deutschlands Autobesitzer sind durchaus bereit auf Alternativantrieb und -kraftstoff umzusteigen, allerdings h\u00e4tten sie am liebsten das Fahrzeug ab Werk mit dieser Technologie ausger\u00fcstet. Das ergab eine Studie von TNS Infratest und AutoScout24. In der Erhebung ging es haupts\u00e4chlich um die Frage, ob Interesse an neuartigen Antrieben besteht. Demnach sind 90\u2026","rel":"","context":"In &quot;Autogas-news&quot;","img":{"alt_text":"","src":"","width":0,"height":0},"classes":[]}],"_links":{"self":[{"href":"https:\/\/www.autogas-franken.de\/blog\/index.php\/wp-json\/wp\/v2\/posts\/51"}],"collection":[{"href":"https:\/\/www.autogas-franken.de\/blog\/index.php\/wp-json\/wp\/v2\/posts"}],"about":[{"href":"https:\/\/www.autogas-franken.de\/blog\/index.php\/wp-json\/wp\/v2\/types\/post"}],"author":[{"embeddable":true,"href":"https:\/\/www.autogas-franken.de\/blog\/index.php\/wp-json\/wp\/v2\/users\/4"}],"replies":[{"embeddable":true,"href":"https:\/\/www.autogas-franken.de\/blog\/index.php\/wp-json\/wp\/v2\/comments?post=51"}],"version-history":[{"count":0,"href":"https:\/\/www.autogas-franken.de\/blog\/index.php\/wp-json\/wp\/v2\/posts\/51\/revisions"}],"wp:attachment":[{"href":"https:\/\/www.autogas-franken.de\/blog\/index.php\/wp-json\/wp\/v2\/media?parent=51"}],"wp:term":[{"taxonomy":"category","embeddable":true,"href":"https:\/\/www.autogas-franken.de\/blog\/index.php\/wp-json\/wp\/v2\/categories?post=51"},{"taxonomy":"post_tag","embeddable":true,"href":"https:\/\/www.autogas-franken.de\/blog\/index.php\/wp-json\/wp\/v2\/tags?post=51"}],"curies":[{"name":"wp","href":"https:\/\/api.w.org\/{rel}","templated":true}]}}