{"id":50,"date":"2007-11-26T10:08:34","date_gmt":"2007-11-26T09:08:34","guid":{"rendered":"http:\/\/autogas-franken.de\/blog\/index.php\/archives\/allgemein\/50-geisterfahrer-wenden-fuer-kurzentschlossene.html"},"modified":"2007-11-26T10:19:51","modified_gmt":"2007-11-26T09:19:51","slug":"geisterfahrer-wenden-fuer-kurzentschlossene","status":"publish","type":"post","link":"https:\/\/www.autogas-franken.de\/blog\/index.php\/archives\/allgemein\/50-geisterfahrer-wenden-fuer-kurzentschlossene.html","title":{"rendered":"Geisterfahrer: Wenden f\u00fcr Kurzentschlossene"},"content":{"rendered":"<p>Beim <a title=\"Sind wir nicht alle Geisterfahrer?\" target=\"_blank\" href=\"http:\/\/www.stoibaer.de\/sind-wir-nicht-alle-geisterfahrer.html\"><strong>Stoib&auml;r <\/strong><\/a>(und der hat es von <a title=\"Autobahneinfahrt des Todes?\" target=\"_blank\" href=\"http:\/\/www.iraff.ch\/?p=1154\">iRaff<\/a>) hab ich dieses Filmchen einer <strong>Verkehrs-&Uuml;berwachungkamera <\/strong>gefunden, wahrscheinlich irgendwo in Russland:<\/p>\n<!--YouTube-Fehler: falsche URL eingegeben-->\n<p><strong>Wirklich unglaublich, das da nichts passiert ist!! <\/strong><\/p>\n<p>Mich w&uuml;rde wirklich mal interessieren, in welchem Land das aufgenommen wurde. F&uuml;r <strong>Russland <\/strong>schaut mir das alles zu modern aus, obwohl ja mal ein Lada durchs Bild f&auml;hrt. Vielleicht ist es auch <strong>Griechenland<\/strong>, wo man es ja bekanntlich ausserhalb der gr&ouml;&szlig;eren St&auml;dte auch nicht so genau nimmt mit den Verkehrsregeln. Ich bin ja am 20.12. in <a title=\"AE Larisa - 1. FCN\" target=\"_blank\" href=\"http:\/\/n-town.de\/glubbblog\/index.php\/archives\/uefa-cup-ui-cup\/194-gruppengegner-alkmaar-everton-larisa-petersburg.html\">Larissa<\/a>, da werd ich mal schauen, wie die da fahren! \ud83d\ude42<\/p>\n<p>Hoffentlich kommen diese Fahrer nie nach N&uuml;rnberg, schon gar nicht, wenn der <a title=\"Becksteintunnel unter dem Flughafen N&uuml;rnberg\" target=\"_blank\" href=\"http:\/\/bayern-wolln-mer.net\/blog\/index.php\/archives\/naemberch\/112-tunnel-unter-der-landebahn.html\">Beckstein-Tunnel<\/a> fertig ist&#8230;<\/p>\n<p>&nbsp;<\/p>\n<div class=\"sharedaddy sd-sharing-enabled\"><div class=\"robots-nocontent sd-block sd-social sd-social-icon sd-sharing\"><h3 class=\"sd-title\">Share this:<\/h3><div class=\"sd-content\"><ul><li class=\"share-print\"><a rel=\"nofollow noopener noreferrer\" data-shared=\"\" class=\"share-print sd-button share-icon no-text\" href=\"https:\/\/www.autogas-franken.de\/blog\/index.php\/archives\/allgemein\/50-geisterfahrer-wenden-fuer-kurzentschlossene.html\" target=\"_blank\" title=\"Klicken zum Ausdrucken\" ><span><\/span><span class=\"sharing-screen-reader-text\">Klicken zum Ausdrucken (Wird in neuem Fenster ge\u00f6ffnet)<\/span><\/a><\/li><li class=\"share-email\"><a rel=\"nofollow noopener noreferrer\" data-shared=\"\" class=\"share-email sd-button share-icon no-text\" href=\"mailto:?subject=%5BGeteilter%20Beitrag%5D%20Geisterfahrer%3A%20Wenden%20f%C3%BCr%20Kurzentschlossene&body=https%3A%2F%2Fwww.autogas-franken.de%2Fblog%2Findex.php%2Farchives%2Fallgemein%2F50-geisterfahrer-wenden-fuer-kurzentschlossene.html&share=email\" target=\"_blank\" title=\"Klicken, um einem Freund einen Link per E-Mail zu senden\" data-email-share-error-title=\"Hast du E-Mail eingerichtet?\" data-email-share-error-text=\"Wenn du Probleme mit dem Teilen per E-Mail hast, ist E-Mail m\u00f6glicherweise nicht f\u00fcr deinen Browser eingerichtet. Du musst die neue E-Mail-Einrichtung m\u00f6glicherweise selbst vornehmen.\" data-email-share-nonce=\"cce571edd3\" data-email-share-track-url=\"https:\/\/www.autogas-franken.de\/blog\/index.php\/archives\/allgemein\/50-geisterfahrer-wenden-fuer-kurzentschlossene.html?share=email\"><span><\/span><span class=\"sharing-screen-reader-text\">Klicken, um einem Freund einen Link per E-Mail zu senden (Wird in neuem Fenster ge\u00f6ffnet)<\/span><\/a><\/li><li class=\"share-twitter\"><a rel=\"nofollow noopener noreferrer\" data-shared=\"sharing-twitter-50\" class=\"share-twitter sd-button share-icon no-text\" href=\"https:\/\/www.autogas-franken.de\/blog\/index.php\/archives\/allgemein\/50-geisterfahrer-wenden-fuer-kurzentschlossene.html?share=twitter\" target=\"_blank\" title=\"Klick, um \u00fcber Twitter zu teilen\" ><span><\/span><span class=\"sharing-screen-reader-text\">Klick, um \u00fcber Twitter zu teilen (Wird in neuem Fenster ge\u00f6ffnet)<\/span><\/a><\/li><li class=\"share-jetpack-whatsapp\"><a rel=\"nofollow noopener noreferrer\" data-shared=\"\" class=\"share-jetpack-whatsapp sd-button share-icon no-text\" href=\"https:\/\/www.autogas-franken.de\/blog\/index.php\/archives\/allgemein\/50-geisterfahrer-wenden-fuer-kurzentschlossene.html?share=jetpack-whatsapp\" target=\"_blank\" title=\"Klicken, um auf WhatsApp zu teilen\" ><span><\/span><span class=\"sharing-screen-reader-text\">Klicken, um auf WhatsApp zu teilen (Wird in neuem Fenster ge\u00f6ffnet)<\/span><\/a><\/li><li class=\"share-linkedin\"><a rel=\"nofollow noopener noreferrer\" data-shared=\"sharing-linkedin-50\" class=\"share-linkedin sd-button share-icon no-text\" href=\"https:\/\/www.autogas-franken.de\/blog\/index.php\/archives\/allgemein\/50-geisterfahrer-wenden-fuer-kurzentschlossene.html?share=linkedin\" target=\"_blank\" title=\"Klick, um auf LinkedIn zu teilen\" ><span><\/span><span class=\"sharing-screen-reader-text\">Klick, um auf LinkedIn zu teilen (Wird in neuem Fenster ge\u00f6ffnet)<\/span><\/a><\/li><li class=\"share-reddit\"><a rel=\"nofollow noopener noreferrer\" data-shared=\"\" class=\"share-reddit sd-button share-icon no-text\" href=\"https:\/\/www.autogas-franken.de\/blog\/index.php\/archives\/allgemein\/50-geisterfahrer-wenden-fuer-kurzentschlossene.html?share=reddit\" target=\"_blank\" title=\"Klick, um auf Reddit zu teilen\" ><span><\/span><span class=\"sharing-screen-reader-text\">Klick, um auf Reddit zu teilen (Wird in neuem Fenster ge\u00f6ffnet)<\/span><\/a><\/li><li class=\"share-tumblr\"><a rel=\"nofollow noopener noreferrer\" data-shared=\"\" class=\"share-tumblr sd-button share-icon no-text\" href=\"https:\/\/www.autogas-franken.de\/blog\/index.php\/archives\/allgemein\/50-geisterfahrer-wenden-fuer-kurzentschlossene.html?share=tumblr\" target=\"_blank\" title=\"Klick, um auf Tumblr zu teilen\" ><span><\/span><span class=\"sharing-screen-reader-text\">Klick, um auf Tumblr zu teilen (Wird in neuem Fenster ge\u00f6ffnet)<\/span><\/a><\/li><li class=\"share-pinterest\"><a rel=\"nofollow noopener noreferrer\" data-shared=\"sharing-pinterest-50\" class=\"share-pinterest sd-button share-icon no-text\" href=\"https:\/\/www.autogas-franken.de\/blog\/index.php\/archives\/allgemein\/50-geisterfahrer-wenden-fuer-kurzentschlossene.html?share=pinterest\" target=\"_blank\" title=\"Klick, um auf Pinterest zu teilen\" ><span><\/span><span class=\"sharing-screen-reader-text\">Klick, um auf Pinterest zu teilen (Wird in neuem Fenster ge\u00f6ffnet)<\/span><\/a><\/li><li class=\"share-telegram\"><a rel=\"nofollow noopener noreferrer\" data-shared=\"\" class=\"share-telegram sd-button share-icon no-text\" href=\"https:\/\/www.autogas-franken.de\/blog\/index.php\/archives\/allgemein\/50-geisterfahrer-wenden-fuer-kurzentschlossene.html?share=telegram\" target=\"_blank\" title=\"Klicken, um auf Telegram zu teilen\" ><span><\/span><span class=\"sharing-screen-reader-text\">Klicken, um auf Telegram zu teilen (Wird in neuem Fenster ge\u00f6ffnet)<\/span><\/a><\/li><li class=\"share-pocket\"><a rel=\"nofollow noopener noreferrer\" data-shared=\"\" class=\"share-pocket sd-button share-icon no-text\" href=\"https:\/\/www.autogas-franken.de\/blog\/index.php\/archives\/allgemein\/50-geisterfahrer-wenden-fuer-kurzentschlossene.html?share=pocket\" target=\"_blank\" title=\"Klick, um auf Pocket zu teilen\" ><span><\/span><span class=\"sharing-screen-reader-text\">Klick, um auf Pocket zu teilen (Wird in neuem Fenster ge\u00f6ffnet)<\/span><\/a><\/li><li class=\"share-skype\"><a rel=\"nofollow noopener noreferrer\" data-shared=\"sharing-skype-50\" class=\"share-skype sd-button share-icon no-text\" href=\"https:\/\/www.autogas-franken.de\/blog\/index.php\/archives\/allgemein\/50-geisterfahrer-wenden-fuer-kurzentschlossene.html?share=skype\" target=\"_blank\" title=\"Klicken, um in Skype zu teilen\" ><span><\/span><span class=\"sharing-screen-reader-text\">Klicken, um in Skype zu teilen (Wird in neuem Fenster ge\u00f6ffnet)<\/span><\/a><\/li><li><a href=\"#\" class=\"sharing-anchor sd-button share-more\"><span>Mehr<\/span><\/a><\/li><li class=\"share-end\"><\/li><\/ul><div class=\"sharing-hidden\"><div class=\"inner\" style=\"display: none;width:150px;\"><ul style=\"background-image:none;\"><li class=\"share-facebook\"><a rel=\"nofollow noopener noreferrer\" data-shared=\"sharing-facebook-50\" class=\"share-facebook sd-button share-icon no-text\" href=\"https:\/\/www.autogas-franken.de\/blog\/index.php\/archives\/allgemein\/50-geisterfahrer-wenden-fuer-kurzentschlossene.html?share=facebook\" target=\"_blank\" title=\"Klick, um auf Facebook zu teilen\" ><span><\/span><span class=\"sharing-screen-reader-text\">Klick, um auf Facebook zu teilen (Wird in neuem Fenster ge\u00f6ffnet)<\/span><\/a><\/li><li class=\"share-end\"><\/li><\/ul><\/div><\/div><\/div><\/div><\/div>","protected":false},"excerpt":{"rendered":"<p>Beim Stoib&auml;r (und der hat es von iRaff) hab ich dieses Filmchen einer Verkehrs-&Uuml;berwachungkamera gefunden, wahrscheinlich irgendwo in Russland: Wirklich unglaublich, das da nichts passiert ist!! Mich w&uuml;rde wirklich mal interessieren, in welchem Land das aufgenommen wurde. F&uuml;r Russland schaut &hellip; <a href=\"https:\/\/www.autogas-franken.de\/blog\/index.php\/archives\/allgemein\/50-geisterfahrer-wenden-fuer-kurzentschlossene.html\">Weiterlesen <span class=\"meta-nav\">&rarr;<\/span><\/a><\/p>\n<div class=\"sharedaddy sd-sharing-enabled\"><div class=\"robots-nocontent sd-block sd-social sd-social-icon sd-sharing\"><h3 class=\"sd-title\">Share this:<\/h3><div class=\"sd-content\"><ul><li class=\"share-print\"><a rel=\"nofollow noopener noreferrer\" data-shared=\"\" class=\"share-print sd-button share-icon no-text\" href=\"https:\/\/www.autogas-franken.de\/blog\/index.php\/archives\/allgemein\/50-geisterfahrer-wenden-fuer-kurzentschlossene.html\" target=\"_blank\" title=\"Klicken zum Ausdrucken\" ><span><\/span><span class=\"sharing-screen-reader-text\">Klicken zum Ausdrucken (Wird in neuem Fenster ge\u00f6ffnet)<\/span><\/a><\/li><li class=\"share-email\"><a rel=\"nofollow noopener noreferrer\" data-shared=\"\" class=\"share-email sd-button share-icon no-text\" href=\"mailto:?subject=%5BGeteilter%20Beitrag%5D%20Geisterfahrer%3A%20Wenden%20f%C3%BCr%20Kurzentschlossene&body=https%3A%2F%2Fwww.autogas-franken.de%2Fblog%2Findex.php%2Farchives%2Fallgemein%2F50-geisterfahrer-wenden-fuer-kurzentschlossene.html&share=email\" target=\"_blank\" title=\"Klicken, um einem Freund einen Link per E-Mail zu senden\" data-email-share-error-title=\"Hast du E-Mail eingerichtet?\" data-email-share-error-text=\"Wenn du Probleme mit dem Teilen per E-Mail hast, ist E-Mail m\u00f6glicherweise nicht f\u00fcr deinen Browser eingerichtet. Du musst die neue E-Mail-Einrichtung m\u00f6glicherweise selbst vornehmen.\" data-email-share-nonce=\"cce571edd3\" data-email-share-track-url=\"https:\/\/www.autogas-franken.de\/blog\/index.php\/archives\/allgemein\/50-geisterfahrer-wenden-fuer-kurzentschlossene.html?share=email\"><span><\/span><span class=\"sharing-screen-reader-text\">Klicken, um einem Freund einen Link per E-Mail zu senden (Wird in neuem Fenster ge\u00f6ffnet)<\/span><\/a><\/li><li class=\"share-twitter\"><a rel=\"nofollow noopener noreferrer\" data-shared=\"sharing-twitter-50\" class=\"share-twitter sd-button share-icon no-text\" href=\"https:\/\/www.autogas-franken.de\/blog\/index.php\/archives\/allgemein\/50-geisterfahrer-wenden-fuer-kurzentschlossene.html?share=twitter\" target=\"_blank\" title=\"Klick, um \u00fcber Twitter zu teilen\" ><span><\/span><span class=\"sharing-screen-reader-text\">Klick, um \u00fcber Twitter zu teilen (Wird in neuem Fenster ge\u00f6ffnet)<\/span><\/a><\/li><li class=\"share-jetpack-whatsapp\"><a rel=\"nofollow noopener noreferrer\" data-shared=\"\" class=\"share-jetpack-whatsapp sd-button share-icon no-text\" href=\"https:\/\/www.autogas-franken.de\/blog\/index.php\/archives\/allgemein\/50-geisterfahrer-wenden-fuer-kurzentschlossene.html?share=jetpack-whatsapp\" target=\"_blank\" title=\"Klicken, um auf WhatsApp zu teilen\" ><span><\/span><span class=\"sharing-screen-reader-text\">Klicken, um auf WhatsApp zu teilen (Wird in neuem Fenster ge\u00f6ffnet)<\/span><\/a><\/li><li class=\"share-linkedin\"><a rel=\"nofollow noopener noreferrer\" data-shared=\"sharing-linkedin-50\" class=\"share-linkedin sd-button share-icon no-text\" href=\"https:\/\/www.autogas-franken.de\/blog\/index.php\/archives\/allgemein\/50-geisterfahrer-wenden-fuer-kurzentschlossene.html?share=linkedin\" target=\"_blank\" title=\"Klick, um auf LinkedIn zu teilen\" ><span><\/span><span class=\"sharing-screen-reader-text\">Klick, um auf LinkedIn zu teilen (Wird in neuem Fenster ge\u00f6ffnet)<\/span><\/a><\/li><li class=\"share-reddit\"><a rel=\"nofollow noopener noreferrer\" data-shared=\"\" class=\"share-reddit sd-button share-icon no-text\" href=\"https:\/\/www.autogas-franken.de\/blog\/index.php\/archives\/allgemein\/50-geisterfahrer-wenden-fuer-kurzentschlossene.html?share=reddit\" target=\"_blank\" title=\"Klick, um auf Reddit zu teilen\" ><span><\/span><span class=\"sharing-screen-reader-text\">Klick, um auf Reddit zu teilen (Wird in neuem Fenster ge\u00f6ffnet)<\/span><\/a><\/li><li class=\"share-tumblr\"><a rel=\"nofollow noopener noreferrer\" data-shared=\"\" class=\"share-tumblr sd-button share-icon no-text\" href=\"https:\/\/www.autogas-franken.de\/blog\/index.php\/archives\/allgemein\/50-geisterfahrer-wenden-fuer-kurzentschlossene.html?share=tumblr\" target=\"_blank\" title=\"Klick, um auf Tumblr zu teilen\" ><span><\/span><span class=\"sharing-screen-reader-text\">Klick, um auf Tumblr zu teilen (Wird in neuem Fenster ge\u00f6ffnet)<\/span><\/a><\/li><li class=\"share-pinterest\"><a rel=\"nofollow noopener noreferrer\" data-shared=\"sharing-pinterest-50\" class=\"share-pinterest sd-button share-icon no-text\" href=\"https:\/\/www.autogas-franken.de\/blog\/index.php\/archives\/allgemein\/50-geisterfahrer-wenden-fuer-kurzentschlossene.html?share=pinterest\" target=\"_blank\" title=\"Klick, um auf Pinterest zu teilen\" ><span><\/span><span class=\"sharing-screen-reader-text\">Klick, um auf Pinterest zu teilen (Wird in neuem Fenster ge\u00f6ffnet)<\/span><\/a><\/li><li class=\"share-telegram\"><a rel=\"nofollow noopener noreferrer\" data-shared=\"\" class=\"share-telegram sd-button share-icon no-text\" href=\"https:\/\/www.autogas-franken.de\/blog\/index.php\/archives\/allgemein\/50-geisterfahrer-wenden-fuer-kurzentschlossene.html?share=telegram\" target=\"_blank\" title=\"Klicken, um auf Telegram zu teilen\" ><span><\/span><span class=\"sharing-screen-reader-text\">Klicken, um auf Telegram zu teilen (Wird in neuem Fenster ge\u00f6ffnet)<\/span><\/a><\/li><li class=\"share-pocket\"><a rel=\"nofollow noopener noreferrer\" data-shared=\"\" class=\"share-pocket sd-button share-icon no-text\" href=\"https:\/\/www.autogas-franken.de\/blog\/index.php\/archives\/allgemein\/50-geisterfahrer-wenden-fuer-kurzentschlossene.html?share=pocket\" target=\"_blank\" title=\"Klick, um auf Pocket zu teilen\" ><span><\/span><span class=\"sharing-screen-reader-text\">Klick, um auf Pocket zu teilen (Wird in neuem Fenster ge\u00f6ffnet)<\/span><\/a><\/li><li class=\"share-skype\"><a rel=\"nofollow noopener noreferrer\" data-shared=\"sharing-skype-50\" class=\"share-skype sd-button share-icon no-text\" href=\"https:\/\/www.autogas-franken.de\/blog\/index.php\/archives\/allgemein\/50-geisterfahrer-wenden-fuer-kurzentschlossene.html?share=skype\" target=\"_blank\" title=\"Klicken, um in Skype zu teilen\" ><span><\/span><span class=\"sharing-screen-reader-text\">Klicken, um in Skype zu teilen (Wird in neuem Fenster ge\u00f6ffnet)<\/span><\/a><\/li><li><a href=\"#\" class=\"sharing-anchor sd-button share-more\"><span>Mehr<\/span><\/a><\/li><li class=\"share-end\"><\/li><\/ul><div class=\"sharing-hidden\"><div class=\"inner\" style=\"display: none;width:150px;\"><ul style=\"background-image:none;\"><li class=\"share-facebook\"><a rel=\"nofollow noopener noreferrer\" data-shared=\"sharing-facebook-50\" class=\"share-facebook sd-button share-icon no-text\" href=\"https:\/\/www.autogas-franken.de\/blog\/index.php\/archives\/allgemein\/50-geisterfahrer-wenden-fuer-kurzentschlossene.html?share=facebook\" target=\"_blank\" title=\"Klick, um auf Facebook zu teilen\" ><span><\/span><span class=\"sharing-screen-reader-text\">Klick, um auf Facebook zu teilen (Wird in neuem Fenster ge\u00f6ffnet)<\/span><\/a><\/li><li class=\"share-end\"><\/li><\/ul><\/div><\/div><\/div><\/div><\/div>","protected":false},"author":4,"featured_media":0,"comment_status":"open","ping_status":"open","sticky":false,"template":"","format":"standard","meta":{"jetpack_post_was_ever_published":false,"jetpack_publicize_message":"","jetpack_is_tweetstorm":false,"jetpack_publicize_feature_enabled":true},"categories":[1],"tags":[58,23],"jetpack_publicize_connections":[],"yoast_head":"<!-- This site is optimized with the Yoast SEO plugin v19.7.2 - https:\/\/yoast.com\/wordpress\/plugins\/seo\/ -->\n<title>Geisterfahrer: Wenden f\u00fcr Kurzentschlossene - Autogas f\u00fcr Franken<\/title>\n<meta name=\"robots\" content=\"index, follow, max-snippet:-1, max-image-preview:large, max-video-preview:-1\" \/>\n<link rel=\"canonical\" href=\"https:\/\/www.autogas-franken.de\/blog\/index.php\/archives\/allgemein\/50-geisterfahrer-wenden-fuer-kurzentschlossene.html\" \/>\n<meta property=\"og:locale\" content=\"de_DE\" \/>\n<meta property=\"og:type\" content=\"article\" \/>\n<meta property=\"og:title\" content=\"Geisterfahrer: Wenden f\u00fcr Kurzentschlossene - Autogas f\u00fcr Franken\" \/>\n<meta property=\"og:description\" content=\"Beim Stoib&auml;r (und der hat es von iRaff) hab ich dieses Filmchen einer Verkehrs-&Uuml;berwachungkamera gefunden, wahrscheinlich irgendwo in Russland: Wirklich unglaublich, das da nichts passiert ist!! Mich w&uuml;rde wirklich mal interessieren, in welchem Land das aufgenommen wurde. F&uuml;r Russland schaut &hellip; Weiterlesen &rarr;\" \/>\n<meta property=\"og:url\" content=\"https:\/\/www.autogas-franken.de\/blog\/index.php\/archives\/allgemein\/50-geisterfahrer-wenden-fuer-kurzentschlossene.html\" \/>\n<meta property=\"og:site_name\" content=\"Autogas f\u00fcr Franken\" \/>\n<meta property=\"article:published_time\" content=\"2007-11-26T09:08:34+00:00\" \/>\n<meta property=\"article:modified_time\" content=\"2007-11-26T09:19:51+00:00\" \/>\n<meta name=\"author\" content=\"Andreas Brandl\" \/>\n<meta name=\"twitter:card\" content=\"summary_large_image\" \/>\n<meta name=\"twitter:label1\" content=\"Verfasst von\" \/>\n\t<meta name=\"twitter:data1\" content=\"Andreas Brandl\" \/>\n\t<meta name=\"twitter:label2\" content=\"Gesch\u00e4tzte Lesezeit\" \/>\n\t<meta name=\"twitter:data2\" content=\"1\u00a0Minute\" \/>\n<script type=\"application\/ld+json\" class=\"yoast-schema-graph\">{\"@context\":\"https:\/\/schema.org\",\"@graph\":[{\"@type\":\"WebPage\",\"@id\":\"https:\/\/www.autogas-franken.de\/blog\/index.php\/archives\/allgemein\/50-geisterfahrer-wenden-fuer-kurzentschlossene.html\",\"url\":\"https:\/\/www.autogas-franken.de\/blog\/index.php\/archives\/allgemein\/50-geisterfahrer-wenden-fuer-kurzentschlossene.html\",\"name\":\"Geisterfahrer: Wenden f\u00fcr Kurzentschlossene - Autogas f\u00fcr Franken\",\"isPartOf\":{\"@id\":\"https:\/\/www.autogas-franken.de\/blog\/#website\"},\"datePublished\":\"2007-11-26T09:08:34+00:00\",\"dateModified\":\"2007-11-26T09:19:51+00:00\",\"author\":{\"@id\":\"https:\/\/www.autogas-franken.de\/blog\/#\/schema\/person\/36b3c83f7b1b0de84c9e9fd0808559e3\"},\"breadcrumb\":{\"@id\":\"https:\/\/www.autogas-franken.de\/blog\/index.php\/archives\/allgemein\/50-geisterfahrer-wenden-fuer-kurzentschlossene.html#breadcrumb\"},\"inLanguage\":\"de\",\"potentialAction\":[{\"@type\":\"ReadAction\",\"target\":[\"https:\/\/www.autogas-franken.de\/blog\/index.php\/archives\/allgemein\/50-geisterfahrer-wenden-fuer-kurzentschlossene.html\"]}]},{\"@type\":\"BreadcrumbList\",\"@id\":\"https:\/\/www.autogas-franken.de\/blog\/index.php\/archives\/allgemein\/50-geisterfahrer-wenden-fuer-kurzentschlossene.html#breadcrumb\",\"itemListElement\":[{\"@type\":\"ListItem\",\"position\":1,\"name\":\"Startseite\",\"item\":\"https:\/\/www.autogas-franken.de\/blog\"},{\"@type\":\"ListItem\",\"position\":2,\"name\":\"Geisterfahrer: Wenden f\u00fcr Kurzentschlossene\"}]},{\"@type\":\"WebSite\",\"@id\":\"https:\/\/www.autogas-franken.de\/blog\/#website\",\"url\":\"https:\/\/www.autogas-franken.de\/blog\/\",\"name\":\"Autogas f\u00fcr Franken\",\"description\":\"Erfahrungen mit den auf LPG umger\u00fcsteten Audi A3 und Skoda Oktavia\",\"potentialAction\":[{\"@type\":\"SearchAction\",\"target\":{\"@type\":\"EntryPoint\",\"urlTemplate\":\"https:\/\/www.autogas-franken.de\/blog\/?s={search_term_string}\"},\"query-input\":\"required name=search_term_string\"}],\"inLanguage\":\"de\"},{\"@type\":\"Person\",\"@id\":\"https:\/\/www.autogas-franken.de\/blog\/#\/schema\/person\/36b3c83f7b1b0de84c9e9fd0808559e3\",\"name\":\"Andreas Brandl\",\"image\":{\"@type\":\"ImageObject\",\"inLanguage\":\"de\",\"@id\":\"https:\/\/www.autogas-franken.de\/blog\/#\/schema\/person\/image\/\",\"url\":\"https:\/\/secure.gravatar.com\/avatar\/64afc4ffd14df9b18b8e0434d79253ad?s=96&d=mm&r=g\",\"contentUrl\":\"https:\/\/secure.gravatar.com\/avatar\/64afc4ffd14df9b18b8e0434d79253ad?s=96&d=mm&r=g\",\"caption\":\"Andreas Brandl\"},\"sameAs\":[\"https:\/\/www.autogas-franken.de\"],\"url\":\"https:\/\/www.autogas-franken.de\/blog\/index.php\/archives\/author\/andy\"}]}<\/script>\n<!-- \/ Yoast SEO plugin. -->","yoast_head_json":{"title":"Geisterfahrer: Wenden f\u00fcr Kurzentschlossene - Autogas f\u00fcr Franken","robots":{"index":"index","follow":"follow","max-snippet":"max-snippet:-1","max-image-preview":"max-image-preview:large","max-video-preview":"max-video-preview:-1"},"canonical":"https:\/\/www.autogas-franken.de\/blog\/index.php\/archives\/allgemein\/50-geisterfahrer-wenden-fuer-kurzentschlossene.html","og_locale":"de_DE","og_type":"article","og_title":"Geisterfahrer: Wenden f\u00fcr Kurzentschlossene - Autogas f\u00fcr Franken","og_description":"Beim Stoib&auml;r (und der hat es von iRaff) hab ich dieses Filmchen einer Verkehrs-&Uuml;berwachungkamera gefunden, wahrscheinlich irgendwo in Russland: Wirklich unglaublich, das da nichts passiert ist!! Mich w&uuml;rde wirklich mal interessieren, in welchem Land das aufgenommen wurde. F&uuml;r Russland schaut &hellip; Weiterlesen &rarr;","og_url":"https:\/\/www.autogas-franken.de\/blog\/index.php\/archives\/allgemein\/50-geisterfahrer-wenden-fuer-kurzentschlossene.html","og_site_name":"Autogas f\u00fcr Franken","article_published_time":"2007-11-26T09:08:34+00:00","article_modified_time":"2007-11-26T09:19:51+00:00","author":"Andreas Brandl","twitter_card":"summary_large_image","twitter_misc":{"Verfasst von":"Andreas Brandl","Gesch\u00e4tzte Lesezeit":"1\u00a0Minute"},"schema":{"@context":"https:\/\/schema.org","@graph":[{"@type":"WebPage","@id":"https:\/\/www.autogas-franken.de\/blog\/index.php\/archives\/allgemein\/50-geisterfahrer-wenden-fuer-kurzentschlossene.html","url":"https:\/\/www.autogas-franken.de\/blog\/index.php\/archives\/allgemein\/50-geisterfahrer-wenden-fuer-kurzentschlossene.html","name":"Geisterfahrer: Wenden f\u00fcr Kurzentschlossene - Autogas f\u00fcr Franken","isPartOf":{"@id":"https:\/\/www.autogas-franken.de\/blog\/#website"},"datePublished":"2007-11-26T09:08:34+00:00","dateModified":"2007-11-26T09:19:51+00:00","author":{"@id":"https:\/\/www.autogas-franken.de\/blog\/#\/schema\/person\/36b3c83f7b1b0de84c9e9fd0808559e3"},"breadcrumb":{"@id":"https:\/\/www.autogas-franken.de\/blog\/index.php\/archives\/allgemein\/50-geisterfahrer-wenden-fuer-kurzentschlossene.html#breadcrumb"},"inLanguage":"de","potentialAction":[{"@type":"ReadAction","target":["https:\/\/www.autogas-franken.de\/blog\/index.php\/archives\/allgemein\/50-geisterfahrer-wenden-fuer-kurzentschlossene.html"]}]},{"@type":"BreadcrumbList","@id":"https:\/\/www.autogas-franken.de\/blog\/index.php\/archives\/allgemein\/50-geisterfahrer-wenden-fuer-kurzentschlossene.html#breadcrumb","itemListElement":[{"@type":"ListItem","position":1,"name":"Startseite","item":"https:\/\/www.autogas-franken.de\/blog"},{"@type":"ListItem","position":2,"name":"Geisterfahrer: Wenden f\u00fcr Kurzentschlossene"}]},{"@type":"WebSite","@id":"https:\/\/www.autogas-franken.de\/blog\/#website","url":"https:\/\/www.autogas-franken.de\/blog\/","name":"Autogas f\u00fcr Franken","description":"Erfahrungen mit den auf LPG umger\u00fcsteten Audi A3 und Skoda Oktavia","potentialAction":[{"@type":"SearchAction","target":{"@type":"EntryPoint","urlTemplate":"https:\/\/www.autogas-franken.de\/blog\/?s={search_term_string}"},"query-input":"required name=search_term_string"}],"inLanguage":"de"},{"@type":"Person","@id":"https:\/\/www.autogas-franken.de\/blog\/#\/schema\/person\/36b3c83f7b1b0de84c9e9fd0808559e3","name":"Andreas Brandl","image":{"@type":"ImageObject","inLanguage":"de","@id":"https:\/\/www.autogas-franken.de\/blog\/#\/schema\/person\/image\/","url":"https:\/\/secure.gravatar.com\/avatar\/64afc4ffd14df9b18b8e0434d79253ad?s=96&d=mm&r=g","contentUrl":"https:\/\/secure.gravatar.com\/avatar\/64afc4ffd14df9b18b8e0434d79253ad?s=96&d=mm&r=g","caption":"Andreas Brandl"},"sameAs":["https:\/\/www.autogas-franken.de"],"url":"https:\/\/www.autogas-franken.de\/blog\/index.php\/archives\/author\/andy"}]}},"jetpack_featured_media_url":"","jetpack_sharing_enabled":true,"jetpack_shortlink":"https:\/\/wp.me\/p7UynC-O","jetpack-related-posts":[{"id":42,"url":"https:\/\/www.autogas-franken.de\/blog\/index.php\/archives\/autogastankstellen\/42-autogas-tankstelle-hermsdorf.html","url_meta":{"origin":50,"position":0},"title":"Autogas-Tankstelle Hermsdorf","date":"30. September 2007","format":false,"excerpt":"Am vergangenen Wochenende konnte ich mich mal wieder als Gastankstellen-Tester beweisen. Ein Trip in den Osten Deutschlands stand an und da an der Autobahn A9 nach dem Hermsdorfer Kreuz erst wieder in Linthe eine Autogastanke an der Autobahn ist, musste ich also hier \"nachf\u00fcllen\". Diesmal hab ich mir die ausgesucht,\u2026","rel":"","context":"In &quot;Autogastankstellen&quot;","img":{"alt_text":"","src":"","width":0,"height":0},"classes":[]},{"id":13,"url":"https:\/\/www.autogas-franken.de\/blog\/index.php\/archives\/werkstatt\/13-motorfehler-und-werkstatt-findet-nix-2.html","url_meta":{"origin":50,"position":1},"title":"Motorfehler und Werkstatt findet nix (2)","date":"27. Oktober 2006","format":false,"excerpt":"7. Noch mal zum Umr\u00fcster 08.2006 Bevor ich ver\u00e4rgert \u00fcber die Audi-Jungs aus der N\u00fcrnberger S\u00fcdstadt zu einer anderen Werkstatt gehe, schau ich doch lieber noch mal bei meinem Umr\u00fcster vorbei! Dessen Jungs haben nach einem Tages-Check \"auch nix gefunden\" und meinten, dass das ja eh nichts mit der Gasanlage\u2026","rel":"","context":"In &quot;Werkstatt&quot;","img":{"alt_text":"","src":"","width":0,"height":0},"classes":[]},{"id":306,"url":"https:\/\/www.autogas-franken.de\/blog\/index.php\/archives\/kraftstoffalternativen\/306-audi-will-automobil-und-energiemarkt-revoluzionieren.html","url_meta":{"origin":50,"position":2},"title":"Audi will Automobil- und Energiemarkt revolutionieren","date":"19. Februar 2013","format":false,"excerpt":"Wenn Audi das wirklich so durchzieht, dann w\u00e4re das eine Revolution der Automobilbranche und der Treibstoffgewinnung! Denn derzeit investiert der Ingolst\u00e4dter Autobauer in alternative Energie-Projekte wie z.B. Windkraft um mit dieser \u00d6ko-Energie seine Fahrzeuge zu anzutreiben. Ganzheitliche CO2-Neutrale Mobilit\u00e4t Grundgedanke hinter dem Projekt mit der Bezeichnung\u00a0e-tron\u00a0ist, dass ein Elektrofahrzeug nicht\u2026","rel":"","context":"In &quot;Kraftstoffalternativen&quot;","img":{"alt_text":"","src":"","width":0,"height":0},"classes":[]},{"id":12,"url":"https:\/\/www.autogas-franken.de\/blog\/index.php\/archives\/werkstatt\/12-motorfehler-und-motorruckeln-werkstatt-findet-nix-1.html","url_meta":{"origin":50,"position":3},"title":"Motorfehler und Werkstatt findet nix (1)","date":"11. Oktober 2006","format":false,"excerpt":"Tja, nachdem ich mit meinem Audi A3 1,8T insgesamt 79.211 km auf Autogas gefahren bin und immer voll des Lobes war (und eigentlich auch noch bin) begann Mitte Juli 2006 die Zeit des Schreckens! Gerade, als ich meine HTML-Seiten aus dem Netz genommen hab um einen Weblog aufzuziehen. Nun muss\u2026","rel":"","context":"In &quot;Werkstatt&quot;","img":{"alt_text":"","src":"","width":0,"height":0},"classes":[]},{"id":81,"url":"https:\/\/www.autogas-franken.de\/blog\/index.php\/archives\/autogas-news\/81-neues-autogas-auto-fuer-unter-10000-euro.html","url_meta":{"origin":50,"position":4},"title":"Neues Autogas-Auto f\u00fcr unter 10.000 Euro","date":"23. Dezember 2008","format":false,"excerpt":"Der Russische Automobil-Lieferant Lada greift nun auch ins Autogas-Segment ein: Der Kalina 1119 GPlus wird f\u00fcr 9.990 Euro angeboten. In diesem \"Minipreis\" ist sogar eine Serienausstattung mit Frontairbags, elektrischen Fensterhebern vorne, elektromechanischer Servolenkung, Zentralverriegelung mit Fernbedienung, Metalliclackierung und auch die Autogasanlage inklusive! Die Kombivariante Lada 1117 GPlus mit der gleichen\u2026","rel":"","context":"In &quot;Autogas-news&quot;","img":{"alt_text":"","src":"","width":0,"height":0},"classes":[]},{"id":7,"url":"https:\/\/www.autogas-franken.de\/blog\/index.php\/archives\/allgemein\/7-willkommen-auf-autogas-frankende.html","url_meta":{"origin":50,"position":5},"title":"Willkommen auf Autogas-Franken.de","date":"19. September 2006","format":false,"excerpt":"Viele Leute m\u00fcssen heutzutage versuchen ihre Tankkosten zu senken. Was bietet sich da besser an als einen Treibstoff zu w\u00e4hlen, bei dem der Liter derzeit mit ca. 0,60 Cent um 53% billiger ist als Super-Benzin! So\u00a0war auch ich gezwungen, \u00fcber meine Fahrtkosten nachzudenken, als ich Mitte 2004 beruflich von der\u00a0Frankenmetropole\u2026","rel":"","context":"In &quot;Allgemein&quot;","img":{"alt_text":"","src":"","width":0,"height":0},"classes":[]}],"_links":{"self":[{"href":"https:\/\/www.autogas-franken.de\/blog\/index.php\/wp-json\/wp\/v2\/posts\/50"}],"collection":[{"href":"https:\/\/www.autogas-franken.de\/blog\/index.php\/wp-json\/wp\/v2\/posts"}],"about":[{"href":"https:\/\/www.autogas-franken.de\/blog\/index.php\/wp-json\/wp\/v2\/types\/post"}],"author":[{"embeddable":true,"href":"https:\/\/www.autogas-franken.de\/blog\/index.php\/wp-json\/wp\/v2\/users\/4"}],"replies":[{"embeddable":true,"href":"https:\/\/www.autogas-franken.de\/blog\/index.php\/wp-json\/wp\/v2\/comments?post=50"}],"version-history":[{"count":0,"href":"https:\/\/www.autogas-franken.de\/blog\/index.php\/wp-json\/wp\/v2\/posts\/50\/revisions"}],"wp:attachment":[{"href":"https:\/\/www.autogas-franken.de\/blog\/index.php\/wp-json\/wp\/v2\/media?parent=50"}],"wp:term":[{"taxonomy":"category","embeddable":true,"href":"https:\/\/www.autogas-franken.de\/blog\/index.php\/wp-json\/wp\/v2\/categories?post=50"},{"taxonomy":"post_tag","embeddable":true,"href":"https:\/\/www.autogas-franken.de\/blog\/index.php\/wp-json\/wp\/v2\/tags?post=50"}],"curies":[{"name":"wp","href":"https:\/\/api.w.org\/{rel}","templated":true}]}}