{"id":404,"date":"2018-07-11T21:31:52","date_gmt":"2018-07-11T19:31:52","guid":{"rendered":"http:\/\/www.autogas-franken.de\/blog\/?p=404"},"modified":"2019-11-03T13:07:34","modified_gmt":"2019-11-03T12:07:34","slug":"neuwagenkauf-muessen-wir-uns-von-autogas-verabschieden","status":"publish","type":"post","link":"https:\/\/www.autogas-franken.de\/blog\/index.php\/archives\/autogas-news\/404-neuwagenkauf-muessen-wir-uns-von-autogas-verabschieden.html","title":{"rendered":"Neuwagenkauf: M\u00fcssen wir uns von Autogas verabschieden?"},"content":{"rendered":"<p><img data-attachment-id=\"406\" data-permalink=\"https:\/\/www.autogas-franken.de\/blog\/index.php\/archives\/autogas-news\/404-neuwagenkauf-muessen-wir-uns-von-autogas-verabschieden.html\/attachment\/img_7521\" data-orig-file=\"https:\/\/i0.wp.com\/autogas-franken.de\/blog\/wp-content\/uploads\/2017\/11\/img_7521.jpg?fit=300%2C224&amp;ssl=1\" data-orig-size=\"300,224\" data-comments-opened=\"1\" data-image-meta=\"{&quot;aperture&quot;:&quot;0&quot;,&quot;credit&quot;:&quot;&quot;,&quot;camera&quot;:&quot;&quot;,&quot;caption&quot;:&quot;&quot;,&quot;created_timestamp&quot;:&quot;0&quot;,&quot;copyright&quot;:&quot;&quot;,&quot;focal_length&quot;:&quot;0&quot;,&quot;iso&quot;:&quot;0&quot;,&quot;shutter_speed&quot;:&quot;0&quot;,&quot;title&quot;:&quot;&quot;,&quot;orientation&quot;:&quot;1&quot;}\" data-image-title=\"img_7521\" data-image-description=\"\" data-image-caption=\"\" data-medium-file=\"https:\/\/i0.wp.com\/autogas-franken.de\/blog\/wp-content\/uploads\/2017\/11\/img_7521.jpg?fit=300%2C224&amp;ssl=1\" data-large-file=\"https:\/\/i0.wp.com\/autogas-franken.de\/blog\/wp-content\/uploads\/2017\/11\/img_7521.jpg?fit=300%2C224&amp;ssl=1\" loading=\"lazy\" class=\"size-medium alignleft wp-image-406\" src=\"https:\/\/i0.wp.com\/www.autogas-franken.de\/blog\/wp-content\/uploads\/2017\/11\/img_7521.jpg?resize=300%2C224&#038;ssl=1\" width=\"300\" height=\"224\" data-recalc-dims=\"1\" \/>Unser <a href=\"https:\/\/www.autogas-franken.de\/blog\/index.php\/erfahrungswerte-aktuell\" target=\"_blank\" rel=\"noopener noreferrer\">umger\u00fcsteter Skoda Octavia<\/a> hat seine 200.000 Kilometer \u00fcberschritten und wird 9 Jahre alt. Also sieht man sich nach einem neuen, ger\u00e4umigeren Familien-fahrzeug um. Wir haben uns da den SEAT Alhambra ausgesucht und wollten nach der <a href=\"https:\/\/www.autogas-franken.de\/blog\/index.php\/archives\/autogas-news\/398-der-steuervorteil-von-autogas-wurde-bis-2022-verlaengert.html\" target=\"_blank\" rel=\"noopener noreferrer\">Verl\u00e4ngerung des Steuervorteils f\u00fcr Autogas bis 2022<\/a> nat\u00fcrlich auch weiterhin mit LPG fahren. Doch <a href=\"http:\/\/www.autokalb.de\/\" target=\"_blank\" rel=\"noopener noreferrer\">unser Umr\u00fcster<\/a> machte uns einen Strich durch die Rechnung und der <a href=\"https:\/\/www.autogas-franken.de\/blog\/index.php\/archives\/autogas-news\/409-autogas-ab-werk-opel-zafira.html\">Opel Zafira mit Autogas ab Werk<\/a> kam bei der Familie nicht so gut an.<\/p>\n<p><strong>Was wird aus Autogas?<\/strong><\/p>\n<p>Die Frage muss man sich derzeit echt stellen. Galt LPG lange Zeit als <a href=\"https:\/\/www.autogas-franken.de\/blog\/index.php\/archives\/autogas-news\/67-adac-studie-fuer-gasfahrzeuge.html\" target=\"_blank\" rel=\"noopener noreferrer\">Kraftstoffalternative<\/a>, da das Tankstellennetz im neuen Jahrtausend immer dichter wurde, so sind es nun die Hersteller, die dem Fl\u00fcssiggas die kalte Schulter zeigen. Doch auch der im vorherigen Satz verlinkte ADAC zeichnet nun in <a href=\"https:\/\/www.adac.de\/infotestrat\/adac-im-einsatz\/motorwelt\/autogastest.aspx\" target=\"_blank\" rel=\"noopener noreferrer\">Langzeitstudien<\/a> ein d\u00fcsteres Bild:<\/p>\n<blockquote><p>&#8220;<em>Problemlos verlief der Dauerbetrieb bei\u00a0keinem der Umr\u00fcst-Fahrzeuge<\/em>.&#8221;<\/p><\/blockquote>\n<p>Das l\u00e4sst tief blicken und erinnert mich an die <a href=\"https:\/\/www.autogas-franken.de\/blog\/index.php\/archives\/werkstatt\/12-motorfehler-und-motorruckeln-werkstatt-findet-nix-1.html\" target=\"_blank\" rel=\"noopener noreferrer\">Probleme die ich dereinst mit meinem Umr\u00fcstfahrzeug<\/a> hatte.<\/p>\n<p>Doch wenn man nicht mehr umr\u00fcsten soll und gleichzeitig kaum mehr <a href=\"https:\/\/www.autogas-franken.de\/blog\/index.php\/archives\/autogas-news\/409-autogas-ab-werk-opel-zafira.html\">Fahrzeuge ab Werk<\/a> angeboten werden, bedeutet das faktisch das AUS f\u00fcr Autogas.<\/p>\n<p>Warum ich au\u00dferdem mit dem Aus f\u00fcr LPG rechne:<\/p>\n<ul>\n<li>Umr\u00fcster nutzen oft die Reserveradmulde f\u00fcr den Einbau des LPG-Zusatztanks. Viele Neufahrzeuge haben diese aber nicht mehr, weil heutzutage einfach ein Repair-Kit mit ausgeliefert wird. Umr\u00fcstungen werden ungleich teurer bzw. wird der Kofferraum kleiner.<\/li>\n<li>Die neueren Motoren werden vermehrt mit mehr Leistung bzw. mit Turbo-Technik ausger\u00fcstet (z.B. TSI-Motoren), wovon man heute wei\u00df, dass das aufgrund der h\u00f6heren Verbrennungstemperaturen des Autogas zu Problemen f\u00fchrt.<\/li>\n<li>LPG (<em>Liquefied Petroleum Gas<\/em>) ist leider auch nichts anderes als ein fossiler Brennstoff, der als Nebenprodukt der Erd\u00f6lraffinierung anf\u00e4llt. Zwar entsteht bei der <a href=\"https:\/\/www.autogas-franken.de\/blog\/index.php\/archives\/allgemein\/24-wieviel-co2-stosse-ich-aus.html\" target=\"_blank\" rel=\"noopener noreferrer\">Verbrennung weitaus weitaus weniger CO2<\/a> als bei Benzin, aber es ist bei weitem nicht CO2-Neutral.<\/li>\n<li>Wom\u00f6glich war die <a href=\"https:\/\/www.autogas-franken.de\/blog\/index.php\/archives\/autogas-news\/398-der-steuervorteil-von-autogas-wurde-bis-2022-verlaengert.html\" target=\"_blank\" rel=\"noopener noreferrer\">Verl\u00e4ngerung der Steuerbeg\u00fcstigung bis 2022<\/a> nur eine Galgenfrist, da es die Politik vers\u00e4umt hat, fr\u00fchzeitig f\u00fcr Sicherheit in diesem Segment zu sorgen und so dem LPG auch noch das Wasser abgrub.<\/li>\n<\/ul>\n<p>Nat\u00fcrlich gibt es auch noch positive Fakten, aber bis auf den derzeit echt g\u00fcnstigen Preis schwindet die positive Seite.<\/p>\n<p>Ich w\u00fcrde gerne noch weiter mit Autogas durch Europa fahren, ich habe mich daran gew\u00f6hnt \u00f6fter tanken zu m\u00fcssen und die Tankstellen auszuw\u00e4hlen. Aber f\u00fcr mich kommt nur noch ein ab Werk mit LPG ausgestattetes Fahrzeug inFrage, denn bei meinem Audi A3 hab ich seinerzeit ca. 9.000 Euro gegen\u00fcber Benzin-Betrieb gespart, aber ca. 7.000 in der Werkstatt gelassen.<\/p>\n<p>Mal sehen was die Zukunft bringt.<\/p>\n<div class=\"sharedaddy sd-sharing-enabled\"><div class=\"robots-nocontent sd-block sd-social sd-social-icon sd-sharing\"><h3 class=\"sd-title\">Share this:<\/h3><div class=\"sd-content\"><ul><li class=\"share-print\"><a rel=\"nofollow noopener noreferrer\" data-shared=\"\" class=\"share-print sd-button share-icon no-text\" href=\"https:\/\/www.autogas-franken.de\/blog\/index.php\/archives\/autogas-news\/404-neuwagenkauf-muessen-wir-uns-von-autogas-verabschieden.html\" target=\"_blank\" title=\"Klicken zum Ausdrucken\" ><span><\/span><span class=\"sharing-screen-reader-text\">Klicken zum Ausdrucken (Wird in neuem Fenster ge\u00f6ffnet)<\/span><\/a><\/li><li class=\"share-email\"><a rel=\"nofollow noopener noreferrer\" data-shared=\"\" class=\"share-email sd-button share-icon no-text\" href=\"mailto:?subject=%5BGeteilter%20Beitrag%5D%20Neuwagenkauf%3A%20M%C3%BCssen%20wir%20uns%20von%20Autogas%20verabschieden%3F&body=https%3A%2F%2Fwww.autogas-franken.de%2Fblog%2Findex.php%2Farchives%2Fautogas-news%2F404-neuwagenkauf-muessen-wir-uns-von-autogas-verabschieden.html&share=email\" target=\"_blank\" title=\"Klicken, um einem Freund einen Link per E-Mail zu senden\" data-email-share-error-title=\"Hast du E-Mail eingerichtet?\" data-email-share-error-text=\"Wenn du Probleme mit dem Teilen per E-Mail hast, ist E-Mail m\u00f6glicherweise nicht f\u00fcr deinen Browser eingerichtet. Du musst die neue E-Mail-Einrichtung m\u00f6glicherweise selbst vornehmen.\" data-email-share-nonce=\"c1bba410d2\" data-email-share-track-url=\"https:\/\/www.autogas-franken.de\/blog\/index.php\/archives\/autogas-news\/404-neuwagenkauf-muessen-wir-uns-von-autogas-verabschieden.html?share=email\"><span><\/span><span class=\"sharing-screen-reader-text\">Klicken, um einem Freund einen Link per E-Mail zu senden (Wird in neuem Fenster ge\u00f6ffnet)<\/span><\/a><\/li><li class=\"share-twitter\"><a rel=\"nofollow noopener noreferrer\" data-shared=\"sharing-twitter-404\" class=\"share-twitter sd-button share-icon no-text\" href=\"https:\/\/www.autogas-franken.de\/blog\/index.php\/archives\/autogas-news\/404-neuwagenkauf-muessen-wir-uns-von-autogas-verabschieden.html?share=twitter\" target=\"_blank\" title=\"Klick, um \u00fcber Twitter zu teilen\" ><span><\/span><span class=\"sharing-screen-reader-text\">Klick, um \u00fcber Twitter zu teilen (Wird in neuem Fenster ge\u00f6ffnet)<\/span><\/a><\/li><li class=\"share-jetpack-whatsapp\"><a rel=\"nofollow noopener noreferrer\" data-shared=\"\" class=\"share-jetpack-whatsapp sd-button share-icon no-text\" href=\"https:\/\/www.autogas-franken.de\/blog\/index.php\/archives\/autogas-news\/404-neuwagenkauf-muessen-wir-uns-von-autogas-verabschieden.html?share=jetpack-whatsapp\" target=\"_blank\" title=\"Klicken, um auf WhatsApp zu teilen\" ><span><\/span><span class=\"sharing-screen-reader-text\">Klicken, um auf WhatsApp zu teilen (Wird in neuem Fenster ge\u00f6ffnet)<\/span><\/a><\/li><li class=\"share-linkedin\"><a rel=\"nofollow noopener noreferrer\" data-shared=\"sharing-linkedin-404\" class=\"share-linkedin sd-button share-icon no-text\" href=\"https:\/\/www.autogas-franken.de\/blog\/index.php\/archives\/autogas-news\/404-neuwagenkauf-muessen-wir-uns-von-autogas-verabschieden.html?share=linkedin\" target=\"_blank\" title=\"Klick, um auf LinkedIn zu teilen\" ><span><\/span><span class=\"sharing-screen-reader-text\">Klick, um auf LinkedIn zu teilen (Wird in neuem Fenster ge\u00f6ffnet)<\/span><\/a><\/li><li class=\"share-reddit\"><a rel=\"nofollow noopener noreferrer\" data-shared=\"\" class=\"share-reddit sd-button share-icon no-text\" href=\"https:\/\/www.autogas-franken.de\/blog\/index.php\/archives\/autogas-news\/404-neuwagenkauf-muessen-wir-uns-von-autogas-verabschieden.html?share=reddit\" target=\"_blank\" title=\"Klick, um auf Reddit zu teilen\" ><span><\/span><span class=\"sharing-screen-reader-text\">Klick, um auf Reddit zu teilen (Wird in neuem Fenster ge\u00f6ffnet)<\/span><\/a><\/li><li class=\"share-tumblr\"><a rel=\"nofollow noopener noreferrer\" data-shared=\"\" class=\"share-tumblr sd-button share-icon no-text\" href=\"https:\/\/www.autogas-franken.de\/blog\/index.php\/archives\/autogas-news\/404-neuwagenkauf-muessen-wir-uns-von-autogas-verabschieden.html?share=tumblr\" target=\"_blank\" title=\"Klick, um auf Tumblr zu teilen\" ><span><\/span><span class=\"sharing-screen-reader-text\">Klick, um auf Tumblr zu teilen (Wird in neuem Fenster ge\u00f6ffnet)<\/span><\/a><\/li><li class=\"share-pinterest\"><a rel=\"nofollow noopener noreferrer\" data-shared=\"sharing-pinterest-404\" class=\"share-pinterest sd-button share-icon no-text\" href=\"https:\/\/www.autogas-franken.de\/blog\/index.php\/archives\/autogas-news\/404-neuwagenkauf-muessen-wir-uns-von-autogas-verabschieden.html?share=pinterest\" target=\"_blank\" title=\"Klick, um auf Pinterest zu teilen\" ><span><\/span><span class=\"sharing-screen-reader-text\">Klick, um auf Pinterest zu teilen (Wird in neuem Fenster ge\u00f6ffnet)<\/span><\/a><\/li><li class=\"share-telegram\"><a rel=\"nofollow noopener noreferrer\" data-shared=\"\" class=\"share-telegram sd-button share-icon no-text\" href=\"https:\/\/www.autogas-franken.de\/blog\/index.php\/archives\/autogas-news\/404-neuwagenkauf-muessen-wir-uns-von-autogas-verabschieden.html?share=telegram\" target=\"_blank\" title=\"Klicken, um auf Telegram zu teilen\" ><span><\/span><span class=\"sharing-screen-reader-text\">Klicken, um auf Telegram zu teilen (Wird in neuem Fenster ge\u00f6ffnet)<\/span><\/a><\/li><li class=\"share-pocket\"><a rel=\"nofollow noopener noreferrer\" data-shared=\"\" class=\"share-pocket sd-button share-icon no-text\" href=\"https:\/\/www.autogas-franken.de\/blog\/index.php\/archives\/autogas-news\/404-neuwagenkauf-muessen-wir-uns-von-autogas-verabschieden.html?share=pocket\" target=\"_blank\" title=\"Klick, um auf Pocket zu teilen\" ><span><\/span><span class=\"sharing-screen-reader-text\">Klick, um auf Pocket zu teilen (Wird in neuem Fenster ge\u00f6ffnet)<\/span><\/a><\/li><li class=\"share-skype\"><a rel=\"nofollow noopener noreferrer\" data-shared=\"sharing-skype-404\" class=\"share-skype sd-button share-icon no-text\" href=\"https:\/\/www.autogas-franken.de\/blog\/index.php\/archives\/autogas-news\/404-neuwagenkauf-muessen-wir-uns-von-autogas-verabschieden.html?share=skype\" target=\"_blank\" title=\"Klicken, um in Skype zu teilen\" ><span><\/span><span class=\"sharing-screen-reader-text\">Klicken, um in Skype zu teilen (Wird in neuem Fenster ge\u00f6ffnet)<\/span><\/a><\/li><li><a href=\"#\" class=\"sharing-anchor sd-button share-more\"><span>Mehr<\/span><\/a><\/li><li class=\"share-end\"><\/li><\/ul><div class=\"sharing-hidden\"><div class=\"inner\" style=\"display: none;width:150px;\"><ul style=\"background-image:none;\"><li class=\"share-facebook\"><a rel=\"nofollow noopener noreferrer\" data-shared=\"sharing-facebook-404\" class=\"share-facebook sd-button share-icon no-text\" href=\"https:\/\/www.autogas-franken.de\/blog\/index.php\/archives\/autogas-news\/404-neuwagenkauf-muessen-wir-uns-von-autogas-verabschieden.html?share=facebook\" target=\"_blank\" title=\"Klick, um auf Facebook zu teilen\" ><span><\/span><span class=\"sharing-screen-reader-text\">Klick, um auf Facebook zu teilen (Wird in neuem Fenster ge\u00f6ffnet)<\/span><\/a><\/li><li class=\"share-end\"><\/li><\/ul><\/div><\/div><\/div><\/div><\/div>","protected":false},"excerpt":{"rendered":"<p>Unser umger\u00fcsteter Skoda Octavia hat seine 200.000 Kilometer \u00fcberschritten und wird 9 Jahre alt. Also sieht man sich nach einem neuen, ger\u00e4umigeren Familien-fahrzeug um. Wir haben uns da den SEAT Alhambra ausgesucht und wollten nach der Verl\u00e4ngerung des Steuervorteils f\u00fcr &hellip; <a href=\"https:\/\/www.autogas-franken.de\/blog\/index.php\/archives\/autogas-news\/404-neuwagenkauf-muessen-wir-uns-von-autogas-verabschieden.html\">Weiterlesen <span class=\"meta-nav\">&rarr;<\/span><\/a><\/p>\n<div class=\"sharedaddy sd-sharing-enabled\"><div class=\"robots-nocontent sd-block sd-social sd-social-icon sd-sharing\"><h3 class=\"sd-title\">Share this:<\/h3><div class=\"sd-content\"><ul><li class=\"share-print\"><a rel=\"nofollow noopener noreferrer\" data-shared=\"\" class=\"share-print sd-button share-icon no-text\" href=\"https:\/\/www.autogas-franken.de\/blog\/index.php\/archives\/autogas-news\/404-neuwagenkauf-muessen-wir-uns-von-autogas-verabschieden.html\" target=\"_blank\" title=\"Klicken zum Ausdrucken\" ><span><\/span><span class=\"sharing-screen-reader-text\">Klicken zum Ausdrucken (Wird in neuem Fenster ge\u00f6ffnet)<\/span><\/a><\/li><li class=\"share-email\"><a rel=\"nofollow noopener noreferrer\" data-shared=\"\" class=\"share-email sd-button share-icon no-text\" href=\"mailto:?subject=%5BGeteilter%20Beitrag%5D%20Neuwagenkauf%3A%20M%C3%BCssen%20wir%20uns%20von%20Autogas%20verabschieden%3F&body=https%3A%2F%2Fwww.autogas-franken.de%2Fblog%2Findex.php%2Farchives%2Fautogas-news%2F404-neuwagenkauf-muessen-wir-uns-von-autogas-verabschieden.html&share=email\" target=\"_blank\" title=\"Klicken, um einem Freund einen Link per E-Mail zu senden\" data-email-share-error-title=\"Hast du E-Mail eingerichtet?\" data-email-share-error-text=\"Wenn du Probleme mit dem Teilen per E-Mail hast, ist E-Mail m\u00f6glicherweise nicht f\u00fcr deinen Browser eingerichtet. Du musst die neue E-Mail-Einrichtung m\u00f6glicherweise selbst vornehmen.\" data-email-share-nonce=\"c1bba410d2\" data-email-share-track-url=\"https:\/\/www.autogas-franken.de\/blog\/index.php\/archives\/autogas-news\/404-neuwagenkauf-muessen-wir-uns-von-autogas-verabschieden.html?share=email\"><span><\/span><span class=\"sharing-screen-reader-text\">Klicken, um einem Freund einen Link per E-Mail zu senden (Wird in neuem Fenster ge\u00f6ffnet)<\/span><\/a><\/li><li class=\"share-twitter\"><a rel=\"nofollow noopener noreferrer\" data-shared=\"sharing-twitter-404\" class=\"share-twitter sd-button share-icon no-text\" href=\"https:\/\/www.autogas-franken.de\/blog\/index.php\/archives\/autogas-news\/404-neuwagenkauf-muessen-wir-uns-von-autogas-verabschieden.html?share=twitter\" target=\"_blank\" title=\"Klick, um \u00fcber Twitter zu teilen\" ><span><\/span><span class=\"sharing-screen-reader-text\">Klick, um \u00fcber Twitter zu teilen (Wird in neuem Fenster ge\u00f6ffnet)<\/span><\/a><\/li><li class=\"share-jetpack-whatsapp\"><a rel=\"nofollow noopener noreferrer\" data-shared=\"\" class=\"share-jetpack-whatsapp sd-button share-icon no-text\" href=\"https:\/\/www.autogas-franken.de\/blog\/index.php\/archives\/autogas-news\/404-neuwagenkauf-muessen-wir-uns-von-autogas-verabschieden.html?share=jetpack-whatsapp\" target=\"_blank\" title=\"Klicken, um auf WhatsApp zu teilen\" ><span><\/span><span class=\"sharing-screen-reader-text\">Klicken, um auf WhatsApp zu teilen (Wird in neuem Fenster ge\u00f6ffnet)<\/span><\/a><\/li><li class=\"share-linkedin\"><a rel=\"nofollow noopener noreferrer\" data-shared=\"sharing-linkedin-404\" class=\"share-linkedin sd-button share-icon no-text\" href=\"https:\/\/www.autogas-franken.de\/blog\/index.php\/archives\/autogas-news\/404-neuwagenkauf-muessen-wir-uns-von-autogas-verabschieden.html?share=linkedin\" target=\"_blank\" title=\"Klick, um auf LinkedIn zu teilen\" ><span><\/span><span class=\"sharing-screen-reader-text\">Klick, um auf LinkedIn zu teilen (Wird in neuem Fenster ge\u00f6ffnet)<\/span><\/a><\/li><li class=\"share-reddit\"><a rel=\"nofollow noopener noreferrer\" data-shared=\"\" class=\"share-reddit sd-button share-icon no-text\" href=\"https:\/\/www.autogas-franken.de\/blog\/index.php\/archives\/autogas-news\/404-neuwagenkauf-muessen-wir-uns-von-autogas-verabschieden.html?share=reddit\" target=\"_blank\" title=\"Klick, um auf Reddit zu teilen\" ><span><\/span><span class=\"sharing-screen-reader-text\">Klick, um auf Reddit zu teilen (Wird in neuem Fenster ge\u00f6ffnet)<\/span><\/a><\/li><li class=\"share-tumblr\"><a rel=\"nofollow noopener noreferrer\" data-shared=\"\" class=\"share-tumblr sd-button share-icon no-text\" href=\"https:\/\/www.autogas-franken.de\/blog\/index.php\/archives\/autogas-news\/404-neuwagenkauf-muessen-wir-uns-von-autogas-verabschieden.html?share=tumblr\" target=\"_blank\" title=\"Klick, um auf Tumblr zu teilen\" ><span><\/span><span class=\"sharing-screen-reader-text\">Klick, um auf Tumblr zu teilen (Wird in neuem Fenster ge\u00f6ffnet)<\/span><\/a><\/li><li class=\"share-pinterest\"><a rel=\"nofollow noopener noreferrer\" data-shared=\"sharing-pinterest-404\" class=\"share-pinterest sd-button share-icon no-text\" href=\"https:\/\/www.autogas-franken.de\/blog\/index.php\/archives\/autogas-news\/404-neuwagenkauf-muessen-wir-uns-von-autogas-verabschieden.html?share=pinterest\" target=\"_blank\" title=\"Klick, um auf Pinterest zu teilen\" ><span><\/span><span class=\"sharing-screen-reader-text\">Klick, um auf Pinterest zu teilen (Wird in neuem Fenster ge\u00f6ffnet)<\/span><\/a><\/li><li class=\"share-telegram\"><a rel=\"nofollow noopener noreferrer\" data-shared=\"\" class=\"share-telegram sd-button share-icon no-text\" href=\"https:\/\/www.autogas-franken.de\/blog\/index.php\/archives\/autogas-news\/404-neuwagenkauf-muessen-wir-uns-von-autogas-verabschieden.html?share=telegram\" target=\"_blank\" title=\"Klicken, um auf Telegram zu teilen\" ><span><\/span><span class=\"sharing-screen-reader-text\">Klicken, um auf Telegram zu teilen (Wird in neuem Fenster ge\u00f6ffnet)<\/span><\/a><\/li><li class=\"share-pocket\"><a rel=\"nofollow noopener noreferrer\" data-shared=\"\" class=\"share-pocket sd-button share-icon no-text\" href=\"https:\/\/www.autogas-franken.de\/blog\/index.php\/archives\/autogas-news\/404-neuwagenkauf-muessen-wir-uns-von-autogas-verabschieden.html?share=pocket\" target=\"_blank\" title=\"Klick, um auf Pocket zu teilen\" ><span><\/span><span class=\"sharing-screen-reader-text\">Klick, um auf Pocket zu teilen (Wird in neuem Fenster ge\u00f6ffnet)<\/span><\/a><\/li><li class=\"share-skype\"><a rel=\"nofollow noopener noreferrer\" data-shared=\"sharing-skype-404\" class=\"share-skype sd-button share-icon no-text\" href=\"https:\/\/www.autogas-franken.de\/blog\/index.php\/archives\/autogas-news\/404-neuwagenkauf-muessen-wir-uns-von-autogas-verabschieden.html?share=skype\" target=\"_blank\" title=\"Klicken, um in Skype zu teilen\" ><span><\/span><span class=\"sharing-screen-reader-text\">Klicken, um in Skype zu teilen (Wird in neuem Fenster ge\u00f6ffnet)<\/span><\/a><\/li><li><a href=\"#\" class=\"sharing-anchor sd-button share-more\"><span>Mehr<\/span><\/a><\/li><li class=\"share-end\"><\/li><\/ul><div class=\"sharing-hidden\"><div class=\"inner\" style=\"display: none;width:150px;\"><ul style=\"background-image:none;\"><li class=\"share-facebook\"><a rel=\"nofollow noopener noreferrer\" data-shared=\"sharing-facebook-404\" class=\"share-facebook sd-button share-icon no-text\" href=\"https:\/\/www.autogas-franken.de\/blog\/index.php\/archives\/autogas-news\/404-neuwagenkauf-muessen-wir-uns-von-autogas-verabschieden.html?share=facebook\" target=\"_blank\" title=\"Klick, um auf Facebook zu teilen\" ><span><\/span><span class=\"sharing-screen-reader-text\">Klick, um auf Facebook zu teilen (Wird in neuem Fenster ge\u00f6ffnet)<\/span><\/a><\/li><li class=\"share-end\"><\/li><\/ul><\/div><\/div><\/div><\/div><\/div>","protected":false},"author":4,"featured_media":0,"comment_status":"open","ping_status":"open","sticky":false,"template":"","format":"standard","meta":{"jetpack_post_was_ever_published":false,"jetpack_publicize_message":"","jetpack_is_tweetstorm":false,"jetpack_publicize_feature_enabled":true},"categories":[4],"tags":[16,48,46,110,65,32,109,97,98,17],"jetpack_publicize_connections":[],"yoast_head":"<!-- This site is optimized with the Yoast SEO plugin v19.7.2 - https:\/\/yoast.com\/wordpress\/plugins\/seo\/ -->\n<title>Neuwagenkauf: M\u00fcssen wir uns von Autogas verabschieden? - Autogas f\u00fcr Franken<\/title>\n<meta name=\"robots\" content=\"index, follow, max-snippet:-1, max-image-preview:large, max-video-preview:-1\" \/>\n<link rel=\"canonical\" href=\"https:\/\/www.autogas-franken.de\/blog\/index.php\/archives\/autogas-news\/404-neuwagenkauf-muessen-wir-uns-von-autogas-verabschieden.html\" \/>\n<meta property=\"og:locale\" content=\"de_DE\" \/>\n<meta property=\"og:type\" content=\"article\" \/>\n<meta property=\"og:title\" content=\"Neuwagenkauf: M\u00fcssen wir uns von Autogas verabschieden? - Autogas f\u00fcr Franken\" \/>\n<meta property=\"og:description\" content=\"Unser umger\u00fcsteter Skoda Octavia hat seine 200.000 Kilometer \u00fcberschritten und wird 9 Jahre alt. Also sieht man sich nach einem neuen, ger\u00e4umigeren Familien-fahrzeug um. Wir haben uns da den SEAT Alhambra ausgesucht und wollten nach der Verl\u00e4ngerung des Steuervorteils f\u00fcr &hellip; Weiterlesen &rarr;\" \/>\n<meta property=\"og:url\" content=\"https:\/\/www.autogas-franken.de\/blog\/index.php\/archives\/autogas-news\/404-neuwagenkauf-muessen-wir-uns-von-autogas-verabschieden.html\" \/>\n<meta property=\"og:site_name\" content=\"Autogas f\u00fcr Franken\" \/>\n<meta property=\"article:published_time\" content=\"2018-07-11T19:31:52+00:00\" \/>\n<meta property=\"article:modified_time\" content=\"2019-11-03T12:07:34+00:00\" \/>\n<meta property=\"og:image\" content=\"https:\/\/www.autogas-franken.de\/blog\/wp-content\/uploads\/2017\/11\/img_7521.jpg\" \/>\n<meta name=\"author\" content=\"Andreas Brandl\" \/>\n<meta name=\"twitter:card\" content=\"summary_large_image\" \/>\n<meta name=\"twitter:label1\" content=\"Verfasst von\" \/>\n\t<meta name=\"twitter:data1\" content=\"Andreas Brandl\" \/>\n\t<meta name=\"twitter:label2\" content=\"Gesch\u00e4tzte Lesezeit\" \/>\n\t<meta name=\"twitter:data2\" content=\"2\u00a0Minuten\" \/>\n<script type=\"application\/ld+json\" class=\"yoast-schema-graph\">{\"@context\":\"https:\/\/schema.org\",\"@graph\":[{\"@type\":\"WebPage\",\"@id\":\"https:\/\/www.autogas-franken.de\/blog\/index.php\/archives\/autogas-news\/404-neuwagenkauf-muessen-wir-uns-von-autogas-verabschieden.html\",\"url\":\"https:\/\/www.autogas-franken.de\/blog\/index.php\/archives\/autogas-news\/404-neuwagenkauf-muessen-wir-uns-von-autogas-verabschieden.html\",\"name\":\"Neuwagenkauf: M\u00fcssen wir uns von Autogas verabschieden? - Autogas f\u00fcr Franken\",\"isPartOf\":{\"@id\":\"https:\/\/www.autogas-franken.de\/blog\/#website\"},\"datePublished\":\"2018-07-11T19:31:52+00:00\",\"dateModified\":\"2019-11-03T12:07:34+00:00\",\"author\":{\"@id\":\"https:\/\/www.autogas-franken.de\/blog\/#\/schema\/person\/36b3c83f7b1b0de84c9e9fd0808559e3\"},\"breadcrumb\":{\"@id\":\"https:\/\/www.autogas-franken.de\/blog\/index.php\/archives\/autogas-news\/404-neuwagenkauf-muessen-wir-uns-von-autogas-verabschieden.html#breadcrumb\"},\"inLanguage\":\"de\",\"potentialAction\":[{\"@type\":\"ReadAction\",\"target\":[\"https:\/\/www.autogas-franken.de\/blog\/index.php\/archives\/autogas-news\/404-neuwagenkauf-muessen-wir-uns-von-autogas-verabschieden.html\"]}]},{\"@type\":\"BreadcrumbList\",\"@id\":\"https:\/\/www.autogas-franken.de\/blog\/index.php\/archives\/autogas-news\/404-neuwagenkauf-muessen-wir-uns-von-autogas-verabschieden.html#breadcrumb\",\"itemListElement\":[{\"@type\":\"ListItem\",\"position\":1,\"name\":\"Startseite\",\"item\":\"https:\/\/www.autogas-franken.de\/blog\"},{\"@type\":\"ListItem\",\"position\":2,\"name\":\"Neuwagenkauf: M\u00fcssen wir uns von Autogas verabschieden?\"}]},{\"@type\":\"WebSite\",\"@id\":\"https:\/\/www.autogas-franken.de\/blog\/#website\",\"url\":\"https:\/\/www.autogas-franken.de\/blog\/\",\"name\":\"Autogas f\u00fcr Franken\",\"description\":\"Erfahrungen mit den auf LPG umger\u00fcsteten Audi A3 und Skoda Oktavia\",\"potentialAction\":[{\"@type\":\"SearchAction\",\"target\":{\"@type\":\"EntryPoint\",\"urlTemplate\":\"https:\/\/www.autogas-franken.de\/blog\/?s={search_term_string}\"},\"query-input\":\"required name=search_term_string\"}],\"inLanguage\":\"de\"},{\"@type\":\"Person\",\"@id\":\"https:\/\/www.autogas-franken.de\/blog\/#\/schema\/person\/36b3c83f7b1b0de84c9e9fd0808559e3\",\"name\":\"Andreas Brandl\",\"image\":{\"@type\":\"ImageObject\",\"inLanguage\":\"de\",\"@id\":\"https:\/\/www.autogas-franken.de\/blog\/#\/schema\/person\/image\/\",\"url\":\"https:\/\/secure.gravatar.com\/avatar\/64afc4ffd14df9b18b8e0434d79253ad?s=96&d=mm&r=g\",\"contentUrl\":\"https:\/\/secure.gravatar.com\/avatar\/64afc4ffd14df9b18b8e0434d79253ad?s=96&d=mm&r=g\",\"caption\":\"Andreas Brandl\"},\"sameAs\":[\"https:\/\/www.autogas-franken.de\"],\"url\":\"https:\/\/www.autogas-franken.de\/blog\/index.php\/archives\/author\/andy\"}]}<\/script>\n<!-- \/ Yoast SEO plugin. -->","yoast_head_json":{"title":"Neuwagenkauf: M\u00fcssen wir uns von Autogas verabschieden? - Autogas f\u00fcr Franken","robots":{"index":"index","follow":"follow","max-snippet":"max-snippet:-1","max-image-preview":"max-image-preview:large","max-video-preview":"max-video-preview:-1"},"canonical":"https:\/\/www.autogas-franken.de\/blog\/index.php\/archives\/autogas-news\/404-neuwagenkauf-muessen-wir-uns-von-autogas-verabschieden.html","og_locale":"de_DE","og_type":"article","og_title":"Neuwagenkauf: M\u00fcssen wir uns von Autogas verabschieden? - Autogas f\u00fcr Franken","og_description":"Unser umger\u00fcsteter Skoda Octavia hat seine 200.000 Kilometer \u00fcberschritten und wird 9 Jahre alt. Also sieht man sich nach einem neuen, ger\u00e4umigeren Familien-fahrzeug um. Wir haben uns da den SEAT Alhambra ausgesucht und wollten nach der Verl\u00e4ngerung des Steuervorteils f\u00fcr &hellip; Weiterlesen &rarr;","og_url":"https:\/\/www.autogas-franken.de\/blog\/index.php\/archives\/autogas-news\/404-neuwagenkauf-muessen-wir-uns-von-autogas-verabschieden.html","og_site_name":"Autogas f\u00fcr Franken","article_published_time":"2018-07-11T19:31:52+00:00","article_modified_time":"2019-11-03T12:07:34+00:00","og_image":[{"url":"https:\/\/www.autogas-franken.de\/blog\/wp-content\/uploads\/2017\/11\/img_7521.jpg"}],"author":"Andreas Brandl","twitter_card":"summary_large_image","twitter_misc":{"Verfasst von":"Andreas Brandl","Gesch\u00e4tzte Lesezeit":"2\u00a0Minuten"},"schema":{"@context":"https:\/\/schema.org","@graph":[{"@type":"WebPage","@id":"https:\/\/www.autogas-franken.de\/blog\/index.php\/archives\/autogas-news\/404-neuwagenkauf-muessen-wir-uns-von-autogas-verabschieden.html","url":"https:\/\/www.autogas-franken.de\/blog\/index.php\/archives\/autogas-news\/404-neuwagenkauf-muessen-wir-uns-von-autogas-verabschieden.html","name":"Neuwagenkauf: M\u00fcssen wir uns von Autogas verabschieden? - Autogas f\u00fcr Franken","isPartOf":{"@id":"https:\/\/www.autogas-franken.de\/blog\/#website"},"datePublished":"2018-07-11T19:31:52+00:00","dateModified":"2019-11-03T12:07:34+00:00","author":{"@id":"https:\/\/www.autogas-franken.de\/blog\/#\/schema\/person\/36b3c83f7b1b0de84c9e9fd0808559e3"},"breadcrumb":{"@id":"https:\/\/www.autogas-franken.de\/blog\/index.php\/archives\/autogas-news\/404-neuwagenkauf-muessen-wir-uns-von-autogas-verabschieden.html#breadcrumb"},"inLanguage":"de","potentialAction":[{"@type":"ReadAction","target":["https:\/\/www.autogas-franken.de\/blog\/index.php\/archives\/autogas-news\/404-neuwagenkauf-muessen-wir-uns-von-autogas-verabschieden.html"]}]},{"@type":"BreadcrumbList","@id":"https:\/\/www.autogas-franken.de\/blog\/index.php\/archives\/autogas-news\/404-neuwagenkauf-muessen-wir-uns-von-autogas-verabschieden.html#breadcrumb","itemListElement":[{"@type":"ListItem","position":1,"name":"Startseite","item":"https:\/\/www.autogas-franken.de\/blog"},{"@type":"ListItem","position":2,"name":"Neuwagenkauf: M\u00fcssen wir uns von Autogas verabschieden?"}]},{"@type":"WebSite","@id":"https:\/\/www.autogas-franken.de\/blog\/#website","url":"https:\/\/www.autogas-franken.de\/blog\/","name":"Autogas f\u00fcr Franken","description":"Erfahrungen mit den auf LPG umger\u00fcsteten Audi A3 und Skoda Oktavia","potentialAction":[{"@type":"SearchAction","target":{"@type":"EntryPoint","urlTemplate":"https:\/\/www.autogas-franken.de\/blog\/?s={search_term_string}"},"query-input":"required name=search_term_string"}],"inLanguage":"de"},{"@type":"Person","@id":"https:\/\/www.autogas-franken.de\/blog\/#\/schema\/person\/36b3c83f7b1b0de84c9e9fd0808559e3","name":"Andreas Brandl","image":{"@type":"ImageObject","inLanguage":"de","@id":"https:\/\/www.autogas-franken.de\/blog\/#\/schema\/person\/image\/","url":"https:\/\/secure.gravatar.com\/avatar\/64afc4ffd14df9b18b8e0434d79253ad?s=96&d=mm&r=g","contentUrl":"https:\/\/secure.gravatar.com\/avatar\/64afc4ffd14df9b18b8e0434d79253ad?s=96&d=mm&r=g","caption":"Andreas Brandl"},"sameAs":["https:\/\/www.autogas-franken.de"],"url":"https:\/\/www.autogas-franken.de\/blog\/index.php\/archives\/author\/andy"}]}},"jetpack_featured_media_url":"","jetpack_sharing_enabled":true,"jetpack_shortlink":"https:\/\/wp.me\/p7UynC-6w","jetpack-related-posts":[{"id":409,"url":"https:\/\/www.autogas-franken.de\/blog\/index.php\/archives\/autogas-news\/409-autogas-ab-werk-opel-zafira.html","url_meta":{"origin":404,"position":0},"title":"Autogas ab Werk: Opel Zafira","date":"2. Januar 2018","format":false,"excerpt":"Seit 2004 fahre ich mit Autogas durch die Lande und habe die g\u00fcnstigen Preise kennen und sch\u00e4tzen gelernt. Doch nach dem \"selbst umger\u00fcsteten\" Audi A3 (Landi-Renzo-Anlage) kommt nun der von Skoda umger\u00fcstete Octavia (Vialle-Anlage) in die Jahre. Also muss eine neue Kiste her, nat\u00fcrlich mit Autogas. Doch hier kommt es\u2026","rel":"","context":"In &quot;Autogas-news&quot;","img":{"alt_text":"","src":"","width":0,"height":0},"classes":[]},{"id":77,"url":"https:\/\/www.autogas-franken.de\/blog\/index.php\/archives\/autogas-news\/77-autogas-ab-werk-hyundai-zieht-nach.html","url_meta":{"origin":404,"position":1},"title":"Autogas ab Werk: Hyundai zieht nach","date":"8. Dezember 2008","format":false,"excerpt":"Zur Zeit hat Chevrolet mit der \"Autogas-Anlage-umsonst\"-Aktion gro\u00dfen Erfolg und wurde sogar zum Marktf\u00fchrer f\u00fcr Autogasfahrzeuge in Deutschland. Nun scheint die n\u00e4chste Automarke in den Markt der \"ab-Werk-Umr\u00fcstungen\" einzusteigen: Hyundai! Auf der Firmeneigenen Homepage hat das Thema Autogas inzwischen einen festen Platz gefunden und zudem wird angek\u00fcndigt: \"..Aktuell ist der\u2026","rel":"","context":"In &quot;Autogas-news&quot;","img":{"alt_text":"","src":"","width":0,"height":0},"classes":[]},{"id":73,"url":"https:\/\/www.autogas-franken.de\/blog\/index.php\/archives\/autogas-news\/73-12-tipps-fuer-autogas-und-erdgas.html","url_meta":{"origin":404,"position":2},"title":"12 Tipps f\u00fcr Autogas und Erdgas","date":"5. November 2008","format":false,"excerpt":"SPIEGEL ONLINE hat im Internet zw\u00f6lf Tipps zu den Themen \"Umr\u00fcsten\", \"Gasgeben\" und \"Unterschiede zwischen CNG und LPG\" ver\u00f6ffentlicht. Absolut lesenswert, befriedigt nahezu alle Fragen! Hier: UMR\u00dcSTUNG AUF AUTOGAS Wann lohnt sich was? Ein paar Erkenntnisse m\u00f6chte ich dennoch herausheben! Zwar haben die Experten kein wirkliches Fazit gezogen, aber dass\u2026","rel":"","context":"In &quot;Autogas-news&quot;","img":{"alt_text":"","src":"","width":0,"height":0},"classes":[]},{"id":43,"url":"https:\/\/www.autogas-franken.de\/blog\/index.php\/archives\/auto-news\/43-loremo-wird-in-dorsten-gefertigt.html","url_meta":{"origin":404,"position":3},"title":"Loremo wird in Dorsten gefertigt","date":"13. Oktober 2007","format":false,"excerpt":"Vor einiger Zeit wurde hier \u00fcber das neue 1,5-Liter-Auto, den Loremo berichtet. Seit 1993 hatte ein gewisser Herr Sommer bereits die Idee ein besonders spritsparendes Auto zu entwickeln und konnte dann in 2001 erstmal das Konzept auf der IAA pr\u00e4sentieren. Nun wird die Firma Loremo bereits ab 2009 den revolution\u00e4ren\u2026","rel":"","context":"In &quot;Auto-news&quot;","img":{"alt_text":"","src":"","width":0,"height":0},"classes":[]},{"id":451,"url":"https:\/\/www.autogas-franken.de\/blog\/index.php\/archives\/autogas-news\/451-autogas-ist-weiterhin-der-alternativkraftstoff-nummer-1.html","url_meta":{"origin":404,"position":4},"title":"Autogas ist weiterhin der Alternativkraftstoff Nummer 1","date":"2. August 2019","format":false,"excerpt":"Auch wenn die Elektromobilit\u00e4t derzeit in aller Munde ist, ist dennoch LPG das Ma\u00df aller Dinge! Laut Kraftfahrt-Bundesamt gab es in Deutschland Anfang 2019 bei 47 Millionen Personenkraftwagen mit konventionellem Antrieb ganze 395.000 Fahrzeuge mit Fl\u00fcssiggas. Erdgas steht mit nur 80.000 Autos hinten an. Als Grund nennt die FAZ die\u2026","rel":"","context":"In &quot;Autogas-news&quot;","img":{"alt_text":"","src":"","width":0,"height":0},"classes":[]},{"id":68,"url":"https:\/\/www.autogas-franken.de\/blog\/index.php\/archives\/mein-audi-a3\/68-autogas-franken-im-radio.html","url_meta":{"origin":404,"position":5},"title":"Autogas-Franken im Radio","date":"8. Juli 2008","format":false,"excerpt":"Im Rahmen der Aktion \"Initiative gegen \u00fcberzogene Spritpreise\" vom N\u00fcrnberger Lokalsender \"Hitradio N1\" wurden die Moderatoren bei ihrer Recherche auch auf diese Seite aufmerksam. So wurde ich vergangene Woche angemailt, ob ich nicht f\u00fcr ein Interview zum Thema \"Spritsparen durch Autogas\" bereit w\u00e4re. Nach ein paar terminlichen Schwierigkeiten habe ich\u2026","rel":"","context":"In &quot;Mein Audi A3&quot;","img":{"alt_text":"","src":"","width":0,"height":0},"classes":[]}],"_links":{"self":[{"href":"https:\/\/www.autogas-franken.de\/blog\/index.php\/wp-json\/wp\/v2\/posts\/404"}],"collection":[{"href":"https:\/\/www.autogas-franken.de\/blog\/index.php\/wp-json\/wp\/v2\/posts"}],"about":[{"href":"https:\/\/www.autogas-franken.de\/blog\/index.php\/wp-json\/wp\/v2\/types\/post"}],"author":[{"embeddable":true,"href":"https:\/\/www.autogas-franken.de\/blog\/index.php\/wp-json\/wp\/v2\/users\/4"}],"replies":[{"embeddable":true,"href":"https:\/\/www.autogas-franken.de\/blog\/index.php\/wp-json\/wp\/v2\/comments?post=404"}],"version-history":[{"count":11,"href":"https:\/\/www.autogas-franken.de\/blog\/index.php\/wp-json\/wp\/v2\/posts\/404\/revisions"}],"predecessor-version":[{"id":468,"href":"https:\/\/www.autogas-franken.de\/blog\/index.php\/wp-json\/wp\/v2\/posts\/404\/revisions\/468"}],"wp:attachment":[{"href":"https:\/\/www.autogas-franken.de\/blog\/index.php\/wp-json\/wp\/v2\/media?parent=404"}],"wp:term":[{"taxonomy":"category","embeddable":true,"href":"https:\/\/www.autogas-franken.de\/blog\/index.php\/wp-json\/wp\/v2\/categories?post=404"},{"taxonomy":"post_tag","embeddable":true,"href":"https:\/\/www.autogas-franken.de\/blog\/index.php\/wp-json\/wp\/v2\/tags?post=404"}],"curies":[{"name":"wp","href":"https:\/\/api.w.org\/{rel}","templated":true}]}}