{"id":36,"date":"2007-07-09T16:53:23","date_gmt":"2007-07-09T14:53:23","guid":{"rendered":"http:\/\/autogas-franken.de\/blog\/index.php\/archives\/autogas-news\/36-iran-wird-autogas-land-nr1.html"},"modified":"2009-04-23T22:44:19","modified_gmt":"2009-04-23T20:44:19","slug":"iran-wird-autogas-land-nr1","status":"publish","type":"post","link":"https:\/\/www.autogas-franken.de\/blog\/index.php\/archives\/autogas-news\/36-iran-wird-autogas-land-nr1.html","title":{"rendered":"Iran wird Autogas-Land Nr.1"},"content":{"rendered":"<p>Aufgrund der <strong>Benzin-Knappheit<\/strong> im Iran d\u00fcrfen ab dem 23. Juli nur noch Autos verkauft werden, die au\u00dfer Benzin auch <strong>Autogas<\/strong> tanken k\u00f6nnen. So versucht das Regime den Spritbedarf der Perser zu decken.<\/p>\n<p>Obwohl der Iran \u00fcber die <strong>weltweit zweitgr\u00f6\u00dften \u00d6lreserven<\/strong> verf\u00fcgt und t\u00e4glich rund 4,2 Millionen Barrel Roh\u00f6l f\u00f6rdert, muss das Land ca. 40 Prozent seines Benzins f\u00fcr ungef\u00e4hr <strong>sechs Milliarden Dollar<\/strong> im Jahr importieren. Der Grund daf\u00fcr ist, dass Iran nicht \u00fcber ausreichende Raffinerie-Kapazit\u00e4ten verf\u00fcgt, was mit den jahrelangen Handelsembargos zusammenh\u00e4ngen k\u00f6nnte.<\/p>\n<p>Erst Ende Juni kam es zu w\u00fctenden Protesten der Autofahrer, da die Regierung den Spritverbrauch pro Autofahrer auf 100 Liter pro Monat limitiert hatte. Ob nun wieder die Tankstellen brennen, wenn Irans Autoflotte &#8220;im Hauruckverfahren&#8221; auf <strong>Fl\u00fcssiggas (LPG)<\/strong> umgestellt werden soll, bleibt abzuwarten. Wie das iranische Industrieministerium mitteilte, d\u00fcrfen Fahrzeug-Hersteller wie Marktf\u00fchrer <strong>Iran Khodor<\/strong> ab \u00fcbern\u00e4chstem Montag nur noch Fahrzeuge ausliefern, die sowohl mit <strong>LPG<\/strong> als auch mit Benzin fahren k\u00f6nnen &#8211; bereits auf dem Markt befindliche Fahrzeuge sollen nach und nach f\u00fcr den Dualverbrauch umger\u00fcstet werden.<\/p>\n<p><strong>Quelle: <a title=\"GR\u00dcNE AJATOLLAHS Iran verbietet klassische Benzin-Motoren\" href=\"http:\/\/www.spiegel.de\/auto\/aktuell\/0,1518,493354,00.html\" target=\"_blank\">Spiegel.de<\/a><\/strong><\/p>\n<div class=\"sharedaddy sd-sharing-enabled\"><div class=\"robots-nocontent sd-block sd-social sd-social-icon sd-sharing\"><h3 class=\"sd-title\">Share this:<\/h3><div class=\"sd-content\"><ul><li class=\"share-print\"><a rel=\"nofollow noopener noreferrer\" data-shared=\"\" class=\"share-print sd-button share-icon no-text\" href=\"https:\/\/www.autogas-franken.de\/blog\/index.php\/archives\/autogas-news\/36-iran-wird-autogas-land-nr1.html\" target=\"_blank\" title=\"Klicken zum Ausdrucken\" ><span><\/span><span class=\"sharing-screen-reader-text\">Klicken zum Ausdrucken (Wird in neuem Fenster ge\u00f6ffnet)<\/span><\/a><\/li><li class=\"share-email\"><a rel=\"nofollow noopener noreferrer\" data-shared=\"\" class=\"share-email sd-button share-icon no-text\" href=\"mailto:?subject=%5BGeteilter%20Beitrag%5D%20Iran%20wird%20Autogas-Land%20Nr.1&body=https%3A%2F%2Fwww.autogas-franken.de%2Fblog%2Findex.php%2Farchives%2Fautogas-news%2F36-iran-wird-autogas-land-nr1.html&share=email\" target=\"_blank\" title=\"Klicken, um einem Freund einen Link per E-Mail zu senden\" data-email-share-error-title=\"Hast du E-Mail eingerichtet?\" data-email-share-error-text=\"Wenn du Probleme mit dem Teilen per E-Mail hast, ist E-Mail m\u00f6glicherweise nicht f\u00fcr deinen Browser eingerichtet. Du musst die neue E-Mail-Einrichtung m\u00f6glicherweise selbst vornehmen.\" data-email-share-nonce=\"3ea66dceb8\" data-email-share-track-url=\"https:\/\/www.autogas-franken.de\/blog\/index.php\/archives\/autogas-news\/36-iran-wird-autogas-land-nr1.html?share=email\"><span><\/span><span class=\"sharing-screen-reader-text\">Klicken, um einem Freund einen Link per E-Mail zu senden (Wird in neuem Fenster ge\u00f6ffnet)<\/span><\/a><\/li><li class=\"share-twitter\"><a rel=\"nofollow noopener noreferrer\" data-shared=\"sharing-twitter-36\" class=\"share-twitter sd-button share-icon no-text\" href=\"https:\/\/www.autogas-franken.de\/blog\/index.php\/archives\/autogas-news\/36-iran-wird-autogas-land-nr1.html?share=twitter\" target=\"_blank\" title=\"Klick, um \u00fcber Twitter zu teilen\" ><span><\/span><span class=\"sharing-screen-reader-text\">Klick, um \u00fcber Twitter zu teilen (Wird in neuem Fenster ge\u00f6ffnet)<\/span><\/a><\/li><li class=\"share-jetpack-whatsapp\"><a rel=\"nofollow noopener noreferrer\" data-shared=\"\" class=\"share-jetpack-whatsapp sd-button share-icon no-text\" href=\"https:\/\/www.autogas-franken.de\/blog\/index.php\/archives\/autogas-news\/36-iran-wird-autogas-land-nr1.html?share=jetpack-whatsapp\" target=\"_blank\" title=\"Klicken, um auf WhatsApp zu teilen\" ><span><\/span><span class=\"sharing-screen-reader-text\">Klicken, um auf WhatsApp zu teilen (Wird in neuem Fenster ge\u00f6ffnet)<\/span><\/a><\/li><li class=\"share-linkedin\"><a rel=\"nofollow noopener noreferrer\" data-shared=\"sharing-linkedin-36\" class=\"share-linkedin sd-button share-icon no-text\" href=\"https:\/\/www.autogas-franken.de\/blog\/index.php\/archives\/autogas-news\/36-iran-wird-autogas-land-nr1.html?share=linkedin\" target=\"_blank\" title=\"Klick, um auf LinkedIn zu teilen\" ><span><\/span><span class=\"sharing-screen-reader-text\">Klick, um auf LinkedIn zu teilen (Wird in neuem Fenster ge\u00f6ffnet)<\/span><\/a><\/li><li class=\"share-reddit\"><a rel=\"nofollow noopener noreferrer\" data-shared=\"\" class=\"share-reddit sd-button share-icon no-text\" href=\"https:\/\/www.autogas-franken.de\/blog\/index.php\/archives\/autogas-news\/36-iran-wird-autogas-land-nr1.html?share=reddit\" target=\"_blank\" title=\"Klick, um auf Reddit zu teilen\" ><span><\/span><span class=\"sharing-screen-reader-text\">Klick, um auf Reddit zu teilen (Wird in neuem Fenster ge\u00f6ffnet)<\/span><\/a><\/li><li class=\"share-tumblr\"><a rel=\"nofollow noopener noreferrer\" data-shared=\"\" class=\"share-tumblr sd-button share-icon no-text\" href=\"https:\/\/www.autogas-franken.de\/blog\/index.php\/archives\/autogas-news\/36-iran-wird-autogas-land-nr1.html?share=tumblr\" target=\"_blank\" title=\"Klick, um auf Tumblr zu teilen\" ><span><\/span><span class=\"sharing-screen-reader-text\">Klick, um auf Tumblr zu teilen (Wird in neuem Fenster ge\u00f6ffnet)<\/span><\/a><\/li><li class=\"share-pinterest\"><a rel=\"nofollow noopener noreferrer\" data-shared=\"sharing-pinterest-36\" class=\"share-pinterest sd-button share-icon no-text\" href=\"https:\/\/www.autogas-franken.de\/blog\/index.php\/archives\/autogas-news\/36-iran-wird-autogas-land-nr1.html?share=pinterest\" target=\"_blank\" title=\"Klick, um auf Pinterest zu teilen\" ><span><\/span><span class=\"sharing-screen-reader-text\">Klick, um auf Pinterest zu teilen (Wird in neuem Fenster ge\u00f6ffnet)<\/span><\/a><\/li><li class=\"share-telegram\"><a rel=\"nofollow noopener noreferrer\" data-shared=\"\" class=\"share-telegram sd-button share-icon no-text\" href=\"https:\/\/www.autogas-franken.de\/blog\/index.php\/archives\/autogas-news\/36-iran-wird-autogas-land-nr1.html?share=telegram\" target=\"_blank\" title=\"Klicken, um auf Telegram zu teilen\" ><span><\/span><span class=\"sharing-screen-reader-text\">Klicken, um auf Telegram zu teilen (Wird in neuem Fenster ge\u00f6ffnet)<\/span><\/a><\/li><li class=\"share-pocket\"><a rel=\"nofollow noopener noreferrer\" data-shared=\"\" class=\"share-pocket sd-button share-icon no-text\" href=\"https:\/\/www.autogas-franken.de\/blog\/index.php\/archives\/autogas-news\/36-iran-wird-autogas-land-nr1.html?share=pocket\" target=\"_blank\" title=\"Klick, um auf Pocket zu teilen\" ><span><\/span><span class=\"sharing-screen-reader-text\">Klick, um auf Pocket zu teilen (Wird in neuem Fenster ge\u00f6ffnet)<\/span><\/a><\/li><li class=\"share-skype\"><a rel=\"nofollow noopener noreferrer\" data-shared=\"sharing-skype-36\" class=\"share-skype sd-button share-icon no-text\" href=\"https:\/\/www.autogas-franken.de\/blog\/index.php\/archives\/autogas-news\/36-iran-wird-autogas-land-nr1.html?share=skype\" target=\"_blank\" title=\"Klicken, um in Skype zu teilen\" ><span><\/span><span class=\"sharing-screen-reader-text\">Klicken, um in Skype zu teilen (Wird in neuem Fenster ge\u00f6ffnet)<\/span><\/a><\/li><li><a href=\"#\" class=\"sharing-anchor sd-button share-more\"><span>Mehr<\/span><\/a><\/li><li class=\"share-end\"><\/li><\/ul><div class=\"sharing-hidden\"><div class=\"inner\" style=\"display: none;width:150px;\"><ul style=\"background-image:none;\"><li class=\"share-facebook\"><a rel=\"nofollow noopener noreferrer\" data-shared=\"sharing-facebook-36\" class=\"share-facebook sd-button share-icon no-text\" href=\"https:\/\/www.autogas-franken.de\/blog\/index.php\/archives\/autogas-news\/36-iran-wird-autogas-land-nr1.html?share=facebook\" target=\"_blank\" title=\"Klick, um auf Facebook zu teilen\" ><span><\/span><span class=\"sharing-screen-reader-text\">Klick, um auf Facebook zu teilen (Wird in neuem Fenster ge\u00f6ffnet)<\/span><\/a><\/li><li class=\"share-end\"><\/li><\/ul><\/div><\/div><\/div><\/div><\/div>","protected":false},"excerpt":{"rendered":"<p>Aufgrund der Benzin-Knappheit im Iran d\u00fcrfen ab dem 23. Juli nur noch Autos verkauft werden, die au\u00dfer Benzin auch Autogas tanken k\u00f6nnen. So versucht das Regime den Spritbedarf der Perser zu decken. Obwohl der Iran \u00fcber die weltweit zweitgr\u00f6\u00dften \u00d6lreserven &hellip; <a href=\"https:\/\/www.autogas-franken.de\/blog\/index.php\/archives\/autogas-news\/36-iran-wird-autogas-land-nr1.html\">Weiterlesen <span class=\"meta-nav\">&rarr;<\/span><\/a><\/p>\n<div class=\"sharedaddy sd-sharing-enabled\"><div class=\"robots-nocontent sd-block sd-social sd-social-icon sd-sharing\"><h3 class=\"sd-title\">Share this:<\/h3><div class=\"sd-content\"><ul><li class=\"share-print\"><a rel=\"nofollow noopener noreferrer\" data-shared=\"\" class=\"share-print sd-button share-icon no-text\" href=\"https:\/\/www.autogas-franken.de\/blog\/index.php\/archives\/autogas-news\/36-iran-wird-autogas-land-nr1.html\" target=\"_blank\" title=\"Klicken zum Ausdrucken\" ><span><\/span><span class=\"sharing-screen-reader-text\">Klicken zum Ausdrucken (Wird in neuem Fenster ge\u00f6ffnet)<\/span><\/a><\/li><li class=\"share-email\"><a rel=\"nofollow noopener noreferrer\" data-shared=\"\" class=\"share-email sd-button share-icon no-text\" href=\"mailto:?subject=%5BGeteilter%20Beitrag%5D%20Iran%20wird%20Autogas-Land%20Nr.1&body=https%3A%2F%2Fwww.autogas-franken.de%2Fblog%2Findex.php%2Farchives%2Fautogas-news%2F36-iran-wird-autogas-land-nr1.html&share=email\" target=\"_blank\" title=\"Klicken, um einem Freund einen Link per E-Mail zu senden\" data-email-share-error-title=\"Hast du E-Mail eingerichtet?\" data-email-share-error-text=\"Wenn du Probleme mit dem Teilen per E-Mail hast, ist E-Mail m\u00f6glicherweise nicht f\u00fcr deinen Browser eingerichtet. Du musst die neue E-Mail-Einrichtung m\u00f6glicherweise selbst vornehmen.\" data-email-share-nonce=\"3ea66dceb8\" data-email-share-track-url=\"https:\/\/www.autogas-franken.de\/blog\/index.php\/archives\/autogas-news\/36-iran-wird-autogas-land-nr1.html?share=email\"><span><\/span><span class=\"sharing-screen-reader-text\">Klicken, um einem Freund einen Link per E-Mail zu senden (Wird in neuem Fenster ge\u00f6ffnet)<\/span><\/a><\/li><li class=\"share-twitter\"><a rel=\"nofollow noopener noreferrer\" data-shared=\"sharing-twitter-36\" class=\"share-twitter sd-button share-icon no-text\" href=\"https:\/\/www.autogas-franken.de\/blog\/index.php\/archives\/autogas-news\/36-iran-wird-autogas-land-nr1.html?share=twitter\" target=\"_blank\" title=\"Klick, um \u00fcber Twitter zu teilen\" ><span><\/span><span class=\"sharing-screen-reader-text\">Klick, um \u00fcber Twitter zu teilen (Wird in neuem Fenster ge\u00f6ffnet)<\/span><\/a><\/li><li class=\"share-jetpack-whatsapp\"><a rel=\"nofollow noopener noreferrer\" data-shared=\"\" class=\"share-jetpack-whatsapp sd-button share-icon no-text\" href=\"https:\/\/www.autogas-franken.de\/blog\/index.php\/archives\/autogas-news\/36-iran-wird-autogas-land-nr1.html?share=jetpack-whatsapp\" target=\"_blank\" title=\"Klicken, um auf WhatsApp zu teilen\" ><span><\/span><span class=\"sharing-screen-reader-text\">Klicken, um auf WhatsApp zu teilen (Wird in neuem Fenster ge\u00f6ffnet)<\/span><\/a><\/li><li class=\"share-linkedin\"><a rel=\"nofollow noopener noreferrer\" data-shared=\"sharing-linkedin-36\" class=\"share-linkedin sd-button share-icon no-text\" href=\"https:\/\/www.autogas-franken.de\/blog\/index.php\/archives\/autogas-news\/36-iran-wird-autogas-land-nr1.html?share=linkedin\" target=\"_blank\" title=\"Klick, um auf LinkedIn zu teilen\" ><span><\/span><span class=\"sharing-screen-reader-text\">Klick, um auf LinkedIn zu teilen (Wird in neuem Fenster ge\u00f6ffnet)<\/span><\/a><\/li><li class=\"share-reddit\"><a rel=\"nofollow noopener noreferrer\" data-shared=\"\" class=\"share-reddit sd-button share-icon no-text\" href=\"https:\/\/www.autogas-franken.de\/blog\/index.php\/archives\/autogas-news\/36-iran-wird-autogas-land-nr1.html?share=reddit\" target=\"_blank\" title=\"Klick, um auf Reddit zu teilen\" ><span><\/span><span class=\"sharing-screen-reader-text\">Klick, um auf Reddit zu teilen (Wird in neuem Fenster ge\u00f6ffnet)<\/span><\/a><\/li><li class=\"share-tumblr\"><a rel=\"nofollow noopener noreferrer\" data-shared=\"\" class=\"share-tumblr sd-button share-icon no-text\" href=\"https:\/\/www.autogas-franken.de\/blog\/index.php\/archives\/autogas-news\/36-iran-wird-autogas-land-nr1.html?share=tumblr\" target=\"_blank\" title=\"Klick, um auf Tumblr zu teilen\" ><span><\/span><span class=\"sharing-screen-reader-text\">Klick, um auf Tumblr zu teilen (Wird in neuem Fenster ge\u00f6ffnet)<\/span><\/a><\/li><li class=\"share-pinterest\"><a rel=\"nofollow noopener noreferrer\" data-shared=\"sharing-pinterest-36\" class=\"share-pinterest sd-button share-icon no-text\" href=\"https:\/\/www.autogas-franken.de\/blog\/index.php\/archives\/autogas-news\/36-iran-wird-autogas-land-nr1.html?share=pinterest\" target=\"_blank\" title=\"Klick, um auf Pinterest zu teilen\" ><span><\/span><span class=\"sharing-screen-reader-text\">Klick, um auf Pinterest zu teilen (Wird in neuem Fenster ge\u00f6ffnet)<\/span><\/a><\/li><li class=\"share-telegram\"><a rel=\"nofollow noopener noreferrer\" data-shared=\"\" class=\"share-telegram sd-button share-icon no-text\" href=\"https:\/\/www.autogas-franken.de\/blog\/index.php\/archives\/autogas-news\/36-iran-wird-autogas-land-nr1.html?share=telegram\" target=\"_blank\" title=\"Klicken, um auf Telegram zu teilen\" ><span><\/span><span class=\"sharing-screen-reader-text\">Klicken, um auf Telegram zu teilen (Wird in neuem Fenster ge\u00f6ffnet)<\/span><\/a><\/li><li class=\"share-pocket\"><a rel=\"nofollow noopener noreferrer\" data-shared=\"\" class=\"share-pocket sd-button share-icon no-text\" href=\"https:\/\/www.autogas-franken.de\/blog\/index.php\/archives\/autogas-news\/36-iran-wird-autogas-land-nr1.html?share=pocket\" target=\"_blank\" title=\"Klick, um auf Pocket zu teilen\" ><span><\/span><span class=\"sharing-screen-reader-text\">Klick, um auf Pocket zu teilen (Wird in neuem Fenster ge\u00f6ffnet)<\/span><\/a><\/li><li class=\"share-skype\"><a rel=\"nofollow noopener noreferrer\" data-shared=\"sharing-skype-36\" class=\"share-skype sd-button share-icon no-text\" href=\"https:\/\/www.autogas-franken.de\/blog\/index.php\/archives\/autogas-news\/36-iran-wird-autogas-land-nr1.html?share=skype\" target=\"_blank\" title=\"Klicken, um in Skype zu teilen\" ><span><\/span><span class=\"sharing-screen-reader-text\">Klicken, um in Skype zu teilen (Wird in neuem Fenster ge\u00f6ffnet)<\/span><\/a><\/li><li><a href=\"#\" class=\"sharing-anchor sd-button share-more\"><span>Mehr<\/span><\/a><\/li><li class=\"share-end\"><\/li><\/ul><div class=\"sharing-hidden\"><div class=\"inner\" style=\"display: none;width:150px;\"><ul style=\"background-image:none;\"><li class=\"share-facebook\"><a rel=\"nofollow noopener noreferrer\" data-shared=\"sharing-facebook-36\" class=\"share-facebook sd-button share-icon no-text\" href=\"https:\/\/www.autogas-franken.de\/blog\/index.php\/archives\/autogas-news\/36-iran-wird-autogas-land-nr1.html?share=facebook\" target=\"_blank\" title=\"Klick, um auf Facebook zu teilen\" ><span><\/span><span class=\"sharing-screen-reader-text\">Klick, um auf Facebook zu teilen (Wird in neuem Fenster ge\u00f6ffnet)<\/span><\/a><\/li><li class=\"share-end\"><\/li><\/ul><\/div><\/div><\/div><\/div><\/div>","protected":false},"author":4,"featured_media":0,"comment_status":"open","ping_status":"open","sticky":false,"template":"","format":"standard","meta":{"jetpack_post_was_ever_published":false,"jetpack_publicize_message":"","jetpack_is_tweetstorm":false,"jetpack_publicize_feature_enabled":true},"categories":[4],"tags":[78],"jetpack_publicize_connections":[],"yoast_head":"<!-- This site is optimized with the Yoast SEO plugin v19.7.2 - https:\/\/yoast.com\/wordpress\/plugins\/seo\/ -->\n<title>Iran wird Autogas-Land Nr.1 - Autogas f\u00fcr Franken<\/title>\n<meta name=\"robots\" content=\"index, follow, max-snippet:-1, max-image-preview:large, max-video-preview:-1\" \/>\n<link rel=\"canonical\" href=\"https:\/\/www.autogas-franken.de\/blog\/index.php\/archives\/autogas-news\/36-iran-wird-autogas-land-nr1.html\" \/>\n<meta property=\"og:locale\" content=\"de_DE\" \/>\n<meta property=\"og:type\" content=\"article\" \/>\n<meta property=\"og:title\" content=\"Iran wird Autogas-Land Nr.1 - Autogas f\u00fcr Franken\" \/>\n<meta property=\"og:description\" content=\"Aufgrund der Benzin-Knappheit im Iran d\u00fcrfen ab dem 23. Juli nur noch Autos verkauft werden, die au\u00dfer Benzin auch Autogas tanken k\u00f6nnen. So versucht das Regime den Spritbedarf der Perser zu decken. Obwohl der Iran \u00fcber die weltweit zweitgr\u00f6\u00dften \u00d6lreserven &hellip; Weiterlesen &rarr;\" \/>\n<meta property=\"og:url\" content=\"https:\/\/www.autogas-franken.de\/blog\/index.php\/archives\/autogas-news\/36-iran-wird-autogas-land-nr1.html\" \/>\n<meta property=\"og:site_name\" content=\"Autogas f\u00fcr Franken\" \/>\n<meta property=\"article:published_time\" content=\"2007-07-09T14:53:23+00:00\" \/>\n<meta property=\"article:modified_time\" content=\"2009-04-23T20:44:19+00:00\" \/>\n<meta name=\"author\" content=\"Andreas Brandl\" \/>\n<meta name=\"twitter:card\" content=\"summary_large_image\" \/>\n<meta name=\"twitter:label1\" content=\"Verfasst von\" \/>\n\t<meta name=\"twitter:data1\" content=\"Andreas Brandl\" \/>\n\t<meta name=\"twitter:label2\" content=\"Gesch\u00e4tzte Lesezeit\" \/>\n\t<meta name=\"twitter:data2\" content=\"1\u00a0Minute\" \/>\n<script type=\"application\/ld+json\" class=\"yoast-schema-graph\">{\"@context\":\"https:\/\/schema.org\",\"@graph\":[{\"@type\":\"WebPage\",\"@id\":\"https:\/\/www.autogas-franken.de\/blog\/index.php\/archives\/autogas-news\/36-iran-wird-autogas-land-nr1.html\",\"url\":\"https:\/\/www.autogas-franken.de\/blog\/index.php\/archives\/autogas-news\/36-iran-wird-autogas-land-nr1.html\",\"name\":\"Iran wird Autogas-Land Nr.1 - Autogas f\u00fcr Franken\",\"isPartOf\":{\"@id\":\"https:\/\/www.autogas-franken.de\/blog\/#website\"},\"datePublished\":\"2007-07-09T14:53:23+00:00\",\"dateModified\":\"2009-04-23T20:44:19+00:00\",\"author\":{\"@id\":\"https:\/\/www.autogas-franken.de\/blog\/#\/schema\/person\/36b3c83f7b1b0de84c9e9fd0808559e3\"},\"breadcrumb\":{\"@id\":\"https:\/\/www.autogas-franken.de\/blog\/index.php\/archives\/autogas-news\/36-iran-wird-autogas-land-nr1.html#breadcrumb\"},\"inLanguage\":\"de\",\"potentialAction\":[{\"@type\":\"ReadAction\",\"target\":[\"https:\/\/www.autogas-franken.de\/blog\/index.php\/archives\/autogas-news\/36-iran-wird-autogas-land-nr1.html\"]}]},{\"@type\":\"BreadcrumbList\",\"@id\":\"https:\/\/www.autogas-franken.de\/blog\/index.php\/archives\/autogas-news\/36-iran-wird-autogas-land-nr1.html#breadcrumb\",\"itemListElement\":[{\"@type\":\"ListItem\",\"position\":1,\"name\":\"Startseite\",\"item\":\"https:\/\/www.autogas-franken.de\/blog\"},{\"@type\":\"ListItem\",\"position\":2,\"name\":\"Iran wird Autogas-Land Nr.1\"}]},{\"@type\":\"WebSite\",\"@id\":\"https:\/\/www.autogas-franken.de\/blog\/#website\",\"url\":\"https:\/\/www.autogas-franken.de\/blog\/\",\"name\":\"Autogas f\u00fcr Franken\",\"description\":\"Erfahrungen mit den auf LPG umger\u00fcsteten Audi A3 und Skoda Oktavia\",\"potentialAction\":[{\"@type\":\"SearchAction\",\"target\":{\"@type\":\"EntryPoint\",\"urlTemplate\":\"https:\/\/www.autogas-franken.de\/blog\/?s={search_term_string}\"},\"query-input\":\"required name=search_term_string\"}],\"inLanguage\":\"de\"},{\"@type\":\"Person\",\"@id\":\"https:\/\/www.autogas-franken.de\/blog\/#\/schema\/person\/36b3c83f7b1b0de84c9e9fd0808559e3\",\"name\":\"Andreas Brandl\",\"image\":{\"@type\":\"ImageObject\",\"inLanguage\":\"de\",\"@id\":\"https:\/\/www.autogas-franken.de\/blog\/#\/schema\/person\/image\/\",\"url\":\"https:\/\/secure.gravatar.com\/avatar\/64afc4ffd14df9b18b8e0434d79253ad?s=96&d=mm&r=g\",\"contentUrl\":\"https:\/\/secure.gravatar.com\/avatar\/64afc4ffd14df9b18b8e0434d79253ad?s=96&d=mm&r=g\",\"caption\":\"Andreas Brandl\"},\"sameAs\":[\"https:\/\/www.autogas-franken.de\"],\"url\":\"https:\/\/www.autogas-franken.de\/blog\/index.php\/archives\/author\/andy\"}]}<\/script>\n<!-- \/ Yoast SEO plugin. -->","yoast_head_json":{"title":"Iran wird Autogas-Land Nr.1 - Autogas f\u00fcr Franken","robots":{"index":"index","follow":"follow","max-snippet":"max-snippet:-1","max-image-preview":"max-image-preview:large","max-video-preview":"max-video-preview:-1"},"canonical":"https:\/\/www.autogas-franken.de\/blog\/index.php\/archives\/autogas-news\/36-iran-wird-autogas-land-nr1.html","og_locale":"de_DE","og_type":"article","og_title":"Iran wird Autogas-Land Nr.1 - Autogas f\u00fcr Franken","og_description":"Aufgrund der Benzin-Knappheit im Iran d\u00fcrfen ab dem 23. Juli nur noch Autos verkauft werden, die au\u00dfer Benzin auch Autogas tanken k\u00f6nnen. So versucht das Regime den Spritbedarf der Perser zu decken. Obwohl der Iran \u00fcber die weltweit zweitgr\u00f6\u00dften \u00d6lreserven &hellip; Weiterlesen &rarr;","og_url":"https:\/\/www.autogas-franken.de\/blog\/index.php\/archives\/autogas-news\/36-iran-wird-autogas-land-nr1.html","og_site_name":"Autogas f\u00fcr Franken","article_published_time":"2007-07-09T14:53:23+00:00","article_modified_time":"2009-04-23T20:44:19+00:00","author":"Andreas Brandl","twitter_card":"summary_large_image","twitter_misc":{"Verfasst von":"Andreas Brandl","Gesch\u00e4tzte Lesezeit":"1\u00a0Minute"},"schema":{"@context":"https:\/\/schema.org","@graph":[{"@type":"WebPage","@id":"https:\/\/www.autogas-franken.de\/blog\/index.php\/archives\/autogas-news\/36-iran-wird-autogas-land-nr1.html","url":"https:\/\/www.autogas-franken.de\/blog\/index.php\/archives\/autogas-news\/36-iran-wird-autogas-land-nr1.html","name":"Iran wird Autogas-Land Nr.1 - Autogas f\u00fcr Franken","isPartOf":{"@id":"https:\/\/www.autogas-franken.de\/blog\/#website"},"datePublished":"2007-07-09T14:53:23+00:00","dateModified":"2009-04-23T20:44:19+00:00","author":{"@id":"https:\/\/www.autogas-franken.de\/blog\/#\/schema\/person\/36b3c83f7b1b0de84c9e9fd0808559e3"},"breadcrumb":{"@id":"https:\/\/www.autogas-franken.de\/blog\/index.php\/archives\/autogas-news\/36-iran-wird-autogas-land-nr1.html#breadcrumb"},"inLanguage":"de","potentialAction":[{"@type":"ReadAction","target":["https:\/\/www.autogas-franken.de\/blog\/index.php\/archives\/autogas-news\/36-iran-wird-autogas-land-nr1.html"]}]},{"@type":"BreadcrumbList","@id":"https:\/\/www.autogas-franken.de\/blog\/index.php\/archives\/autogas-news\/36-iran-wird-autogas-land-nr1.html#breadcrumb","itemListElement":[{"@type":"ListItem","position":1,"name":"Startseite","item":"https:\/\/www.autogas-franken.de\/blog"},{"@type":"ListItem","position":2,"name":"Iran wird Autogas-Land Nr.1"}]},{"@type":"WebSite","@id":"https:\/\/www.autogas-franken.de\/blog\/#website","url":"https:\/\/www.autogas-franken.de\/blog\/","name":"Autogas f\u00fcr Franken","description":"Erfahrungen mit den auf LPG umger\u00fcsteten Audi A3 und Skoda Oktavia","potentialAction":[{"@type":"SearchAction","target":{"@type":"EntryPoint","urlTemplate":"https:\/\/www.autogas-franken.de\/blog\/?s={search_term_string}"},"query-input":"required name=search_term_string"}],"inLanguage":"de"},{"@type":"Person","@id":"https:\/\/www.autogas-franken.de\/blog\/#\/schema\/person\/36b3c83f7b1b0de84c9e9fd0808559e3","name":"Andreas Brandl","image":{"@type":"ImageObject","inLanguage":"de","@id":"https:\/\/www.autogas-franken.de\/blog\/#\/schema\/person\/image\/","url":"https:\/\/secure.gravatar.com\/avatar\/64afc4ffd14df9b18b8e0434d79253ad?s=96&d=mm&r=g","contentUrl":"https:\/\/secure.gravatar.com\/avatar\/64afc4ffd14df9b18b8e0434d79253ad?s=96&d=mm&r=g","caption":"Andreas Brandl"},"sameAs":["https:\/\/www.autogas-franken.de"],"url":"https:\/\/www.autogas-franken.de\/blog\/index.php\/archives\/author\/andy"}]}},"jetpack_featured_media_url":"","jetpack_sharing_enabled":true,"jetpack_shortlink":"https:\/\/wp.me\/p7UynC-A","jetpack-related-posts":[{"id":20,"url":"https:\/\/www.autogas-franken.de\/blog\/index.php\/archives\/autogas-news\/20-bei-autogas-umruestung-droht-garantieverlust.html","url_meta":{"origin":36,"position":0},"title":"Bei Autogas-Umr\u00fcstung droht Garantieverlust","date":"25. Januar 2007","format":false,"excerpt":"Wer sein Fahrzeug nachtr\u00e4glich auf Autogas umr\u00fcstet, riskiert den Verlust der Herstellergarantie, so die Verbraucherzentrale Nordrhein-Westfalen in D\u00fcsseldorf. Einige Hersteller f\u00fchlten sich nach der Umr\u00fcstung nicht mehr an die Neuwagengarantie gebunden, ergab eine Umfrage der Verbrauchersch\u00fctzer. In so einem Fall droht den Autofahrern dann die Kosten f\u00fcr Reparaturen selbst zahlen\u2026","rel":"","context":"In &quot;Autogas-news&quot;","img":{"alt_text":"","src":"","width":0,"height":0},"classes":[]},{"id":67,"url":"https:\/\/www.autogas-franken.de\/blog\/index.php\/archives\/autogas-news\/67-adac-studie-fuer-gasfahrzeuge.html","url_meta":{"origin":36,"position":1},"title":"ADAC-Studie f\u00fcr Gasfahrzeuge","date":"7. Oktober 2008","format":false,"excerpt":"\u00dcber Autos mit Gasantrieb h\u00f6rt man die unterschiedlichsten Meinungen. So lange die Bezinpreise hoch sind, ist es h\u00e4ufig \"PRO AUTOGAS\". Nun hat aber vor einiger Zeit der ADAC das Thema in einer umfangreichen Studie untersucht: Autos mit Gasantrieb sind inzwischen eine echte Alternative zu herk\u00f6mmlichen Kraftfahrzeugen: Da bei der Verbrennung\u2026","rel":"","context":"In &quot;Autogas-news&quot;","img":{"alt_text":"","src":"","width":0,"height":0},"classes":[]},{"id":404,"url":"https:\/\/www.autogas-franken.de\/blog\/index.php\/archives\/autogas-news\/404-neuwagenkauf-muessen-wir-uns-von-autogas-verabschieden.html","url_meta":{"origin":36,"position":2},"title":"Neuwagenkauf: M\u00fcssen wir uns von Autogas verabschieden?","date":"11. Juli 2018","format":false,"excerpt":"Unser umger\u00fcsteter Skoda Octavia hat seine 200.000 Kilometer \u00fcberschritten und wird 9 Jahre alt. Also sieht man sich nach einem neuen, ger\u00e4umigeren Familien-fahrzeug um. Wir haben uns da den SEAT Alhambra ausgesucht und wollten nach der Verl\u00e4ngerung des Steuervorteils f\u00fcr Autogas bis 2022 nat\u00fcrlich auch weiterhin mit LPG fahren. Doch\u2026","rel":"","context":"In &quot;Autogas-news&quot;","img":{"alt_text":"","src":"","width":0,"height":0},"classes":[]},{"id":75,"url":"https:\/\/www.autogas-franken.de\/blog\/index.php\/archives\/autogas-news\/75-autogas-mechaniker-bei-explosion-verletzt.html","url_meta":{"origin":36,"position":3},"title":"Autogas-Mechaniker bei Explosion verletzt","date":"6. November 2008","format":false,"excerpt":"WELT-ONLINE berichtet, dass bei Arbeiten an einem Autogas-Tank 6 Mechaniker durch Verpuffung und Stichflammen verletzt wurden. Es ist in Deutschland eines der schwersten Ungl\u00fccke, die sich bislang im Zusammenhang mit Autogas ereignet haben. In einer Fachwerkstatt in Stellingen sollte an einem auf Gasantrieb umger\u00fcsteten Kia einen Defekt an einem Tank-Ventil\u2026","rel":"","context":"In &quot;Autogas-news&quot;","img":{"alt_text":"","src":"","width":0,"height":0},"classes":[]},{"id":7,"url":"https:\/\/www.autogas-franken.de\/blog\/index.php\/archives\/allgemein\/7-willkommen-auf-autogas-frankende.html","url_meta":{"origin":36,"position":4},"title":"Willkommen auf Autogas-Franken.de","date":"19. September 2006","format":false,"excerpt":"Viele Leute m\u00fcssen heutzutage versuchen ihre Tankkosten zu senken. Was bietet sich da besser an als einen Treibstoff zu w\u00e4hlen, bei dem der Liter derzeit mit ca. 0,60 Cent um 53% billiger ist als Super-Benzin! So\u00a0war auch ich gezwungen, \u00fcber meine Fahrtkosten nachzudenken, als ich Mitte 2004 beruflich von der\u00a0Frankenmetropole\u2026","rel":"","context":"In &quot;Allgemein&quot;","img":{"alt_text":"","src":"","width":0,"height":0},"classes":[]},{"id":127,"url":"https:\/\/www.autogas-franken.de\/blog\/index.php\/archives\/allgemein\/127-fontal21-verunreinigungen-im-lpg.html","url_meta":{"origin":36,"position":5},"title":"Fontal21: Verunreinigungen im LPG","date":"14. April 2009","format":false,"excerpt":"Der Siegeszug von Autogas scheint ungebremst: K\u00fcrzlich wurde in Ostwestfalen die 5000. Autogas-Tankstelle Deutschlands er\u00f6ffnet. Inzwischen gibt es 320.000 Autogasfahrer in Deutschland und 5Mio in Europa. Aber auch die Zahl der Motorsch\u00e4den steigt! Das ZDF-Magazin Frontal21 von heute machte neben vereinzelten \"schwarzen Schafen\" bei den Umr\u00fcstern eine \"Verunreinigung im Autogas\"\u2026","rel":"","context":"In &quot;Allgemein&quot;","img":{"alt_text":"","src":"","width":0,"height":0},"classes":[]}],"_links":{"self":[{"href":"https:\/\/www.autogas-franken.de\/blog\/index.php\/wp-json\/wp\/v2\/posts\/36"}],"collection":[{"href":"https:\/\/www.autogas-franken.de\/blog\/index.php\/wp-json\/wp\/v2\/posts"}],"about":[{"href":"https:\/\/www.autogas-franken.de\/blog\/index.php\/wp-json\/wp\/v2\/types\/post"}],"author":[{"embeddable":true,"href":"https:\/\/www.autogas-franken.de\/blog\/index.php\/wp-json\/wp\/v2\/users\/4"}],"replies":[{"embeddable":true,"href":"https:\/\/www.autogas-franken.de\/blog\/index.php\/wp-json\/wp\/v2\/comments?post=36"}],"version-history":[{"count":1,"href":"https:\/\/www.autogas-franken.de\/blog\/index.php\/wp-json\/wp\/v2\/posts\/36\/revisions"}],"predecessor-version":[{"id":141,"href":"https:\/\/www.autogas-franken.de\/blog\/index.php\/wp-json\/wp\/v2\/posts\/36\/revisions\/141"}],"wp:attachment":[{"href":"https:\/\/www.autogas-franken.de\/blog\/index.php\/wp-json\/wp\/v2\/media?parent=36"}],"wp:term":[{"taxonomy":"category","embeddable":true,"href":"https:\/\/www.autogas-franken.de\/blog\/index.php\/wp-json\/wp\/v2\/categories?post=36"},{"taxonomy":"post_tag","embeddable":true,"href":"https:\/\/www.autogas-franken.de\/blog\/index.php\/wp-json\/wp\/v2\/tags?post=36"}],"curies":[{"name":"wp","href":"https:\/\/api.w.org\/{rel}","templated":true}]}}