{"id":35,"date":"2007-07-05T16:41:48","date_gmt":"2007-07-05T14:41:48","guid":{"rendered":"http:\/\/autogas-franken.de\/blog\/index.php\/archives\/auto-news\/35-zur-altautoentsorgung-nach-jordanien.html"},"modified":"2009-04-23T22:44:28","modified_gmt":"2009-04-23T20:44:28","slug":"zur-altautoentsorgung-nach-jordanien","status":"publish","type":"post","link":"https:\/\/www.autogas-franken.de\/blog\/index.php\/archives\/auto-news\/35-zur-altautoentsorgung-nach-jordanien.html","title":{"rendered":"Zur Altautoentsorgung nach Jordanien"},"content":{"rendered":"<p>So ist das mit den Schnapsideen: Ein paar Autonarren und -bastler sa\u00dfen in Oberstaufen und suchten eine Herausforderung,\u00a0\u00a0&#8220;ein zahlbares Abenteuer mit kalkulierbarem Risiko f\u00fcr positiv verr\u00fcckte Menschen&#8221; und fanden eine Antwort auf die <strong><a href=\"http:\/\/de.wikipedia.org\/wiki\/Rallye_Dakar\" target=\"_blank\">Rallye Paris-Dakar<\/a><\/strong>:<\/p>\n<p><strong>Von Oberstaufen im Allg\u00e4u\u00a0nach Amman in Jordanien!<\/strong><\/p>\n<p>F\u00fcr den Sieger unter Sonderbedingungen (Autobahnen und Mautstra\u00dfen, sowie Navigationssysteme sind tabu, ansonsten gelten die Stra\u00dfenverkehrsordnungen) sollte es einen ganz besonderen Preis geben:\u00a0<strong>Ein echtes Kamel<\/strong>!<\/p>\n<p>Aus diesem &#8220;Rennen&#8221; wurde nun ein <strong>Hilfsprojekt f\u00fcr Jordanien<\/strong>, wie der Bayerische Rundfunk gestern berichtet hat. Unter dem Titel <strong>&#8220;Was hei\u00dft Bergk\u00e4se auf arabisch?&#8221;<\/strong> B2radio gestern\u00a0in der Nahaufnahme einen Bericht von <strong>Thomas Scherer<\/strong>. Der 29j\u00e4hrige Reporter vom BR hat die Delegation begleitet, die \u00fcberpr\u00fcfen wollten, was aus ihrem Hilfsprojekt wurde:<\/p>\n<p>Man hat n\u00e4mlich nach dem ersten Rennen die Fahrzeuge\u00a0(mindestens 20 Jahre alt oder weniger als 2.000 Euro nach Schwacke-Liste wert) mit denen man runterfuhr, vor Ort verkauft. Den Erl\u00f6s (ca. 51.000 Euro)\u00a0wollte man aber nicht f\u00fcr sich behalten, sondern den Jordaniern zukommen lassen. So hat man sich erkundigt und hat herausgefunden, dass der Bev\u00f6lkerung am meisten mit einer <strong>K\u00e4serei<\/strong> (&#8220;Oberstaufen-K\u00e4serei-Amman&#8221;)\u00a0geholfen w\u00e4re, da jeder dort fast jeder Ziegen hat, aber eine Verwendung und ein Verkauf der Milch kaum m\u00f6glich ist.<\/p>\n<p>Organisator <strong>Wilfried Gehr<\/strong> war zwar vom Fortschritt des Rohbaus \u00fcberhaupt nicht begeistert, aber daf\u00fcr um so mehr vom Besuch Ihrer K\u00f6niglichen Hoheit, <strong>Prinzessin Basma bin Thal<\/strong>, Tante des amtierenden Monarchen Abdallah. Au\u00dferdem hatte man neben dem BR-Reporter auch noch die <a href=\"http:\/\/freenet-homepage.de\/musikkapelle-stiefenhofen\/\" target=\"_blank\"><strong>Musikkapelle Stiefenhofen<\/strong><\/a> im Schlepptau, die auch nicht vers\u00e4umte, immer und \u00fcberall ihre &#8220;Ufta-Ufta-Musik&#8221; zum Besten zu geben.<\/p>\n<p>\u00dcbrigens wurde dann noch aufgel\u00f6st, was Bergk\u00e4se auf arabisch hei\u00dft: &#8220;<strong>Jebnet al Jabal<\/strong> &#8211; K\u00e4se des Berges&#8221;!!<\/p>\n<p>Alles herrlich nachzulesen bei <strong><a title=\"Was hei\u00dft eigentlich \u201eBergk\u00e4s\u201c auf Arabisch?\" href=\"http:\/\/www.all-in.de\/nachrichten\/allgaeu\/weiler\/art2792,119818\" target=\"_blank\">all-in.de<\/a><\/strong> oder zu h\u00f6ren bei <a title=\"Nahaufnahme\" href=\"http:\/\/www.br-online.de\/download-podcast\/mp3-download\/bayern2radio\/mp3-download-podcast-nahaufnahme.xml\" target=\"_blank\"><strong>B2 Podcast<\/strong><\/a><\/p>\n<p>Wer Interesse hat mitzufahren findet alles Infos auf <strong><a href=\"http:\/\/www.allgaeu-orient.de\/de\/\" target=\"_blank\">allgaeu-orient.de<\/a><\/strong><\/p>\n<div class=\"sharedaddy sd-sharing-enabled\"><div class=\"robots-nocontent sd-block sd-social sd-social-icon sd-sharing\"><h3 class=\"sd-title\">Share this:<\/h3><div class=\"sd-content\"><ul><li class=\"share-print\"><a rel=\"nofollow noopener noreferrer\" data-shared=\"\" class=\"share-print sd-button share-icon no-text\" href=\"https:\/\/www.autogas-franken.de\/blog\/index.php\/archives\/auto-news\/35-zur-altautoentsorgung-nach-jordanien.html\" target=\"_blank\" title=\"Klicken zum Ausdrucken\" ><span><\/span><span class=\"sharing-screen-reader-text\">Klicken zum Ausdrucken (Wird in neuem Fenster ge\u00f6ffnet)<\/span><\/a><\/li><li class=\"share-email\"><a rel=\"nofollow noopener noreferrer\" data-shared=\"\" class=\"share-email sd-button share-icon no-text\" href=\"mailto:?subject=%5BGeteilter%20Beitrag%5D%20Zur%20Altautoentsorgung%20nach%20Jordanien&body=https%3A%2F%2Fwww.autogas-franken.de%2Fblog%2Findex.php%2Farchives%2Fauto-news%2F35-zur-altautoentsorgung-nach-jordanien.html&share=email\" target=\"_blank\" title=\"Klicken, um einem Freund einen Link per E-Mail zu senden\" data-email-share-error-title=\"Hast du E-Mail eingerichtet?\" data-email-share-error-text=\"Wenn du Probleme mit dem Teilen per E-Mail hast, ist E-Mail m\u00f6glicherweise nicht f\u00fcr deinen Browser eingerichtet. Du musst die neue E-Mail-Einrichtung m\u00f6glicherweise selbst vornehmen.\" data-email-share-nonce=\"38eb505f0a\" data-email-share-track-url=\"https:\/\/www.autogas-franken.de\/blog\/index.php\/archives\/auto-news\/35-zur-altautoentsorgung-nach-jordanien.html?share=email\"><span><\/span><span class=\"sharing-screen-reader-text\">Klicken, um einem Freund einen Link per E-Mail zu senden (Wird in neuem Fenster ge\u00f6ffnet)<\/span><\/a><\/li><li class=\"share-twitter\"><a rel=\"nofollow noopener noreferrer\" data-shared=\"sharing-twitter-35\" class=\"share-twitter sd-button share-icon no-text\" href=\"https:\/\/www.autogas-franken.de\/blog\/index.php\/archives\/auto-news\/35-zur-altautoentsorgung-nach-jordanien.html?share=twitter\" target=\"_blank\" title=\"Klick, um \u00fcber Twitter zu teilen\" ><span><\/span><span class=\"sharing-screen-reader-text\">Klick, um \u00fcber Twitter zu teilen (Wird in neuem Fenster ge\u00f6ffnet)<\/span><\/a><\/li><li class=\"share-jetpack-whatsapp\"><a rel=\"nofollow noopener noreferrer\" data-shared=\"\" class=\"share-jetpack-whatsapp sd-button share-icon no-text\" href=\"https:\/\/www.autogas-franken.de\/blog\/index.php\/archives\/auto-news\/35-zur-altautoentsorgung-nach-jordanien.html?share=jetpack-whatsapp\" target=\"_blank\" title=\"Klicken, um auf WhatsApp zu teilen\" ><span><\/span><span class=\"sharing-screen-reader-text\">Klicken, um auf WhatsApp zu teilen (Wird in neuem Fenster ge\u00f6ffnet)<\/span><\/a><\/li><li class=\"share-linkedin\"><a rel=\"nofollow noopener noreferrer\" data-shared=\"sharing-linkedin-35\" class=\"share-linkedin sd-button share-icon no-text\" href=\"https:\/\/www.autogas-franken.de\/blog\/index.php\/archives\/auto-news\/35-zur-altautoentsorgung-nach-jordanien.html?share=linkedin\" target=\"_blank\" title=\"Klick, um auf LinkedIn zu teilen\" ><span><\/span><span class=\"sharing-screen-reader-text\">Klick, um auf LinkedIn zu teilen (Wird in neuem Fenster ge\u00f6ffnet)<\/span><\/a><\/li><li class=\"share-reddit\"><a rel=\"nofollow noopener noreferrer\" data-shared=\"\" class=\"share-reddit sd-button share-icon no-text\" href=\"https:\/\/www.autogas-franken.de\/blog\/index.php\/archives\/auto-news\/35-zur-altautoentsorgung-nach-jordanien.html?share=reddit\" target=\"_blank\" title=\"Klick, um auf Reddit zu teilen\" ><span><\/span><span class=\"sharing-screen-reader-text\">Klick, um auf Reddit zu teilen (Wird in neuem Fenster ge\u00f6ffnet)<\/span><\/a><\/li><li class=\"share-tumblr\"><a rel=\"nofollow noopener noreferrer\" data-shared=\"\" class=\"share-tumblr sd-button share-icon no-text\" href=\"https:\/\/www.autogas-franken.de\/blog\/index.php\/archives\/auto-news\/35-zur-altautoentsorgung-nach-jordanien.html?share=tumblr\" target=\"_blank\" title=\"Klick, um auf Tumblr zu teilen\" ><span><\/span><span class=\"sharing-screen-reader-text\">Klick, um auf Tumblr zu teilen (Wird in neuem Fenster ge\u00f6ffnet)<\/span><\/a><\/li><li class=\"share-pinterest\"><a rel=\"nofollow noopener noreferrer\" data-shared=\"sharing-pinterest-35\" class=\"share-pinterest sd-button share-icon no-text\" href=\"https:\/\/www.autogas-franken.de\/blog\/index.php\/archives\/auto-news\/35-zur-altautoentsorgung-nach-jordanien.html?share=pinterest\" target=\"_blank\" title=\"Klick, um auf Pinterest zu teilen\" ><span><\/span><span class=\"sharing-screen-reader-text\">Klick, um auf Pinterest zu teilen (Wird in neuem Fenster ge\u00f6ffnet)<\/span><\/a><\/li><li class=\"share-telegram\"><a rel=\"nofollow noopener noreferrer\" data-shared=\"\" class=\"share-telegram sd-button share-icon no-text\" href=\"https:\/\/www.autogas-franken.de\/blog\/index.php\/archives\/auto-news\/35-zur-altautoentsorgung-nach-jordanien.html?share=telegram\" target=\"_blank\" title=\"Klicken, um auf Telegram zu teilen\" ><span><\/span><span class=\"sharing-screen-reader-text\">Klicken, um auf Telegram zu teilen (Wird in neuem Fenster ge\u00f6ffnet)<\/span><\/a><\/li><li class=\"share-pocket\"><a rel=\"nofollow noopener noreferrer\" data-shared=\"\" class=\"share-pocket sd-button share-icon no-text\" href=\"https:\/\/www.autogas-franken.de\/blog\/index.php\/archives\/auto-news\/35-zur-altautoentsorgung-nach-jordanien.html?share=pocket\" target=\"_blank\" title=\"Klick, um auf Pocket zu teilen\" ><span><\/span><span class=\"sharing-screen-reader-text\">Klick, um auf Pocket zu teilen (Wird in neuem Fenster ge\u00f6ffnet)<\/span><\/a><\/li><li class=\"share-skype\"><a rel=\"nofollow noopener noreferrer\" data-shared=\"sharing-skype-35\" class=\"share-skype sd-button share-icon no-text\" href=\"https:\/\/www.autogas-franken.de\/blog\/index.php\/archives\/auto-news\/35-zur-altautoentsorgung-nach-jordanien.html?share=skype\" target=\"_blank\" title=\"Klicken, um in Skype zu teilen\" ><span><\/span><span class=\"sharing-screen-reader-text\">Klicken, um in Skype zu teilen (Wird in neuem Fenster ge\u00f6ffnet)<\/span><\/a><\/li><li><a href=\"#\" class=\"sharing-anchor sd-button share-more\"><span>Mehr<\/span><\/a><\/li><li class=\"share-end\"><\/li><\/ul><div class=\"sharing-hidden\"><div class=\"inner\" style=\"display: none;width:150px;\"><ul style=\"background-image:none;\"><li class=\"share-facebook\"><a rel=\"nofollow noopener noreferrer\" data-shared=\"sharing-facebook-35\" class=\"share-facebook sd-button share-icon no-text\" href=\"https:\/\/www.autogas-franken.de\/blog\/index.php\/archives\/auto-news\/35-zur-altautoentsorgung-nach-jordanien.html?share=facebook\" target=\"_blank\" title=\"Klick, um auf Facebook zu teilen\" ><span><\/span><span class=\"sharing-screen-reader-text\">Klick, um auf Facebook zu teilen (Wird in neuem Fenster ge\u00f6ffnet)<\/span><\/a><\/li><li class=\"share-end\"><\/li><\/ul><\/div><\/div><\/div><\/div><\/div>","protected":false},"excerpt":{"rendered":"<p>So ist das mit den Schnapsideen: Ein paar Autonarren und -bastler sa\u00dfen in Oberstaufen und suchten eine Herausforderung,\u00a0\u00a0&#8220;ein zahlbares Abenteuer mit kalkulierbarem Risiko f\u00fcr positiv verr\u00fcckte Menschen&#8221; und fanden eine Antwort auf die Rallye Paris-Dakar: Von Oberstaufen im Allg\u00e4u\u00a0nach Amman &hellip; <a href=\"https:\/\/www.autogas-franken.de\/blog\/index.php\/archives\/auto-news\/35-zur-altautoentsorgung-nach-jordanien.html\">Weiterlesen <span class=\"meta-nav\">&rarr;<\/span><\/a><\/p>\n<div class=\"sharedaddy sd-sharing-enabled\"><div class=\"robots-nocontent sd-block sd-social sd-social-icon sd-sharing\"><h3 class=\"sd-title\">Share this:<\/h3><div class=\"sd-content\"><ul><li class=\"share-print\"><a rel=\"nofollow noopener noreferrer\" data-shared=\"\" class=\"share-print sd-button share-icon no-text\" href=\"https:\/\/www.autogas-franken.de\/blog\/index.php\/archives\/auto-news\/35-zur-altautoentsorgung-nach-jordanien.html\" target=\"_blank\" title=\"Klicken zum Ausdrucken\" ><span><\/span><span class=\"sharing-screen-reader-text\">Klicken zum Ausdrucken (Wird in neuem Fenster ge\u00f6ffnet)<\/span><\/a><\/li><li class=\"share-email\"><a rel=\"nofollow noopener noreferrer\" data-shared=\"\" class=\"share-email sd-button share-icon no-text\" href=\"mailto:?subject=%5BGeteilter%20Beitrag%5D%20Zur%20Altautoentsorgung%20nach%20Jordanien&body=https%3A%2F%2Fwww.autogas-franken.de%2Fblog%2Findex.php%2Farchives%2Fauto-news%2F35-zur-altautoentsorgung-nach-jordanien.html&share=email\" target=\"_blank\" title=\"Klicken, um einem Freund einen Link per E-Mail zu senden\" data-email-share-error-title=\"Hast du E-Mail eingerichtet?\" data-email-share-error-text=\"Wenn du Probleme mit dem Teilen per E-Mail hast, ist E-Mail m\u00f6glicherweise nicht f\u00fcr deinen Browser eingerichtet. Du musst die neue E-Mail-Einrichtung m\u00f6glicherweise selbst vornehmen.\" data-email-share-nonce=\"38eb505f0a\" data-email-share-track-url=\"https:\/\/www.autogas-franken.de\/blog\/index.php\/archives\/auto-news\/35-zur-altautoentsorgung-nach-jordanien.html?share=email\"><span><\/span><span class=\"sharing-screen-reader-text\">Klicken, um einem Freund einen Link per E-Mail zu senden (Wird in neuem Fenster ge\u00f6ffnet)<\/span><\/a><\/li><li class=\"share-twitter\"><a rel=\"nofollow noopener noreferrer\" data-shared=\"sharing-twitter-35\" class=\"share-twitter sd-button share-icon no-text\" href=\"https:\/\/www.autogas-franken.de\/blog\/index.php\/archives\/auto-news\/35-zur-altautoentsorgung-nach-jordanien.html?share=twitter\" target=\"_blank\" title=\"Klick, um \u00fcber Twitter zu teilen\" ><span><\/span><span class=\"sharing-screen-reader-text\">Klick, um \u00fcber Twitter zu teilen (Wird in neuem Fenster ge\u00f6ffnet)<\/span><\/a><\/li><li class=\"share-jetpack-whatsapp\"><a rel=\"nofollow noopener noreferrer\" data-shared=\"\" class=\"share-jetpack-whatsapp sd-button share-icon no-text\" href=\"https:\/\/www.autogas-franken.de\/blog\/index.php\/archives\/auto-news\/35-zur-altautoentsorgung-nach-jordanien.html?share=jetpack-whatsapp\" target=\"_blank\" title=\"Klicken, um auf WhatsApp zu teilen\" ><span><\/span><span class=\"sharing-screen-reader-text\">Klicken, um auf WhatsApp zu teilen (Wird in neuem Fenster ge\u00f6ffnet)<\/span><\/a><\/li><li class=\"share-linkedin\"><a rel=\"nofollow noopener noreferrer\" data-shared=\"sharing-linkedin-35\" class=\"share-linkedin sd-button share-icon no-text\" href=\"https:\/\/www.autogas-franken.de\/blog\/index.php\/archives\/auto-news\/35-zur-altautoentsorgung-nach-jordanien.html?share=linkedin\" target=\"_blank\" title=\"Klick, um auf LinkedIn zu teilen\" ><span><\/span><span class=\"sharing-screen-reader-text\">Klick, um auf LinkedIn zu teilen (Wird in neuem Fenster ge\u00f6ffnet)<\/span><\/a><\/li><li class=\"share-reddit\"><a rel=\"nofollow noopener noreferrer\" data-shared=\"\" class=\"share-reddit sd-button share-icon no-text\" href=\"https:\/\/www.autogas-franken.de\/blog\/index.php\/archives\/auto-news\/35-zur-altautoentsorgung-nach-jordanien.html?share=reddit\" target=\"_blank\" title=\"Klick, um auf Reddit zu teilen\" ><span><\/span><span class=\"sharing-screen-reader-text\">Klick, um auf Reddit zu teilen (Wird in neuem Fenster ge\u00f6ffnet)<\/span><\/a><\/li><li class=\"share-tumblr\"><a rel=\"nofollow noopener noreferrer\" data-shared=\"\" class=\"share-tumblr sd-button share-icon no-text\" href=\"https:\/\/www.autogas-franken.de\/blog\/index.php\/archives\/auto-news\/35-zur-altautoentsorgung-nach-jordanien.html?share=tumblr\" target=\"_blank\" title=\"Klick, um auf Tumblr zu teilen\" ><span><\/span><span class=\"sharing-screen-reader-text\">Klick, um auf Tumblr zu teilen (Wird in neuem Fenster ge\u00f6ffnet)<\/span><\/a><\/li><li class=\"share-pinterest\"><a rel=\"nofollow noopener noreferrer\" data-shared=\"sharing-pinterest-35\" class=\"share-pinterest sd-button share-icon no-text\" href=\"https:\/\/www.autogas-franken.de\/blog\/index.php\/archives\/auto-news\/35-zur-altautoentsorgung-nach-jordanien.html?share=pinterest\" target=\"_blank\" title=\"Klick, um auf Pinterest zu teilen\" ><span><\/span><span class=\"sharing-screen-reader-text\">Klick, um auf Pinterest zu teilen (Wird in neuem Fenster ge\u00f6ffnet)<\/span><\/a><\/li><li class=\"share-telegram\"><a rel=\"nofollow noopener noreferrer\" data-shared=\"\" class=\"share-telegram sd-button share-icon no-text\" href=\"https:\/\/www.autogas-franken.de\/blog\/index.php\/archives\/auto-news\/35-zur-altautoentsorgung-nach-jordanien.html?share=telegram\" target=\"_blank\" title=\"Klicken, um auf Telegram zu teilen\" ><span><\/span><span class=\"sharing-screen-reader-text\">Klicken, um auf Telegram zu teilen (Wird in neuem Fenster ge\u00f6ffnet)<\/span><\/a><\/li><li class=\"share-pocket\"><a rel=\"nofollow noopener noreferrer\" data-shared=\"\" class=\"share-pocket sd-button share-icon no-text\" href=\"https:\/\/www.autogas-franken.de\/blog\/index.php\/archives\/auto-news\/35-zur-altautoentsorgung-nach-jordanien.html?share=pocket\" target=\"_blank\" title=\"Klick, um auf Pocket zu teilen\" ><span><\/span><span class=\"sharing-screen-reader-text\">Klick, um auf Pocket zu teilen (Wird in neuem Fenster ge\u00f6ffnet)<\/span><\/a><\/li><li class=\"share-skype\"><a rel=\"nofollow noopener noreferrer\" data-shared=\"sharing-skype-35\" class=\"share-skype sd-button share-icon no-text\" href=\"https:\/\/www.autogas-franken.de\/blog\/index.php\/archives\/auto-news\/35-zur-altautoentsorgung-nach-jordanien.html?share=skype\" target=\"_blank\" title=\"Klicken, um in Skype zu teilen\" ><span><\/span><span class=\"sharing-screen-reader-text\">Klicken, um in Skype zu teilen (Wird in neuem Fenster ge\u00f6ffnet)<\/span><\/a><\/li><li><a href=\"#\" class=\"sharing-anchor sd-button share-more\"><span>Mehr<\/span><\/a><\/li><li class=\"share-end\"><\/li><\/ul><div class=\"sharing-hidden\"><div class=\"inner\" style=\"display: none;width:150px;\"><ul style=\"background-image:none;\"><li class=\"share-facebook\"><a rel=\"nofollow noopener noreferrer\" data-shared=\"sharing-facebook-35\" class=\"share-facebook sd-button share-icon no-text\" href=\"https:\/\/www.autogas-franken.de\/blog\/index.php\/archives\/auto-news\/35-zur-altautoentsorgung-nach-jordanien.html?share=facebook\" target=\"_blank\" title=\"Klick, um auf Facebook zu teilen\" ><span><\/span><span class=\"sharing-screen-reader-text\">Klick, um auf Facebook zu teilen (Wird in neuem Fenster ge\u00f6ffnet)<\/span><\/a><\/li><li class=\"share-end\"><\/li><\/ul><\/div><\/div><\/div><\/div><\/div>","protected":false},"author":4,"featured_media":0,"comment_status":"open","ping_status":"open","sticky":false,"template":"","format":"standard","meta":{"jetpack_post_was_ever_published":false,"jetpack_publicize_message":"","jetpack_is_tweetstorm":false,"jetpack_publicize_feature_enabled":true},"categories":[6],"tags":[79],"jetpack_publicize_connections":[],"yoast_head":"<!-- This site is optimized with the Yoast SEO plugin v19.7.2 - https:\/\/yoast.com\/wordpress\/plugins\/seo\/ -->\n<title>Zur Altautoentsorgung nach Jordanien - Autogas f\u00fcr Franken<\/title>\n<meta name=\"robots\" content=\"index, follow, max-snippet:-1, max-image-preview:large, max-video-preview:-1\" \/>\n<link rel=\"canonical\" href=\"https:\/\/www.autogas-franken.de\/blog\/index.php\/archives\/auto-news\/35-zur-altautoentsorgung-nach-jordanien.html\" \/>\n<meta property=\"og:locale\" content=\"de_DE\" \/>\n<meta property=\"og:type\" content=\"article\" \/>\n<meta property=\"og:title\" content=\"Zur Altautoentsorgung nach Jordanien - Autogas f\u00fcr Franken\" \/>\n<meta property=\"og:description\" content=\"So ist das mit den Schnapsideen: Ein paar Autonarren und -bastler sa\u00dfen in Oberstaufen und suchten eine Herausforderung,\u00a0\u00a0&#8220;ein zahlbares Abenteuer mit kalkulierbarem Risiko f\u00fcr positiv verr\u00fcckte Menschen&#8221; und fanden eine Antwort auf die Rallye Paris-Dakar: Von Oberstaufen im Allg\u00e4u\u00a0nach Amman &hellip; Weiterlesen &rarr;\" \/>\n<meta property=\"og:url\" content=\"https:\/\/www.autogas-franken.de\/blog\/index.php\/archives\/auto-news\/35-zur-altautoentsorgung-nach-jordanien.html\" \/>\n<meta property=\"og:site_name\" content=\"Autogas f\u00fcr Franken\" \/>\n<meta property=\"article:published_time\" content=\"2007-07-05T14:41:48+00:00\" \/>\n<meta property=\"article:modified_time\" content=\"2009-04-23T20:44:28+00:00\" \/>\n<meta name=\"author\" content=\"Andreas Brandl\" \/>\n<meta name=\"twitter:card\" content=\"summary_large_image\" \/>\n<meta name=\"twitter:label1\" content=\"Verfasst von\" \/>\n\t<meta name=\"twitter:data1\" content=\"Andreas Brandl\" \/>\n\t<meta name=\"twitter:label2\" content=\"Gesch\u00e4tzte Lesezeit\" \/>\n\t<meta name=\"twitter:data2\" content=\"2\u00a0Minuten\" \/>\n<script type=\"application\/ld+json\" class=\"yoast-schema-graph\">{\"@context\":\"https:\/\/schema.org\",\"@graph\":[{\"@type\":\"WebPage\",\"@id\":\"https:\/\/www.autogas-franken.de\/blog\/index.php\/archives\/auto-news\/35-zur-altautoentsorgung-nach-jordanien.html\",\"url\":\"https:\/\/www.autogas-franken.de\/blog\/index.php\/archives\/auto-news\/35-zur-altautoentsorgung-nach-jordanien.html\",\"name\":\"Zur Altautoentsorgung nach Jordanien - Autogas f\u00fcr Franken\",\"isPartOf\":{\"@id\":\"https:\/\/www.autogas-franken.de\/blog\/#website\"},\"datePublished\":\"2007-07-05T14:41:48+00:00\",\"dateModified\":\"2009-04-23T20:44:28+00:00\",\"author\":{\"@id\":\"https:\/\/www.autogas-franken.de\/blog\/#\/schema\/person\/36b3c83f7b1b0de84c9e9fd0808559e3\"},\"breadcrumb\":{\"@id\":\"https:\/\/www.autogas-franken.de\/blog\/index.php\/archives\/auto-news\/35-zur-altautoentsorgung-nach-jordanien.html#breadcrumb\"},\"inLanguage\":\"de\",\"potentialAction\":[{\"@type\":\"ReadAction\",\"target\":[\"https:\/\/www.autogas-franken.de\/blog\/index.php\/archives\/auto-news\/35-zur-altautoentsorgung-nach-jordanien.html\"]}]},{\"@type\":\"BreadcrumbList\",\"@id\":\"https:\/\/www.autogas-franken.de\/blog\/index.php\/archives\/auto-news\/35-zur-altautoentsorgung-nach-jordanien.html#breadcrumb\",\"itemListElement\":[{\"@type\":\"ListItem\",\"position\":1,\"name\":\"Startseite\",\"item\":\"https:\/\/www.autogas-franken.de\/blog\"},{\"@type\":\"ListItem\",\"position\":2,\"name\":\"Zur Altautoentsorgung nach Jordanien\"}]},{\"@type\":\"WebSite\",\"@id\":\"https:\/\/www.autogas-franken.de\/blog\/#website\",\"url\":\"https:\/\/www.autogas-franken.de\/blog\/\",\"name\":\"Autogas f\u00fcr Franken\",\"description\":\"Erfahrungen mit den auf LPG umger\u00fcsteten Audi A3 und Skoda Oktavia\",\"potentialAction\":[{\"@type\":\"SearchAction\",\"target\":{\"@type\":\"EntryPoint\",\"urlTemplate\":\"https:\/\/www.autogas-franken.de\/blog\/?s={search_term_string}\"},\"query-input\":\"required name=search_term_string\"}],\"inLanguage\":\"de\"},{\"@type\":\"Person\",\"@id\":\"https:\/\/www.autogas-franken.de\/blog\/#\/schema\/person\/36b3c83f7b1b0de84c9e9fd0808559e3\",\"name\":\"Andreas Brandl\",\"image\":{\"@type\":\"ImageObject\",\"inLanguage\":\"de\",\"@id\":\"https:\/\/www.autogas-franken.de\/blog\/#\/schema\/person\/image\/\",\"url\":\"https:\/\/secure.gravatar.com\/avatar\/64afc4ffd14df9b18b8e0434d79253ad?s=96&d=mm&r=g\",\"contentUrl\":\"https:\/\/secure.gravatar.com\/avatar\/64afc4ffd14df9b18b8e0434d79253ad?s=96&d=mm&r=g\",\"caption\":\"Andreas Brandl\"},\"sameAs\":[\"https:\/\/www.autogas-franken.de\"],\"url\":\"https:\/\/www.autogas-franken.de\/blog\/index.php\/archives\/author\/andy\"}]}<\/script>\n<!-- \/ Yoast SEO plugin. -->","yoast_head_json":{"title":"Zur Altautoentsorgung nach Jordanien - Autogas f\u00fcr Franken","robots":{"index":"index","follow":"follow","max-snippet":"max-snippet:-1","max-image-preview":"max-image-preview:large","max-video-preview":"max-video-preview:-1"},"canonical":"https:\/\/www.autogas-franken.de\/blog\/index.php\/archives\/auto-news\/35-zur-altautoentsorgung-nach-jordanien.html","og_locale":"de_DE","og_type":"article","og_title":"Zur Altautoentsorgung nach Jordanien - Autogas f\u00fcr Franken","og_description":"So ist das mit den Schnapsideen: Ein paar Autonarren und -bastler sa\u00dfen in Oberstaufen und suchten eine Herausforderung,\u00a0\u00a0&#8220;ein zahlbares Abenteuer mit kalkulierbarem Risiko f\u00fcr positiv verr\u00fcckte Menschen&#8221; und fanden eine Antwort auf die Rallye Paris-Dakar: Von Oberstaufen im Allg\u00e4u\u00a0nach Amman &hellip; Weiterlesen &rarr;","og_url":"https:\/\/www.autogas-franken.de\/blog\/index.php\/archives\/auto-news\/35-zur-altautoentsorgung-nach-jordanien.html","og_site_name":"Autogas f\u00fcr Franken","article_published_time":"2007-07-05T14:41:48+00:00","article_modified_time":"2009-04-23T20:44:28+00:00","author":"Andreas Brandl","twitter_card":"summary_large_image","twitter_misc":{"Verfasst von":"Andreas Brandl","Gesch\u00e4tzte Lesezeit":"2\u00a0Minuten"},"schema":{"@context":"https:\/\/schema.org","@graph":[{"@type":"WebPage","@id":"https:\/\/www.autogas-franken.de\/blog\/index.php\/archives\/auto-news\/35-zur-altautoentsorgung-nach-jordanien.html","url":"https:\/\/www.autogas-franken.de\/blog\/index.php\/archives\/auto-news\/35-zur-altautoentsorgung-nach-jordanien.html","name":"Zur Altautoentsorgung nach Jordanien - Autogas f\u00fcr Franken","isPartOf":{"@id":"https:\/\/www.autogas-franken.de\/blog\/#website"},"datePublished":"2007-07-05T14:41:48+00:00","dateModified":"2009-04-23T20:44:28+00:00","author":{"@id":"https:\/\/www.autogas-franken.de\/blog\/#\/schema\/person\/36b3c83f7b1b0de84c9e9fd0808559e3"},"breadcrumb":{"@id":"https:\/\/www.autogas-franken.de\/blog\/index.php\/archives\/auto-news\/35-zur-altautoentsorgung-nach-jordanien.html#breadcrumb"},"inLanguage":"de","potentialAction":[{"@type":"ReadAction","target":["https:\/\/www.autogas-franken.de\/blog\/index.php\/archives\/auto-news\/35-zur-altautoentsorgung-nach-jordanien.html"]}]},{"@type":"BreadcrumbList","@id":"https:\/\/www.autogas-franken.de\/blog\/index.php\/archives\/auto-news\/35-zur-altautoentsorgung-nach-jordanien.html#breadcrumb","itemListElement":[{"@type":"ListItem","position":1,"name":"Startseite","item":"https:\/\/www.autogas-franken.de\/blog"},{"@type":"ListItem","position":2,"name":"Zur Altautoentsorgung nach Jordanien"}]},{"@type":"WebSite","@id":"https:\/\/www.autogas-franken.de\/blog\/#website","url":"https:\/\/www.autogas-franken.de\/blog\/","name":"Autogas f\u00fcr Franken","description":"Erfahrungen mit den auf LPG umger\u00fcsteten Audi A3 und Skoda Oktavia","potentialAction":[{"@type":"SearchAction","target":{"@type":"EntryPoint","urlTemplate":"https:\/\/www.autogas-franken.de\/blog\/?s={search_term_string}"},"query-input":"required name=search_term_string"}],"inLanguage":"de"},{"@type":"Person","@id":"https:\/\/www.autogas-franken.de\/blog\/#\/schema\/person\/36b3c83f7b1b0de84c9e9fd0808559e3","name":"Andreas Brandl","image":{"@type":"ImageObject","inLanguage":"de","@id":"https:\/\/www.autogas-franken.de\/blog\/#\/schema\/person\/image\/","url":"https:\/\/secure.gravatar.com\/avatar\/64afc4ffd14df9b18b8e0434d79253ad?s=96&d=mm&r=g","contentUrl":"https:\/\/secure.gravatar.com\/avatar\/64afc4ffd14df9b18b8e0434d79253ad?s=96&d=mm&r=g","caption":"Andreas Brandl"},"sameAs":["https:\/\/www.autogas-franken.de"],"url":"https:\/\/www.autogas-franken.de\/blog\/index.php\/archives\/author\/andy"}]}},"jetpack_featured_media_url":"","jetpack_sharing_enabled":true,"jetpack_shortlink":"https:\/\/wp.me\/p7UynC-z","jetpack-related-posts":[{"id":7,"url":"https:\/\/www.autogas-franken.de\/blog\/index.php\/archives\/allgemein\/7-willkommen-auf-autogas-frankende.html","url_meta":{"origin":35,"position":0},"title":"Willkommen auf Autogas-Franken.de","date":"19. September 2006","format":false,"excerpt":"Viele Leute m\u00fcssen heutzutage versuchen ihre Tankkosten zu senken. Was bietet sich da besser an als einen Treibstoff zu w\u00e4hlen, bei dem der Liter derzeit mit ca. 0,60 Cent um 53% billiger ist als Super-Benzin! So\u00a0war auch ich gezwungen, \u00fcber meine Fahrtkosten nachzudenken, als ich Mitte 2004 beruflich von der\u00a0Frankenmetropole\u2026","rel":"","context":"In &quot;Allgemein&quot;","img":{"alt_text":"","src":"","width":0,"height":0},"classes":[]},{"id":26,"url":"https:\/\/www.autogas-franken.de\/blog\/index.php\/archives\/auto-news\/26-15-liter-auf-100-km.html","url_meta":{"origin":35,"position":1},"title":"Loremo 1,5 Liter auf 100 km?","date":"24. Februar 2007","format":false,"excerpt":"W\u00e4re sch\u00f6n, wenn das mein Autogas-Auto schaffen w\u00fcrde! Aber nein, da wir uns in letzter Zeit sehr mit CO2-Aussto\u00df und der Tr\u00e4gheit der Deutschen Autoindustrie besch\u00e4ftigt haben, hat Boje nun den Silberstreif am Horizont gefunden: Das 1,5-Liter-Auto! Die Firma Loremo aus M\u00fcnchen (eigentlich wollte ich das b\u00f6se Wort hier nicht\u2026","rel":"","context":"In &quot;Auto-news&quot;","img":{"alt_text":"","src":"","width":0,"height":0},"classes":[]},{"id":61,"url":"https:\/\/www.autogas-franken.de\/blog\/index.php\/archives\/co2\/61-autovermieteruebergreifend-suchen.html","url_meta":{"origin":35,"position":2},"title":"Autovermieter\u00fcbergreifend suchen","date":"20. M\u00e4rz 2008","format":false,"excerpt":"[Trigami-Review] Wer kennt das nicht: Man freut sich auf den Urlaub und hat beim Buchen drauf geachtet, dass man mit Rail&Fly direkt zum Flughafen Frankfurt fahren kann. Da f\u00e4llt dem Reiseveranstalter pl\u00f6tzlich ein, den Flug vorzuverlegen. Als Urlauber hat man nun nur die M\u00f6glichkeit am Abend vorher anzureisen und am\u2026","rel":"","context":"In &quot;CO2&quot;","img":{"alt_text":"","src":"","width":0,"height":0},"classes":[]},{"id":409,"url":"https:\/\/www.autogas-franken.de\/blog\/index.php\/archives\/autogas-news\/409-autogas-ab-werk-opel-zafira.html","url_meta":{"origin":35,"position":3},"title":"Autogas ab Werk: Opel Zafira","date":"2. Januar 2018","format":false,"excerpt":"Seit 2004 fahre ich mit Autogas durch die Lande und habe die g\u00fcnstigen Preise kennen und sch\u00e4tzen gelernt. Doch nach dem \"selbst umger\u00fcsteten\" Audi A3 (Landi-Renzo-Anlage) kommt nun der von Skoda umger\u00fcstete Octavia (Vialle-Anlage) in die Jahre. Also muss eine neue Kiste her, nat\u00fcrlich mit Autogas. Doch hier kommt es\u2026","rel":"","context":"In &quot;Autogas-news&quot;","img":{"alt_text":"","src":"","width":0,"height":0},"classes":[]},{"id":250,"url":"https:\/\/www.autogas-franken.de\/blog\/index.php\/archives\/allgemein\/250-reise-nach-las-vegas-gewinnen.html","url_meta":{"origin":35,"position":4},"title":"Reise nach Las Vegas gewinnen","date":"20. November 2009","format":false,"excerpt":"[Trigami-Review]\"Viva Las Vegas turning day into night time turning night into daytime, If you see it once you'll never be the same again\" sang Elvis Presley 1964 und es ist heute noch so! Las Vegas ist ein riesengro\u00dfer Rummelplatz auf dem die Show und das Gl\u00fccksspiel einfach alles ist, umrahmt\u2026","rel":"","context":"In &quot;Allgemein&quot;","img":{"alt_text":"","src":"","width":0,"height":0},"classes":[]},{"id":179,"url":"https:\/\/www.autogas-franken.de\/blog\/index.php\/archives\/auto-news\/179-fiat-punto-evo-mit-10-codes-zum-gluck.html","url_meta":{"origin":35,"position":5},"title":"Fiat Punto Evo: Mit 10 Codes zum Gl\u00fcck","date":"19. November 2009","format":false,"excerpt":"[Trigami-Review] So klein ist die Welt: Vor ein paar Tagen noch mit der Frau zusammen den neuen Fiat Punto Evo angeschaut und ein paar Tage sp\u00e4ter flattert dieser Auftrag ins Haus: Fiat scheint nun endg\u00fcltig von seinem Image, was auf die Abk\u00fcrzung abzielte weg zu kommen. Mit hochwertigen Materialien und\u2026","rel":"","context":"In &quot;Auto-news&quot;","img":{"alt_text":"","src":"","width":0,"height":0},"classes":[]}],"_links":{"self":[{"href":"https:\/\/www.autogas-franken.de\/blog\/index.php\/wp-json\/wp\/v2\/posts\/35"}],"collection":[{"href":"https:\/\/www.autogas-franken.de\/blog\/index.php\/wp-json\/wp\/v2\/posts"}],"about":[{"href":"https:\/\/www.autogas-franken.de\/blog\/index.php\/wp-json\/wp\/v2\/types\/post"}],"author":[{"embeddable":true,"href":"https:\/\/www.autogas-franken.de\/blog\/index.php\/wp-json\/wp\/v2\/users\/4"}],"replies":[{"embeddable":true,"href":"https:\/\/www.autogas-franken.de\/blog\/index.php\/wp-json\/wp\/v2\/comments?post=35"}],"version-history":[{"count":2,"href":"https:\/\/www.autogas-franken.de\/blog\/index.php\/wp-json\/wp\/v2\/posts\/35\/revisions"}],"predecessor-version":[{"id":276,"href":"https:\/\/www.autogas-franken.de\/blog\/index.php\/wp-json\/wp\/v2\/posts\/35\/revisions\/276"}],"wp:attachment":[{"href":"https:\/\/www.autogas-franken.de\/blog\/index.php\/wp-json\/wp\/v2\/media?parent=35"}],"wp:term":[{"taxonomy":"category","embeddable":true,"href":"https:\/\/www.autogas-franken.de\/blog\/index.php\/wp-json\/wp\/v2\/categories?post=35"},{"taxonomy":"post_tag","embeddable":true,"href":"https:\/\/www.autogas-franken.de\/blog\/index.php\/wp-json\/wp\/v2\/tags?post=35"}],"curies":[{"name":"wp","href":"https:\/\/api.w.org\/{rel}","templated":true}]}}