{"id":306,"date":"2013-02-19T20:59:38","date_gmt":"2013-02-19T19:59:38","guid":{"rendered":"http:\/\/www.autogas-franken.de\/blog\/?p=306"},"modified":"2014-09-23T13:06:15","modified_gmt":"2014-09-23T11:06:15","slug":"audi-will-automobil-und-energiemarkt-revoluzionieren","status":"publish","type":"post","link":"https:\/\/www.autogas-franken.de\/blog\/index.php\/archives\/kraftstoffalternativen\/306-audi-will-automobil-und-energiemarkt-revoluzionieren.html","title":{"rendered":"Audi will Automobil- und Energiemarkt revolutionieren"},"content":{"rendered":"<p>Wenn Audi das wirklich so durchzieht, dann w\u00e4re das eine Revolution der Automobilbranche und der Treibstoffgewinnung! Denn derzeit investiert der Ingolst\u00e4dter Autobauer in alternative Energie-Projekte wie z.B. Windkraft um mit dieser \u00d6ko-Energie seine Fahrzeuge zu anzutreiben.<\/p>\n<p><strong>Ganzheitliche CO2-Neutrale Mobilit\u00e4t<\/strong><\/p>\n<p>Grundgedanke hinter dem Projekt mit der Bezeichnung\u00a0<a href=\"http:\/\/www.audi.de\/de\/brand\/de\/neuwagen\/audi_e-tron.html\" target=\"_blank\">e-tron<\/a>\u00a0ist, dass ein Elektrofahrzeug nicht unbedingt umweltschonend ist, wenn dieser Strom mit Kohlekraft- oder gar Atomkraftwerken erzeugt wurde. Darum beteiligt sich Audi z.B. an Offshore-Windparks, die dann die Energie zur Umwandlung von Wasser in Wasserstoff liefern sollen. Dieser Wasserstoff kann dann z.B. auch f\u00fcr Brennstoffzellen-Fahrzeugen verwendet werden &#8211; oder, und das ist der Clou, zur Methangewinnung verwendet werden. Dieses Methan (e-Gas)\u00a0gleicht chemisch dem Erdgas und k\u00f6nnte in dieses Netz eingespeist werden oder auch ein Fahrzeug antreiben. Genauer hier im Film:<\/p>\n<!--YouTube-Fehler: falsche URL eingegeben-->\n<p>Ich finde diese Idee klasse, zumal es damit auch m\u00f6glich ist, \u00dcberkapazit\u00e4ten im Stromnetz (z.B. bei \u00fcberm\u00e4\u00dfigen Wind oder zuviel Sonne im Hochsommer) eingespeichert werden. Sehr sch\u00f6n finde ich auch den Satz im Film &#8220;<em>Antworten auf die Frage wie man \u00d6kostrom effizient und ortsunabh\u00e4ngig speichert haben die Stromriesen bislang nicht gefunden oder nicht finden wollen<\/em>&#8220;. Hoffen wir, dass das auch alles so klappt! Denn dann brauchts auch keine <a href=\"http:\/\/nuernberger-land.die-franken.eu\/1421-stromautobahn-nachhaltig-verhindern-die-konzepte-sind-vorhanden.html\" target=\"_blank\">Monstermasten durch Franken<\/a>, denn eine solche Umwandlung in Gas kann auch bei <a href=\"http:\/\/www.frankennews.com\/2012\/05\/02\/bayerns-groesster-windpark-ist-am-netz\/\" target=\"_blank\">lokalen Windparks<\/a> durchgef\u00fchrt werden!<\/p>\n<p>Quelle: aenews.de <a href=\"http:\/\/aenews.de\/windkraft\/windkraft-fur-audi-motoren\/\" target=\"_blank\">Windkraft f\u00fcr Audi-Motoren<\/a><\/p>\n<div class=\"sharedaddy sd-sharing-enabled\"><div class=\"robots-nocontent sd-block sd-social sd-social-icon sd-sharing\"><h3 class=\"sd-title\">Share this:<\/h3><div class=\"sd-content\"><ul><li class=\"share-print\"><a rel=\"nofollow noopener noreferrer\" data-shared=\"\" class=\"share-print sd-button share-icon no-text\" href=\"https:\/\/www.autogas-franken.de\/blog\/index.php\/archives\/kraftstoffalternativen\/306-audi-will-automobil-und-energiemarkt-revoluzionieren.html\" target=\"_blank\" title=\"Klicken zum Ausdrucken\" ><span><\/span><span class=\"sharing-screen-reader-text\">Klicken zum Ausdrucken (Wird in neuem Fenster ge\u00f6ffnet)<\/span><\/a><\/li><li class=\"share-email\"><a rel=\"nofollow noopener noreferrer\" data-shared=\"\" class=\"share-email sd-button share-icon no-text\" href=\"mailto:?subject=%5BGeteilter%20Beitrag%5D%20Audi%20will%20Automobil-%20und%20Energiemarkt%20revolutionieren&body=https%3A%2F%2Fwww.autogas-franken.de%2Fblog%2Findex.php%2Farchives%2Fkraftstoffalternativen%2F306-audi-will-automobil-und-energiemarkt-revoluzionieren.html&share=email\" target=\"_blank\" title=\"Klicken, um einem Freund einen Link per E-Mail zu senden\" data-email-share-error-title=\"Hast du E-Mail eingerichtet?\" data-email-share-error-text=\"Wenn du Probleme mit dem Teilen per E-Mail hast, ist E-Mail m\u00f6glicherweise nicht f\u00fcr deinen Browser eingerichtet. Du musst die neue E-Mail-Einrichtung m\u00f6glicherweise selbst vornehmen.\" data-email-share-nonce=\"22a482e43a\" data-email-share-track-url=\"https:\/\/www.autogas-franken.de\/blog\/index.php\/archives\/kraftstoffalternativen\/306-audi-will-automobil-und-energiemarkt-revoluzionieren.html?share=email\"><span><\/span><span class=\"sharing-screen-reader-text\">Klicken, um einem Freund einen Link per E-Mail zu senden (Wird in neuem Fenster ge\u00f6ffnet)<\/span><\/a><\/li><li class=\"share-twitter\"><a rel=\"nofollow noopener noreferrer\" data-shared=\"sharing-twitter-306\" class=\"share-twitter sd-button share-icon no-text\" href=\"https:\/\/www.autogas-franken.de\/blog\/index.php\/archives\/kraftstoffalternativen\/306-audi-will-automobil-und-energiemarkt-revoluzionieren.html?share=twitter\" target=\"_blank\" title=\"Klick, um \u00fcber Twitter zu teilen\" ><span><\/span><span class=\"sharing-screen-reader-text\">Klick, um \u00fcber Twitter zu teilen (Wird in neuem Fenster ge\u00f6ffnet)<\/span><\/a><\/li><li class=\"share-jetpack-whatsapp\"><a rel=\"nofollow noopener noreferrer\" data-shared=\"\" class=\"share-jetpack-whatsapp sd-button share-icon no-text\" href=\"https:\/\/www.autogas-franken.de\/blog\/index.php\/archives\/kraftstoffalternativen\/306-audi-will-automobil-und-energiemarkt-revoluzionieren.html?share=jetpack-whatsapp\" target=\"_blank\" title=\"Klicken, um auf WhatsApp zu teilen\" ><span><\/span><span class=\"sharing-screen-reader-text\">Klicken, um auf WhatsApp zu teilen (Wird in neuem Fenster ge\u00f6ffnet)<\/span><\/a><\/li><li class=\"share-linkedin\"><a rel=\"nofollow noopener noreferrer\" data-shared=\"sharing-linkedin-306\" class=\"share-linkedin sd-button share-icon no-text\" href=\"https:\/\/www.autogas-franken.de\/blog\/index.php\/archives\/kraftstoffalternativen\/306-audi-will-automobil-und-energiemarkt-revoluzionieren.html?share=linkedin\" target=\"_blank\" title=\"Klick, um auf LinkedIn zu teilen\" ><span><\/span><span class=\"sharing-screen-reader-text\">Klick, um auf LinkedIn zu teilen (Wird in neuem Fenster ge\u00f6ffnet)<\/span><\/a><\/li><li class=\"share-reddit\"><a rel=\"nofollow noopener noreferrer\" data-shared=\"\" class=\"share-reddit sd-button share-icon no-text\" href=\"https:\/\/www.autogas-franken.de\/blog\/index.php\/archives\/kraftstoffalternativen\/306-audi-will-automobil-und-energiemarkt-revoluzionieren.html?share=reddit\" target=\"_blank\" title=\"Klick, um auf Reddit zu teilen\" ><span><\/span><span class=\"sharing-screen-reader-text\">Klick, um auf Reddit zu teilen (Wird in neuem Fenster ge\u00f6ffnet)<\/span><\/a><\/li><li class=\"share-tumblr\"><a rel=\"nofollow noopener noreferrer\" data-shared=\"\" class=\"share-tumblr sd-button share-icon no-text\" href=\"https:\/\/www.autogas-franken.de\/blog\/index.php\/archives\/kraftstoffalternativen\/306-audi-will-automobil-und-energiemarkt-revoluzionieren.html?share=tumblr\" target=\"_blank\" title=\"Klick, um auf Tumblr zu teilen\" ><span><\/span><span class=\"sharing-screen-reader-text\">Klick, um auf Tumblr zu teilen (Wird in neuem Fenster ge\u00f6ffnet)<\/span><\/a><\/li><li class=\"share-pinterest\"><a rel=\"nofollow noopener noreferrer\" data-shared=\"sharing-pinterest-306\" class=\"share-pinterest sd-button share-icon no-text\" href=\"https:\/\/www.autogas-franken.de\/blog\/index.php\/archives\/kraftstoffalternativen\/306-audi-will-automobil-und-energiemarkt-revoluzionieren.html?share=pinterest\" target=\"_blank\" title=\"Klick, um auf Pinterest zu teilen\" ><span><\/span><span class=\"sharing-screen-reader-text\">Klick, um auf Pinterest zu teilen (Wird in neuem Fenster ge\u00f6ffnet)<\/span><\/a><\/li><li class=\"share-telegram\"><a rel=\"nofollow noopener noreferrer\" data-shared=\"\" class=\"share-telegram sd-button share-icon no-text\" href=\"https:\/\/www.autogas-franken.de\/blog\/index.php\/archives\/kraftstoffalternativen\/306-audi-will-automobil-und-energiemarkt-revoluzionieren.html?share=telegram\" target=\"_blank\" title=\"Klicken, um auf Telegram zu teilen\" ><span><\/span><span class=\"sharing-screen-reader-text\">Klicken, um auf Telegram zu teilen (Wird in neuem Fenster ge\u00f6ffnet)<\/span><\/a><\/li><li class=\"share-pocket\"><a rel=\"nofollow noopener noreferrer\" data-shared=\"\" class=\"share-pocket sd-button share-icon no-text\" href=\"https:\/\/www.autogas-franken.de\/blog\/index.php\/archives\/kraftstoffalternativen\/306-audi-will-automobil-und-energiemarkt-revoluzionieren.html?share=pocket\" target=\"_blank\" title=\"Klick, um auf Pocket zu teilen\" ><span><\/span><span class=\"sharing-screen-reader-text\">Klick, um auf Pocket zu teilen (Wird in neuem Fenster ge\u00f6ffnet)<\/span><\/a><\/li><li class=\"share-skype\"><a rel=\"nofollow noopener noreferrer\" data-shared=\"sharing-skype-306\" class=\"share-skype sd-button share-icon no-text\" href=\"https:\/\/www.autogas-franken.de\/blog\/index.php\/archives\/kraftstoffalternativen\/306-audi-will-automobil-und-energiemarkt-revoluzionieren.html?share=skype\" target=\"_blank\" title=\"Klicken, um in Skype zu teilen\" ><span><\/span><span class=\"sharing-screen-reader-text\">Klicken, um in Skype zu teilen (Wird in neuem Fenster ge\u00f6ffnet)<\/span><\/a><\/li><li><a href=\"#\" class=\"sharing-anchor sd-button share-more\"><span>Mehr<\/span><\/a><\/li><li class=\"share-end\"><\/li><\/ul><div class=\"sharing-hidden\"><div class=\"inner\" style=\"display: none;width:150px;\"><ul style=\"background-image:none;\"><li class=\"share-facebook\"><a rel=\"nofollow noopener noreferrer\" data-shared=\"sharing-facebook-306\" class=\"share-facebook sd-button share-icon no-text\" href=\"https:\/\/www.autogas-franken.de\/blog\/index.php\/archives\/kraftstoffalternativen\/306-audi-will-automobil-und-energiemarkt-revoluzionieren.html?share=facebook\" target=\"_blank\" title=\"Klick, um auf Facebook zu teilen\" ><span><\/span><span class=\"sharing-screen-reader-text\">Klick, um auf Facebook zu teilen (Wird in neuem Fenster ge\u00f6ffnet)<\/span><\/a><\/li><li class=\"share-end\"><\/li><\/ul><\/div><\/div><\/div><\/div><\/div>","protected":false},"excerpt":{"rendered":"<p>Wenn Audi das wirklich so durchzieht, dann w\u00e4re das eine Revolution der Automobilbranche und der Treibstoffgewinnung! Denn derzeit investiert der Ingolst\u00e4dter Autobauer in alternative Energie-Projekte wie z.B. Windkraft um mit dieser \u00d6ko-Energie seine Fahrzeuge zu anzutreiben. Ganzheitliche CO2-Neutrale Mobilit\u00e4t Grundgedanke &hellip; <a href=\"https:\/\/www.autogas-franken.de\/blog\/index.php\/archives\/kraftstoffalternativen\/306-audi-will-automobil-und-energiemarkt-revoluzionieren.html\">Weiterlesen <span class=\"meta-nav\">&rarr;<\/span><\/a><\/p>\n<div class=\"sharedaddy sd-sharing-enabled\"><div class=\"robots-nocontent sd-block sd-social sd-social-icon sd-sharing\"><h3 class=\"sd-title\">Share this:<\/h3><div class=\"sd-content\"><ul><li class=\"share-print\"><a rel=\"nofollow noopener noreferrer\" data-shared=\"\" class=\"share-print sd-button share-icon no-text\" href=\"https:\/\/www.autogas-franken.de\/blog\/index.php\/archives\/kraftstoffalternativen\/306-audi-will-automobil-und-energiemarkt-revoluzionieren.html\" target=\"_blank\" title=\"Klicken zum Ausdrucken\" ><span><\/span><span class=\"sharing-screen-reader-text\">Klicken zum Ausdrucken (Wird in neuem Fenster ge\u00f6ffnet)<\/span><\/a><\/li><li class=\"share-email\"><a rel=\"nofollow noopener noreferrer\" data-shared=\"\" class=\"share-email sd-button share-icon no-text\" href=\"mailto:?subject=%5BGeteilter%20Beitrag%5D%20Audi%20will%20Automobil-%20und%20Energiemarkt%20revolutionieren&body=https%3A%2F%2Fwww.autogas-franken.de%2Fblog%2Findex.php%2Farchives%2Fkraftstoffalternativen%2F306-audi-will-automobil-und-energiemarkt-revoluzionieren.html&share=email\" target=\"_blank\" title=\"Klicken, um einem Freund einen Link per E-Mail zu senden\" data-email-share-error-title=\"Hast du E-Mail eingerichtet?\" data-email-share-error-text=\"Wenn du Probleme mit dem Teilen per E-Mail hast, ist E-Mail m\u00f6glicherweise nicht f\u00fcr deinen Browser eingerichtet. Du musst die neue E-Mail-Einrichtung m\u00f6glicherweise selbst vornehmen.\" data-email-share-nonce=\"22a482e43a\" data-email-share-track-url=\"https:\/\/www.autogas-franken.de\/blog\/index.php\/archives\/kraftstoffalternativen\/306-audi-will-automobil-und-energiemarkt-revoluzionieren.html?share=email\"><span><\/span><span class=\"sharing-screen-reader-text\">Klicken, um einem Freund einen Link per E-Mail zu senden (Wird in neuem Fenster ge\u00f6ffnet)<\/span><\/a><\/li><li class=\"share-twitter\"><a rel=\"nofollow noopener noreferrer\" data-shared=\"sharing-twitter-306\" class=\"share-twitter sd-button share-icon no-text\" href=\"https:\/\/www.autogas-franken.de\/blog\/index.php\/archives\/kraftstoffalternativen\/306-audi-will-automobil-und-energiemarkt-revoluzionieren.html?share=twitter\" target=\"_blank\" title=\"Klick, um \u00fcber Twitter zu teilen\" ><span><\/span><span class=\"sharing-screen-reader-text\">Klick, um \u00fcber Twitter zu teilen (Wird in neuem Fenster ge\u00f6ffnet)<\/span><\/a><\/li><li class=\"share-jetpack-whatsapp\"><a rel=\"nofollow noopener noreferrer\" data-shared=\"\" class=\"share-jetpack-whatsapp sd-button share-icon no-text\" href=\"https:\/\/www.autogas-franken.de\/blog\/index.php\/archives\/kraftstoffalternativen\/306-audi-will-automobil-und-energiemarkt-revoluzionieren.html?share=jetpack-whatsapp\" target=\"_blank\" title=\"Klicken, um auf WhatsApp zu teilen\" ><span><\/span><span class=\"sharing-screen-reader-text\">Klicken, um auf WhatsApp zu teilen (Wird in neuem Fenster ge\u00f6ffnet)<\/span><\/a><\/li><li class=\"share-linkedin\"><a rel=\"nofollow noopener noreferrer\" data-shared=\"sharing-linkedin-306\" class=\"share-linkedin sd-button share-icon no-text\" href=\"https:\/\/www.autogas-franken.de\/blog\/index.php\/archives\/kraftstoffalternativen\/306-audi-will-automobil-und-energiemarkt-revoluzionieren.html?share=linkedin\" target=\"_blank\" title=\"Klick, um auf LinkedIn zu teilen\" ><span><\/span><span class=\"sharing-screen-reader-text\">Klick, um auf LinkedIn zu teilen (Wird in neuem Fenster ge\u00f6ffnet)<\/span><\/a><\/li><li class=\"share-reddit\"><a rel=\"nofollow noopener noreferrer\" data-shared=\"\" class=\"share-reddit sd-button share-icon no-text\" href=\"https:\/\/www.autogas-franken.de\/blog\/index.php\/archives\/kraftstoffalternativen\/306-audi-will-automobil-und-energiemarkt-revoluzionieren.html?share=reddit\" target=\"_blank\" title=\"Klick, um auf Reddit zu teilen\" ><span><\/span><span class=\"sharing-screen-reader-text\">Klick, um auf Reddit zu teilen (Wird in neuem Fenster ge\u00f6ffnet)<\/span><\/a><\/li><li class=\"share-tumblr\"><a rel=\"nofollow noopener noreferrer\" data-shared=\"\" class=\"share-tumblr sd-button share-icon no-text\" href=\"https:\/\/www.autogas-franken.de\/blog\/index.php\/archives\/kraftstoffalternativen\/306-audi-will-automobil-und-energiemarkt-revoluzionieren.html?share=tumblr\" target=\"_blank\" title=\"Klick, um auf Tumblr zu teilen\" ><span><\/span><span class=\"sharing-screen-reader-text\">Klick, um auf Tumblr zu teilen (Wird in neuem Fenster ge\u00f6ffnet)<\/span><\/a><\/li><li class=\"share-pinterest\"><a rel=\"nofollow noopener noreferrer\" data-shared=\"sharing-pinterest-306\" class=\"share-pinterest sd-button share-icon no-text\" href=\"https:\/\/www.autogas-franken.de\/blog\/index.php\/archives\/kraftstoffalternativen\/306-audi-will-automobil-und-energiemarkt-revoluzionieren.html?share=pinterest\" target=\"_blank\" title=\"Klick, um auf Pinterest zu teilen\" ><span><\/span><span class=\"sharing-screen-reader-text\">Klick, um auf Pinterest zu teilen (Wird in neuem Fenster ge\u00f6ffnet)<\/span><\/a><\/li><li class=\"share-telegram\"><a rel=\"nofollow noopener noreferrer\" data-shared=\"\" class=\"share-telegram sd-button share-icon no-text\" href=\"https:\/\/www.autogas-franken.de\/blog\/index.php\/archives\/kraftstoffalternativen\/306-audi-will-automobil-und-energiemarkt-revoluzionieren.html?share=telegram\" target=\"_blank\" title=\"Klicken, um auf Telegram zu teilen\" ><span><\/span><span class=\"sharing-screen-reader-text\">Klicken, um auf Telegram zu teilen (Wird in neuem Fenster ge\u00f6ffnet)<\/span><\/a><\/li><li class=\"share-pocket\"><a rel=\"nofollow noopener noreferrer\" data-shared=\"\" class=\"share-pocket sd-button share-icon no-text\" href=\"https:\/\/www.autogas-franken.de\/blog\/index.php\/archives\/kraftstoffalternativen\/306-audi-will-automobil-und-energiemarkt-revoluzionieren.html?share=pocket\" target=\"_blank\" title=\"Klick, um auf Pocket zu teilen\" ><span><\/span><span class=\"sharing-screen-reader-text\">Klick, um auf Pocket zu teilen (Wird in neuem Fenster ge\u00f6ffnet)<\/span><\/a><\/li><li class=\"share-skype\"><a rel=\"nofollow noopener noreferrer\" data-shared=\"sharing-skype-306\" class=\"share-skype sd-button share-icon no-text\" href=\"https:\/\/www.autogas-franken.de\/blog\/index.php\/archives\/kraftstoffalternativen\/306-audi-will-automobil-und-energiemarkt-revoluzionieren.html?share=skype\" target=\"_blank\" title=\"Klicken, um in Skype zu teilen\" ><span><\/span><span class=\"sharing-screen-reader-text\">Klicken, um in Skype zu teilen (Wird in neuem Fenster ge\u00f6ffnet)<\/span><\/a><\/li><li><a href=\"#\" class=\"sharing-anchor sd-button share-more\"><span>Mehr<\/span><\/a><\/li><li class=\"share-end\"><\/li><\/ul><div class=\"sharing-hidden\"><div class=\"inner\" style=\"display: none;width:150px;\"><ul style=\"background-image:none;\"><li class=\"share-facebook\"><a rel=\"nofollow noopener noreferrer\" data-shared=\"sharing-facebook-306\" class=\"share-facebook sd-button share-icon no-text\" href=\"https:\/\/www.autogas-franken.de\/blog\/index.php\/archives\/kraftstoffalternativen\/306-audi-will-automobil-und-energiemarkt-revoluzionieren.html?share=facebook\" target=\"_blank\" title=\"Klick, um auf Facebook zu teilen\" ><span><\/span><span class=\"sharing-screen-reader-text\">Klick, um auf Facebook zu teilen (Wird in neuem Fenster ge\u00f6ffnet)<\/span><\/a><\/li><li class=\"share-end\"><\/li><\/ul><\/div><\/div><\/div><\/div><\/div>","protected":false},"author":4,"featured_media":0,"comment_status":"open","ping_status":"open","sticky":false,"template":"","format":"standard","meta":{"jetpack_post_was_ever_published":false,"jetpack_publicize_message":"","jetpack_is_tweetstorm":false,"jetpack_publicize_feature_enabled":true},"categories":[2],"tags":[30,104,102,68,101],"jetpack_publicize_connections":[],"yoast_head":"<!-- This site is optimized with the Yoast SEO plugin v19.7.2 - https:\/\/yoast.com\/wordpress\/plugins\/seo\/ -->\n<title>Audi will Automobil- und Energiemarkt revolutionieren - Autogas f\u00fcr Franken<\/title>\n<meta name=\"robots\" content=\"index, follow, max-snippet:-1, max-image-preview:large, max-video-preview:-1\" \/>\n<link rel=\"canonical\" href=\"https:\/\/www.autogas-franken.de\/blog\/index.php\/archives\/kraftstoffalternativen\/306-audi-will-automobil-und-energiemarkt-revoluzionieren.html\" \/>\n<meta property=\"og:locale\" content=\"de_DE\" \/>\n<meta property=\"og:type\" content=\"article\" \/>\n<meta property=\"og:title\" content=\"Audi will Automobil- und Energiemarkt revolutionieren - Autogas f\u00fcr Franken\" \/>\n<meta property=\"og:description\" content=\"Wenn Audi das wirklich so durchzieht, dann w\u00e4re das eine Revolution der Automobilbranche und der Treibstoffgewinnung! Denn derzeit investiert der Ingolst\u00e4dter Autobauer in alternative Energie-Projekte wie z.B. Windkraft um mit dieser \u00d6ko-Energie seine Fahrzeuge zu anzutreiben. Ganzheitliche CO2-Neutrale Mobilit\u00e4t Grundgedanke &hellip; Weiterlesen &rarr;\" \/>\n<meta property=\"og:url\" content=\"https:\/\/www.autogas-franken.de\/blog\/index.php\/archives\/kraftstoffalternativen\/306-audi-will-automobil-und-energiemarkt-revoluzionieren.html\" \/>\n<meta property=\"og:site_name\" content=\"Autogas f\u00fcr Franken\" \/>\n<meta property=\"article:published_time\" content=\"2013-02-19T19:59:38+00:00\" \/>\n<meta property=\"article:modified_time\" content=\"2014-09-23T11:06:15+00:00\" \/>\n<meta name=\"author\" content=\"Andreas Brandl\" \/>\n<meta name=\"twitter:card\" content=\"summary_large_image\" \/>\n<meta name=\"twitter:label1\" content=\"Verfasst von\" \/>\n\t<meta name=\"twitter:data1\" content=\"Andreas Brandl\" \/>\n\t<meta name=\"twitter:label2\" content=\"Gesch\u00e4tzte Lesezeit\" \/>\n\t<meta name=\"twitter:data2\" content=\"1\u00a0Minute\" \/>\n<script type=\"application\/ld+json\" class=\"yoast-schema-graph\">{\"@context\":\"https:\/\/schema.org\",\"@graph\":[{\"@type\":\"WebPage\",\"@id\":\"https:\/\/www.autogas-franken.de\/blog\/index.php\/archives\/kraftstoffalternativen\/306-audi-will-automobil-und-energiemarkt-revoluzionieren.html\",\"url\":\"https:\/\/www.autogas-franken.de\/blog\/index.php\/archives\/kraftstoffalternativen\/306-audi-will-automobil-und-energiemarkt-revoluzionieren.html\",\"name\":\"Audi will Automobil- und Energiemarkt revolutionieren - Autogas f\u00fcr Franken\",\"isPartOf\":{\"@id\":\"https:\/\/www.autogas-franken.de\/blog\/#website\"},\"datePublished\":\"2013-02-19T19:59:38+00:00\",\"dateModified\":\"2014-09-23T11:06:15+00:00\",\"author\":{\"@id\":\"https:\/\/www.autogas-franken.de\/blog\/#\/schema\/person\/36b3c83f7b1b0de84c9e9fd0808559e3\"},\"breadcrumb\":{\"@id\":\"https:\/\/www.autogas-franken.de\/blog\/index.php\/archives\/kraftstoffalternativen\/306-audi-will-automobil-und-energiemarkt-revoluzionieren.html#breadcrumb\"},\"inLanguage\":\"de\",\"potentialAction\":[{\"@type\":\"ReadAction\",\"target\":[\"https:\/\/www.autogas-franken.de\/blog\/index.php\/archives\/kraftstoffalternativen\/306-audi-will-automobil-und-energiemarkt-revoluzionieren.html\"]}]},{\"@type\":\"BreadcrumbList\",\"@id\":\"https:\/\/www.autogas-franken.de\/blog\/index.php\/archives\/kraftstoffalternativen\/306-audi-will-automobil-und-energiemarkt-revoluzionieren.html#breadcrumb\",\"itemListElement\":[{\"@type\":\"ListItem\",\"position\":1,\"name\":\"Startseite\",\"item\":\"https:\/\/www.autogas-franken.de\/blog\"},{\"@type\":\"ListItem\",\"position\":2,\"name\":\"Audi will Automobil- und Energiemarkt revolutionieren\"}]},{\"@type\":\"WebSite\",\"@id\":\"https:\/\/www.autogas-franken.de\/blog\/#website\",\"url\":\"https:\/\/www.autogas-franken.de\/blog\/\",\"name\":\"Autogas f\u00fcr Franken\",\"description\":\"Erfahrungen mit den auf LPG umger\u00fcsteten Audi A3 und Skoda Oktavia\",\"potentialAction\":[{\"@type\":\"SearchAction\",\"target\":{\"@type\":\"EntryPoint\",\"urlTemplate\":\"https:\/\/www.autogas-franken.de\/blog\/?s={search_term_string}\"},\"query-input\":\"required name=search_term_string\"}],\"inLanguage\":\"de\"},{\"@type\":\"Person\",\"@id\":\"https:\/\/www.autogas-franken.de\/blog\/#\/schema\/person\/36b3c83f7b1b0de84c9e9fd0808559e3\",\"name\":\"Andreas Brandl\",\"image\":{\"@type\":\"ImageObject\",\"inLanguage\":\"de\",\"@id\":\"https:\/\/www.autogas-franken.de\/blog\/#\/schema\/person\/image\/\",\"url\":\"https:\/\/secure.gravatar.com\/avatar\/64afc4ffd14df9b18b8e0434d79253ad?s=96&d=mm&r=g\",\"contentUrl\":\"https:\/\/secure.gravatar.com\/avatar\/64afc4ffd14df9b18b8e0434d79253ad?s=96&d=mm&r=g\",\"caption\":\"Andreas Brandl\"},\"sameAs\":[\"https:\/\/www.autogas-franken.de\"],\"url\":\"https:\/\/www.autogas-franken.de\/blog\/index.php\/archives\/author\/andy\"}]}<\/script>\n<!-- \/ Yoast SEO plugin. -->","yoast_head_json":{"title":"Audi will Automobil- und Energiemarkt revolutionieren - Autogas f\u00fcr Franken","robots":{"index":"index","follow":"follow","max-snippet":"max-snippet:-1","max-image-preview":"max-image-preview:large","max-video-preview":"max-video-preview:-1"},"canonical":"https:\/\/www.autogas-franken.de\/blog\/index.php\/archives\/kraftstoffalternativen\/306-audi-will-automobil-und-energiemarkt-revoluzionieren.html","og_locale":"de_DE","og_type":"article","og_title":"Audi will Automobil- und Energiemarkt revolutionieren - Autogas f\u00fcr Franken","og_description":"Wenn Audi das wirklich so durchzieht, dann w\u00e4re das eine Revolution der Automobilbranche und der Treibstoffgewinnung! Denn derzeit investiert der Ingolst\u00e4dter Autobauer in alternative Energie-Projekte wie z.B. Windkraft um mit dieser \u00d6ko-Energie seine Fahrzeuge zu anzutreiben. Ganzheitliche CO2-Neutrale Mobilit\u00e4t Grundgedanke &hellip; Weiterlesen &rarr;","og_url":"https:\/\/www.autogas-franken.de\/blog\/index.php\/archives\/kraftstoffalternativen\/306-audi-will-automobil-und-energiemarkt-revoluzionieren.html","og_site_name":"Autogas f\u00fcr Franken","article_published_time":"2013-02-19T19:59:38+00:00","article_modified_time":"2014-09-23T11:06:15+00:00","author":"Andreas Brandl","twitter_card":"summary_large_image","twitter_misc":{"Verfasst von":"Andreas Brandl","Gesch\u00e4tzte Lesezeit":"1\u00a0Minute"},"schema":{"@context":"https:\/\/schema.org","@graph":[{"@type":"WebPage","@id":"https:\/\/www.autogas-franken.de\/blog\/index.php\/archives\/kraftstoffalternativen\/306-audi-will-automobil-und-energiemarkt-revoluzionieren.html","url":"https:\/\/www.autogas-franken.de\/blog\/index.php\/archives\/kraftstoffalternativen\/306-audi-will-automobil-und-energiemarkt-revoluzionieren.html","name":"Audi will Automobil- und Energiemarkt revolutionieren - Autogas f\u00fcr Franken","isPartOf":{"@id":"https:\/\/www.autogas-franken.de\/blog\/#website"},"datePublished":"2013-02-19T19:59:38+00:00","dateModified":"2014-09-23T11:06:15+00:00","author":{"@id":"https:\/\/www.autogas-franken.de\/blog\/#\/schema\/person\/36b3c83f7b1b0de84c9e9fd0808559e3"},"breadcrumb":{"@id":"https:\/\/www.autogas-franken.de\/blog\/index.php\/archives\/kraftstoffalternativen\/306-audi-will-automobil-und-energiemarkt-revoluzionieren.html#breadcrumb"},"inLanguage":"de","potentialAction":[{"@type":"ReadAction","target":["https:\/\/www.autogas-franken.de\/blog\/index.php\/archives\/kraftstoffalternativen\/306-audi-will-automobil-und-energiemarkt-revoluzionieren.html"]}]},{"@type":"BreadcrumbList","@id":"https:\/\/www.autogas-franken.de\/blog\/index.php\/archives\/kraftstoffalternativen\/306-audi-will-automobil-und-energiemarkt-revoluzionieren.html#breadcrumb","itemListElement":[{"@type":"ListItem","position":1,"name":"Startseite","item":"https:\/\/www.autogas-franken.de\/blog"},{"@type":"ListItem","position":2,"name":"Audi will Automobil- und Energiemarkt revolutionieren"}]},{"@type":"WebSite","@id":"https:\/\/www.autogas-franken.de\/blog\/#website","url":"https:\/\/www.autogas-franken.de\/blog\/","name":"Autogas f\u00fcr Franken","description":"Erfahrungen mit den auf LPG umger\u00fcsteten Audi A3 und Skoda Oktavia","potentialAction":[{"@type":"SearchAction","target":{"@type":"EntryPoint","urlTemplate":"https:\/\/www.autogas-franken.de\/blog\/?s={search_term_string}"},"query-input":"required name=search_term_string"}],"inLanguage":"de"},{"@type":"Person","@id":"https:\/\/www.autogas-franken.de\/blog\/#\/schema\/person\/36b3c83f7b1b0de84c9e9fd0808559e3","name":"Andreas Brandl","image":{"@type":"ImageObject","inLanguage":"de","@id":"https:\/\/www.autogas-franken.de\/blog\/#\/schema\/person\/image\/","url":"https:\/\/secure.gravatar.com\/avatar\/64afc4ffd14df9b18b8e0434d79253ad?s=96&d=mm&r=g","contentUrl":"https:\/\/secure.gravatar.com\/avatar\/64afc4ffd14df9b18b8e0434d79253ad?s=96&d=mm&r=g","caption":"Andreas Brandl"},"sameAs":["https:\/\/www.autogas-franken.de"],"url":"https:\/\/www.autogas-franken.de\/blog\/index.php\/archives\/author\/andy"}]}},"jetpack_featured_media_url":"","jetpack_sharing_enabled":true,"jetpack_shortlink":"https:\/\/wp.me\/p7UynC-4W","jetpack-related-posts":[{"id":24,"url":"https:\/\/www.autogas-franken.de\/blog\/index.php\/archives\/allgemein\/24-wieviel-co2-stosse-ich-aus.html","url_meta":{"origin":306,"position":0},"title":"Wieviel CO2 stosse ich aus?","date":"16. Februar 2007","format":false,"excerpt":"Da offenbar ab 2012 die CO2-Abgase auf 120 Gramm pro Kilometer gesenkt werden sollen und die EU sogar vorsieht, dass f\u00fcr Fahrzeuge die mehr als 140 Gramm CO2 pro Kilometer in die Luft blasen zus\u00e4tzlich noch Verschmutzungsrechte gekauft werden m\u00fcssen, ist es doch schon mal an der Zeit, zu \u00fcberpr\u00fcfen,\u2026","rel":"","context":"In &quot;Allgemein&quot;","img":{"alt_text":"","src":"","width":0,"height":0},"classes":[]},{"id":46,"url":"https:\/\/www.autogas-franken.de\/blog\/index.php\/archives\/auto-news\/46-stau-prognose-selbstzerstoerende-prophezeiung.html","url_meta":{"origin":306,"position":1},"title":"Stau-Prognose: Nur eine Selbstzerst\u00f6rende Prophezeiung?","date":"23. Oktober 2007","format":false,"excerpt":"Davon tr\u00e4umt jeder Autofahrer: Schlauer sein als all die anderen! Vor der Fahrt im Internet nachschauen, ob sich auf der geplanten Route etwas staut und in diesem Falle dann eine ander Route w\u00e4hlen! So oder so \u00e4hnlich soll es nun in Nordrhein-Westfalen m\u00f6glich sein! Das SWR3-Verkehrsteam will mit Hilfe einer\u2026","rel":"","context":"In &quot;Auto-news&quot;","img":{"alt_text":"","src":"","width":0,"height":0},"classes":[]},{"id":58,"url":"https:\/\/www.autogas-franken.de\/blog\/index.php\/archives\/auto-news\/58-bidgo-autogas-im-blut.html","url_meta":{"origin":306,"position":2},"title":"Bidgo &#8211; Autogas im Blut?","date":"13. Februar 2008","format":false,"excerpt":"[Trigami-Review] Heute geht es um ein Projekt aus Franken, n\u00e4mlich einer Aschaffenburger Firma: Bidgo.de! Eine Webseite f\u00fcr automobile Enthusiasten! Wenn man zum ersten Mal auf die Seite kommt erkennt man keinen gro\u00dfen Unterschied zu den anderen Kfz-B\u00f6rsen. Der einzige Unterschied der mir ins Auge stach, war das sog. \u201eAuto-Wiki\u201c, einer\u2026","rel":"","context":"In &quot;Auto-news&quot;","img":{"alt_text":"","src":"","width":0,"height":0},"classes":[]},{"id":32,"url":"https:\/\/www.autogas-franken.de\/blog\/index.php\/archives\/auto-news\/32-10-hybrid-falschaussagen.html","url_meta":{"origin":306,"position":3},"title":"10 Hybrid-Falschaussagen","date":"11. Mai 2007","format":false,"excerpt":"Zum zehnj\u00e4hrigen \"Jubil\u00e4um\" der Pr\u00e4sentation des Toyota Prius als weltweit erstem Gro\u00dfserienfahrzeug mit Hybridantrieb, r\u00e4umt B\u00f6rse Online mit Vorurteilen auf, die zwar den Fachmann schmunzeln lassen, bei Laien aber Unsicherheit erzeugen. Die 10 gr\u00f6\u00dften Irrglauben zur Hybridtechnik: \"Die Technik ist nicht ausgereift.\" \"Hybridfahrzeuge sind im Vergleich zu Diesel-Pkw zu teuer.\"\u2026","rel":"","context":"In &quot;Auto-news&quot;","img":{"alt_text":"","src":"","width":0,"height":0},"classes":[]},{"id":61,"url":"https:\/\/www.autogas-franken.de\/blog\/index.php\/archives\/co2\/61-autovermieteruebergreifend-suchen.html","url_meta":{"origin":306,"position":4},"title":"Autovermieter\u00fcbergreifend suchen","date":"20. M\u00e4rz 2008","format":false,"excerpt":"[Trigami-Review] Wer kennt das nicht: Man freut sich auf den Urlaub und hat beim Buchen drauf geachtet, dass man mit Rail&Fly direkt zum Flughafen Frankfurt fahren kann. Da f\u00e4llt dem Reiseveranstalter pl\u00f6tzlich ein, den Flug vorzuverlegen. Als Urlauber hat man nun nur die M\u00f6glichkeit am Abend vorher anzureisen und am\u2026","rel":"","context":"In &quot;CO2&quot;","img":{"alt_text":"","src":"","width":0,"height":0},"classes":[]},{"id":22,"url":"https:\/\/www.autogas-franken.de\/blog\/index.php\/archives\/kraftstoffalternativen\/22-co2-verteuert-bald-den-autokauf.html","url_meta":{"origin":306,"position":5},"title":"CO2 verteuert bald den Autokauf","date":"9. Februar 2007","format":false,"excerpt":"Das BR-Magazin \"quer\" hat in dieser Woche \"das Ende der deutschen Autoindustrie\" eingel\u00e4utet, aber die Europ\u00e4ische Kommission gew\u00e4hrte noch etwas Aufschub: Erst ab 2012 sollen die CO2-Abgase auf 120 Gramm pro Kilometer gesenkt werden, nachdem es die Deutschen nicht geschafft haben, ihre eigenen Vorgaben (140 Gramm) innerhalb von 10 Jahren\u2026","rel":"","context":"In &quot;Autogas-news&quot;","img":{"alt_text":"","src":"","width":0,"height":0},"classes":[]}],"_links":{"self":[{"href":"https:\/\/www.autogas-franken.de\/blog\/index.php\/wp-json\/wp\/v2\/posts\/306"}],"collection":[{"href":"https:\/\/www.autogas-franken.de\/blog\/index.php\/wp-json\/wp\/v2\/posts"}],"about":[{"href":"https:\/\/www.autogas-franken.de\/blog\/index.php\/wp-json\/wp\/v2\/types\/post"}],"author":[{"embeddable":true,"href":"https:\/\/www.autogas-franken.de\/blog\/index.php\/wp-json\/wp\/v2\/users\/4"}],"replies":[{"embeddable":true,"href":"https:\/\/www.autogas-franken.de\/blog\/index.php\/wp-json\/wp\/v2\/comments?post=306"}],"version-history":[{"count":6,"href":"https:\/\/www.autogas-franken.de\/blog\/index.php\/wp-json\/wp\/v2\/posts\/306\/revisions"}],"predecessor-version":[{"id":351,"href":"https:\/\/www.autogas-franken.de\/blog\/index.php\/wp-json\/wp\/v2\/posts\/306\/revisions\/351"}],"wp:attachment":[{"href":"https:\/\/www.autogas-franken.de\/blog\/index.php\/wp-json\/wp\/v2\/media?parent=306"}],"wp:term":[{"taxonomy":"category","embeddable":true,"href":"https:\/\/www.autogas-franken.de\/blog\/index.php\/wp-json\/wp\/v2\/categories?post=306"},{"taxonomy":"post_tag","embeddable":true,"href":"https:\/\/www.autogas-franken.de\/blog\/index.php\/wp-json\/wp\/v2\/tags?post=306"}],"curies":[{"name":"wp","href":"https:\/\/api.w.org\/{rel}","templated":true}]}}