{"id":257,"date":"2010-12-02T14:26:59","date_gmt":"2010-12-02T13:26:59","guid":{"rendered":"http:\/\/www.autogas-franken.de\/blog\/?p=257"},"modified":"2010-12-02T14:31:59","modified_gmt":"2010-12-02T13:31:59","slug":"avia-tankstellen-erhohen-die-autogas-preise","status":"publish","type":"post","link":"https:\/\/www.autogas-franken.de\/blog\/index.php\/archives\/autogas-news\/257-avia-tankstellen-erhohen-die-autogas-preise.html","title":{"rendered":"AVIA-Tankstellen erh\u00f6hen die Autogas-Preise"},"content":{"rendered":"<p><a href=\"https:\/\/i0.wp.com\/www.autogas-franken.de\/blog\/wp-content\/uploads\/2010\/12\/Schnee.jpg?ssl=1\"><img data-attachment-id=\"259\" data-permalink=\"https:\/\/www.autogas-franken.de\/blog\/index.php\/archives\/autogas-news\/257-avia-tankstellen-erhohen-die-autogas-preise.html\/attachment\/schnee\" data-orig-file=\"https:\/\/i0.wp.com\/autogas-franken.de\/blog\/wp-content\/uploads\/2010\/12\/Schnee.jpg?fit=813%2C666&amp;ssl=1\" data-orig-size=\"813,666\" data-comments-opened=\"1\" data-image-meta=\"{&quot;aperture&quot;:&quot;2.8&quot;,&quot;credit&quot;:&quot;&quot;,&quot;camera&quot;:&quot;iPhone 3GS&quot;,&quot;caption&quot;:&quot;&quot;,&quot;created_timestamp&quot;:&quot;1291108719&quot;,&quot;copyright&quot;:&quot;&quot;,&quot;focal_length&quot;:&quot;3.85&quot;,&quot;iso&quot;:&quot;64&quot;,&quot;shutter_speed&quot;:&quot;0.0021276595744681&quot;,&quot;title&quot;:&quot;&quot;}\" data-image-title=\"Schnee\" data-image-description=\"\" data-image-caption=\"\" data-medium-file=\"https:\/\/i0.wp.com\/autogas-franken.de\/blog\/wp-content\/uploads\/2010\/12\/Schnee.jpg?fit=300%2C245&amp;ssl=1\" data-large-file=\"https:\/\/i0.wp.com\/autogas-franken.de\/blog\/wp-content\/uploads\/2010\/12\/Schnee.jpg?fit=640%2C524&amp;ssl=1\" loading=\"lazy\" class=\"alignleft size-medium wp-image-259\" title=\"Schnee\" src=\"https:\/\/i0.wp.com\/www.autogas-franken.de\/blog\/wp-content\/uploads\/2010\/12\/Schnee-300x245.jpg?resize=180%2C147&#038;ssl=1\" alt=\"\" width=\"180\" height=\"147\" srcset=\"https:\/\/i0.wp.com\/autogas-franken.de\/blog\/wp-content\/uploads\/2010\/12\/Schnee.jpg?resize=300%2C245&amp;ssl=1 300w, https:\/\/i0.wp.com\/autogas-franken.de\/blog\/wp-content\/uploads\/2010\/12\/Schnee.jpg?w=813&amp;ssl=1 813w\" sizes=\"(max-width: 180px) 100vw, 180px\" data-recalc-dims=\"1\" \/><\/a>Was ist denn da los? Viele AVIA-Tankstellen haben heute wohl die Preise f\u00fcr LPG erh\u00f6ht? Und das zum Teil um saftige Prozente!<\/p>\n<p>Wie das Autogas-Portal <a href=\"http:\/\/www.gas-tankstellen.de\" target=\"_blank\">gas-tankstellen.de<\/a> heute in mehreren automatischen Preisinfos mitteilte, wurden die Preise f\u00fcr den Liter Fl\u00fcssiggas um bis zu 12% angehoben:<\/p>\n<p><strong>Hier eine kleine Auswahl:<\/strong><\/p>\n<table style=\"height: 87px;\" border=\"0\" cellspacing=\"0\" cellpadding=\"0\" width=\"500\">\n<col width=\"179\"><\/col>\n<col span=\"4\" width=\"80\"><\/col>\n<tbody>\n<tr height=\"17\">\n<td width=\"200\" height=\"17\"><strong>Tankstelle<\/strong><\/td>\n<td width=\"80\" align=\"right\"><strong>Preis aktuell<\/strong><\/td>\n<td width=\"80\" align=\"right\"><strong>Erh\u00f6hung<\/strong><\/td>\n<td width=\"80\" align=\"right\"><strong>Prozent<\/strong><\/td>\n<\/tr>\n<tr height=\"17\">\n<td width=\"200\" height=\"17\">AVIA Tankstelle,   Regensburg<\/td>\n<td width=\"80\" align=\"right\">0,779<\/td>\n<td width=\"80\" align=\"right\">0,08<\/td>\n<td width=\"80\" align=\"right\">11,4%<\/td>\n<\/tr>\n<tr height=\"17\">\n<td height=\"17\">AVIA Tankstelle, Lauf<\/td>\n<td align=\"right\">0,759<\/td>\n<td align=\"right\">0,08<\/td>\n<td align=\"right\">11,8%<\/td>\n<\/tr>\n<tr height=\"17\">\n<td height=\"17\">AVIA Servicestation, Altdorf<\/td>\n<td align=\"right\">0,749<\/td>\n<td align=\"right\">0,06<\/td>\n<td align=\"right\">8,7%<\/td>\n<\/tr>\n<tr height=\"17\">\n<td height=\"17\">AVIA Servicestation, Altdorf<\/td>\n<td align=\"right\">0,689<\/td>\n<td align=\"right\">0,02<\/td>\n<td align=\"right\">3% *<\/td>\n<\/tr>\n<\/tbody>\n<\/table>\n<p>(* Diese Erh\u00f6hung hatte Altdorf bereits am 01.12. durchgef\u00fchrt, und kommt somit auf 12% Erh\u00f6hung)<\/p>\n<p>Hat das was mit dem Schneechaos in Deutschland zu tun? Konnte der Tanklastzug nicht liefern? In jedem Fall ist eine Erh\u00f6hung von \u00fcber 10% eine Frechheit!<\/p>\n<div class=\"sharedaddy sd-sharing-enabled\"><div class=\"robots-nocontent sd-block sd-social sd-social-icon sd-sharing\"><h3 class=\"sd-title\">Share this:<\/h3><div class=\"sd-content\"><ul><li class=\"share-print\"><a rel=\"nofollow noopener noreferrer\" data-shared=\"\" class=\"share-print sd-button share-icon no-text\" href=\"https:\/\/www.autogas-franken.de\/blog\/index.php\/archives\/autogas-news\/257-avia-tankstellen-erhohen-die-autogas-preise.html\" target=\"_blank\" title=\"Klicken zum Ausdrucken\" ><span><\/span><span class=\"sharing-screen-reader-text\">Klicken zum Ausdrucken (Wird in neuem Fenster ge\u00f6ffnet)<\/span><\/a><\/li><li class=\"share-email\"><a rel=\"nofollow noopener noreferrer\" data-shared=\"\" class=\"share-email sd-button share-icon no-text\" href=\"mailto:?subject=%5BGeteilter%20Beitrag%5D%20AVIA-Tankstellen%20erh%C3%B6hen%20die%20Autogas-Preise&body=https%3A%2F%2Fwww.autogas-franken.de%2Fblog%2Findex.php%2Farchives%2Fautogas-news%2F257-avia-tankstellen-erhohen-die-autogas-preise.html&share=email\" target=\"_blank\" title=\"Klicken, um einem Freund einen Link per E-Mail zu senden\" data-email-share-error-title=\"Hast du E-Mail eingerichtet?\" data-email-share-error-text=\"Wenn du Probleme mit dem Teilen per E-Mail hast, ist E-Mail m\u00f6glicherweise nicht f\u00fcr deinen Browser eingerichtet. Du musst die neue E-Mail-Einrichtung m\u00f6glicherweise selbst vornehmen.\" data-email-share-nonce=\"2528cadafd\" data-email-share-track-url=\"https:\/\/www.autogas-franken.de\/blog\/index.php\/archives\/autogas-news\/257-avia-tankstellen-erhohen-die-autogas-preise.html?share=email\"><span><\/span><span class=\"sharing-screen-reader-text\">Klicken, um einem Freund einen Link per E-Mail zu senden (Wird in neuem Fenster ge\u00f6ffnet)<\/span><\/a><\/li><li class=\"share-twitter\"><a rel=\"nofollow noopener noreferrer\" data-shared=\"sharing-twitter-257\" class=\"share-twitter sd-button share-icon no-text\" href=\"https:\/\/www.autogas-franken.de\/blog\/index.php\/archives\/autogas-news\/257-avia-tankstellen-erhohen-die-autogas-preise.html?share=twitter\" target=\"_blank\" title=\"Klick, um \u00fcber Twitter zu teilen\" ><span><\/span><span class=\"sharing-screen-reader-text\">Klick, um \u00fcber Twitter zu teilen (Wird in neuem Fenster ge\u00f6ffnet)<\/span><\/a><\/li><li class=\"share-jetpack-whatsapp\"><a rel=\"nofollow noopener noreferrer\" data-shared=\"\" class=\"share-jetpack-whatsapp sd-button share-icon no-text\" href=\"https:\/\/www.autogas-franken.de\/blog\/index.php\/archives\/autogas-news\/257-avia-tankstellen-erhohen-die-autogas-preise.html?share=jetpack-whatsapp\" target=\"_blank\" title=\"Klicken, um auf WhatsApp zu teilen\" ><span><\/span><span class=\"sharing-screen-reader-text\">Klicken, um auf WhatsApp zu teilen (Wird in neuem Fenster ge\u00f6ffnet)<\/span><\/a><\/li><li class=\"share-linkedin\"><a rel=\"nofollow noopener noreferrer\" data-shared=\"sharing-linkedin-257\" class=\"share-linkedin sd-button share-icon no-text\" href=\"https:\/\/www.autogas-franken.de\/blog\/index.php\/archives\/autogas-news\/257-avia-tankstellen-erhohen-die-autogas-preise.html?share=linkedin\" target=\"_blank\" title=\"Klick, um auf LinkedIn zu teilen\" ><span><\/span><span class=\"sharing-screen-reader-text\">Klick, um auf LinkedIn zu teilen (Wird in neuem Fenster ge\u00f6ffnet)<\/span><\/a><\/li><li class=\"share-reddit\"><a rel=\"nofollow noopener noreferrer\" data-shared=\"\" class=\"share-reddit sd-button share-icon no-text\" href=\"https:\/\/www.autogas-franken.de\/blog\/index.php\/archives\/autogas-news\/257-avia-tankstellen-erhohen-die-autogas-preise.html?share=reddit\" target=\"_blank\" title=\"Klick, um auf Reddit zu teilen\" ><span><\/span><span class=\"sharing-screen-reader-text\">Klick, um auf Reddit zu teilen (Wird in neuem Fenster ge\u00f6ffnet)<\/span><\/a><\/li><li class=\"share-tumblr\"><a rel=\"nofollow noopener noreferrer\" data-shared=\"\" class=\"share-tumblr sd-button share-icon no-text\" href=\"https:\/\/www.autogas-franken.de\/blog\/index.php\/archives\/autogas-news\/257-avia-tankstellen-erhohen-die-autogas-preise.html?share=tumblr\" target=\"_blank\" title=\"Klick, um auf Tumblr zu teilen\" ><span><\/span><span class=\"sharing-screen-reader-text\">Klick, um auf Tumblr zu teilen (Wird in neuem Fenster ge\u00f6ffnet)<\/span><\/a><\/li><li class=\"share-pinterest\"><a rel=\"nofollow noopener noreferrer\" data-shared=\"sharing-pinterest-257\" class=\"share-pinterest sd-button share-icon no-text\" href=\"https:\/\/www.autogas-franken.de\/blog\/index.php\/archives\/autogas-news\/257-avia-tankstellen-erhohen-die-autogas-preise.html?share=pinterest\" target=\"_blank\" title=\"Klick, um auf Pinterest zu teilen\" ><span><\/span><span class=\"sharing-screen-reader-text\">Klick, um auf Pinterest zu teilen (Wird in neuem Fenster ge\u00f6ffnet)<\/span><\/a><\/li><li class=\"share-telegram\"><a rel=\"nofollow noopener noreferrer\" data-shared=\"\" class=\"share-telegram sd-button share-icon no-text\" href=\"https:\/\/www.autogas-franken.de\/blog\/index.php\/archives\/autogas-news\/257-avia-tankstellen-erhohen-die-autogas-preise.html?share=telegram\" target=\"_blank\" title=\"Klicken, um auf Telegram zu teilen\" ><span><\/span><span class=\"sharing-screen-reader-text\">Klicken, um auf Telegram zu teilen (Wird in neuem Fenster ge\u00f6ffnet)<\/span><\/a><\/li><li class=\"share-pocket\"><a rel=\"nofollow noopener noreferrer\" data-shared=\"\" class=\"share-pocket sd-button share-icon no-text\" href=\"https:\/\/www.autogas-franken.de\/blog\/index.php\/archives\/autogas-news\/257-avia-tankstellen-erhohen-die-autogas-preise.html?share=pocket\" target=\"_blank\" title=\"Klick, um auf Pocket zu teilen\" ><span><\/span><span class=\"sharing-screen-reader-text\">Klick, um auf Pocket zu teilen (Wird in neuem Fenster ge\u00f6ffnet)<\/span><\/a><\/li><li class=\"share-skype\"><a rel=\"nofollow noopener noreferrer\" data-shared=\"sharing-skype-257\" class=\"share-skype sd-button share-icon no-text\" href=\"https:\/\/www.autogas-franken.de\/blog\/index.php\/archives\/autogas-news\/257-avia-tankstellen-erhohen-die-autogas-preise.html?share=skype\" target=\"_blank\" title=\"Klicken, um in Skype zu teilen\" ><span><\/span><span class=\"sharing-screen-reader-text\">Klicken, um in Skype zu teilen (Wird in neuem Fenster ge\u00f6ffnet)<\/span><\/a><\/li><li><a href=\"#\" class=\"sharing-anchor sd-button share-more\"><span>Mehr<\/span><\/a><\/li><li class=\"share-end\"><\/li><\/ul><div class=\"sharing-hidden\"><div class=\"inner\" style=\"display: none;width:150px;\"><ul style=\"background-image:none;\"><li class=\"share-facebook\"><a rel=\"nofollow noopener noreferrer\" data-shared=\"sharing-facebook-257\" class=\"share-facebook sd-button share-icon no-text\" href=\"https:\/\/www.autogas-franken.de\/blog\/index.php\/archives\/autogas-news\/257-avia-tankstellen-erhohen-die-autogas-preise.html?share=facebook\" target=\"_blank\" title=\"Klick, um auf Facebook zu teilen\" ><span><\/span><span class=\"sharing-screen-reader-text\">Klick, um auf Facebook zu teilen (Wird in neuem Fenster ge\u00f6ffnet)<\/span><\/a><\/li><li class=\"share-end\"><\/li><\/ul><\/div><\/div><\/div><\/div><\/div>","protected":false},"excerpt":{"rendered":"<p>Was ist denn da los? Viele AVIA-Tankstellen haben heute wohl die Preise f\u00fcr LPG erh\u00f6ht? Und das zum Teil um saftige Prozente! Wie das Autogas-Portal gas-tankstellen.de heute in mehreren automatischen Preisinfos mitteilte, wurden die Preise f\u00fcr den Liter Fl\u00fcssiggas um &hellip; <a href=\"https:\/\/www.autogas-franken.de\/blog\/index.php\/archives\/autogas-news\/257-avia-tankstellen-erhohen-die-autogas-preise.html\">Weiterlesen <span class=\"meta-nav\">&rarr;<\/span><\/a><\/p>\n<div class=\"sharedaddy sd-sharing-enabled\"><div class=\"robots-nocontent sd-block sd-social sd-social-icon sd-sharing\"><h3 class=\"sd-title\">Share this:<\/h3><div class=\"sd-content\"><ul><li class=\"share-print\"><a rel=\"nofollow noopener noreferrer\" data-shared=\"\" class=\"share-print sd-button share-icon no-text\" href=\"https:\/\/www.autogas-franken.de\/blog\/index.php\/archives\/autogas-news\/257-avia-tankstellen-erhohen-die-autogas-preise.html\" target=\"_blank\" title=\"Klicken zum Ausdrucken\" ><span><\/span><span class=\"sharing-screen-reader-text\">Klicken zum Ausdrucken (Wird in neuem Fenster ge\u00f6ffnet)<\/span><\/a><\/li><li class=\"share-email\"><a rel=\"nofollow noopener noreferrer\" data-shared=\"\" class=\"share-email sd-button share-icon no-text\" href=\"mailto:?subject=%5BGeteilter%20Beitrag%5D%20AVIA-Tankstellen%20erh%C3%B6hen%20die%20Autogas-Preise&body=https%3A%2F%2Fwww.autogas-franken.de%2Fblog%2Findex.php%2Farchives%2Fautogas-news%2F257-avia-tankstellen-erhohen-die-autogas-preise.html&share=email\" target=\"_blank\" title=\"Klicken, um einem Freund einen Link per E-Mail zu senden\" data-email-share-error-title=\"Hast du E-Mail eingerichtet?\" data-email-share-error-text=\"Wenn du Probleme mit dem Teilen per E-Mail hast, ist E-Mail m\u00f6glicherweise nicht f\u00fcr deinen Browser eingerichtet. Du musst die neue E-Mail-Einrichtung m\u00f6glicherweise selbst vornehmen.\" data-email-share-nonce=\"2528cadafd\" data-email-share-track-url=\"https:\/\/www.autogas-franken.de\/blog\/index.php\/archives\/autogas-news\/257-avia-tankstellen-erhohen-die-autogas-preise.html?share=email\"><span><\/span><span class=\"sharing-screen-reader-text\">Klicken, um einem Freund einen Link per E-Mail zu senden (Wird in neuem Fenster ge\u00f6ffnet)<\/span><\/a><\/li><li class=\"share-twitter\"><a rel=\"nofollow noopener noreferrer\" data-shared=\"sharing-twitter-257\" class=\"share-twitter sd-button share-icon no-text\" href=\"https:\/\/www.autogas-franken.de\/blog\/index.php\/archives\/autogas-news\/257-avia-tankstellen-erhohen-die-autogas-preise.html?share=twitter\" target=\"_blank\" title=\"Klick, um \u00fcber Twitter zu teilen\" ><span><\/span><span class=\"sharing-screen-reader-text\">Klick, um \u00fcber Twitter zu teilen (Wird in neuem Fenster ge\u00f6ffnet)<\/span><\/a><\/li><li class=\"share-jetpack-whatsapp\"><a rel=\"nofollow noopener noreferrer\" data-shared=\"\" class=\"share-jetpack-whatsapp sd-button share-icon no-text\" href=\"https:\/\/www.autogas-franken.de\/blog\/index.php\/archives\/autogas-news\/257-avia-tankstellen-erhohen-die-autogas-preise.html?share=jetpack-whatsapp\" target=\"_blank\" title=\"Klicken, um auf WhatsApp zu teilen\" ><span><\/span><span class=\"sharing-screen-reader-text\">Klicken, um auf WhatsApp zu teilen (Wird in neuem Fenster ge\u00f6ffnet)<\/span><\/a><\/li><li class=\"share-linkedin\"><a rel=\"nofollow noopener noreferrer\" data-shared=\"sharing-linkedin-257\" class=\"share-linkedin sd-button share-icon no-text\" href=\"https:\/\/www.autogas-franken.de\/blog\/index.php\/archives\/autogas-news\/257-avia-tankstellen-erhohen-die-autogas-preise.html?share=linkedin\" target=\"_blank\" title=\"Klick, um auf LinkedIn zu teilen\" ><span><\/span><span class=\"sharing-screen-reader-text\">Klick, um auf LinkedIn zu teilen (Wird in neuem Fenster ge\u00f6ffnet)<\/span><\/a><\/li><li class=\"share-reddit\"><a rel=\"nofollow noopener noreferrer\" data-shared=\"\" class=\"share-reddit sd-button share-icon no-text\" href=\"https:\/\/www.autogas-franken.de\/blog\/index.php\/archives\/autogas-news\/257-avia-tankstellen-erhohen-die-autogas-preise.html?share=reddit\" target=\"_blank\" title=\"Klick, um auf Reddit zu teilen\" ><span><\/span><span class=\"sharing-screen-reader-text\">Klick, um auf Reddit zu teilen (Wird in neuem Fenster ge\u00f6ffnet)<\/span><\/a><\/li><li class=\"share-tumblr\"><a rel=\"nofollow noopener noreferrer\" data-shared=\"\" class=\"share-tumblr sd-button share-icon no-text\" href=\"https:\/\/www.autogas-franken.de\/blog\/index.php\/archives\/autogas-news\/257-avia-tankstellen-erhohen-die-autogas-preise.html?share=tumblr\" target=\"_blank\" title=\"Klick, um auf Tumblr zu teilen\" ><span><\/span><span class=\"sharing-screen-reader-text\">Klick, um auf Tumblr zu teilen (Wird in neuem Fenster ge\u00f6ffnet)<\/span><\/a><\/li><li class=\"share-pinterest\"><a rel=\"nofollow noopener noreferrer\" data-shared=\"sharing-pinterest-257\" class=\"share-pinterest sd-button share-icon no-text\" href=\"https:\/\/www.autogas-franken.de\/blog\/index.php\/archives\/autogas-news\/257-avia-tankstellen-erhohen-die-autogas-preise.html?share=pinterest\" target=\"_blank\" title=\"Klick, um auf Pinterest zu teilen\" ><span><\/span><span class=\"sharing-screen-reader-text\">Klick, um auf Pinterest zu teilen (Wird in neuem Fenster ge\u00f6ffnet)<\/span><\/a><\/li><li class=\"share-telegram\"><a rel=\"nofollow noopener noreferrer\" data-shared=\"\" class=\"share-telegram sd-button share-icon no-text\" href=\"https:\/\/www.autogas-franken.de\/blog\/index.php\/archives\/autogas-news\/257-avia-tankstellen-erhohen-die-autogas-preise.html?share=telegram\" target=\"_blank\" title=\"Klicken, um auf Telegram zu teilen\" ><span><\/span><span class=\"sharing-screen-reader-text\">Klicken, um auf Telegram zu teilen (Wird in neuem Fenster ge\u00f6ffnet)<\/span><\/a><\/li><li class=\"share-pocket\"><a rel=\"nofollow noopener noreferrer\" data-shared=\"\" class=\"share-pocket sd-button share-icon no-text\" href=\"https:\/\/www.autogas-franken.de\/blog\/index.php\/archives\/autogas-news\/257-avia-tankstellen-erhohen-die-autogas-preise.html?share=pocket\" target=\"_blank\" title=\"Klick, um auf Pocket zu teilen\" ><span><\/span><span class=\"sharing-screen-reader-text\">Klick, um auf Pocket zu teilen (Wird in neuem Fenster ge\u00f6ffnet)<\/span><\/a><\/li><li class=\"share-skype\"><a rel=\"nofollow noopener noreferrer\" data-shared=\"sharing-skype-257\" class=\"share-skype sd-button share-icon no-text\" href=\"https:\/\/www.autogas-franken.de\/blog\/index.php\/archives\/autogas-news\/257-avia-tankstellen-erhohen-die-autogas-preise.html?share=skype\" target=\"_blank\" title=\"Klicken, um in Skype zu teilen\" ><span><\/span><span class=\"sharing-screen-reader-text\">Klicken, um in Skype zu teilen (Wird in neuem Fenster ge\u00f6ffnet)<\/span><\/a><\/li><li><a href=\"#\" class=\"sharing-anchor sd-button share-more\"><span>Mehr<\/span><\/a><\/li><li class=\"share-end\"><\/li><\/ul><div class=\"sharing-hidden\"><div class=\"inner\" style=\"display: none;width:150px;\"><ul style=\"background-image:none;\"><li class=\"share-facebook\"><a rel=\"nofollow noopener noreferrer\" data-shared=\"sharing-facebook-257\" class=\"share-facebook sd-button share-icon no-text\" href=\"https:\/\/www.autogas-franken.de\/blog\/index.php\/archives\/autogas-news\/257-avia-tankstellen-erhohen-die-autogas-preise.html?share=facebook\" target=\"_blank\" title=\"Klick, um auf Facebook zu teilen\" ><span><\/span><span class=\"sharing-screen-reader-text\">Klick, um auf Facebook zu teilen (Wird in neuem Fenster ge\u00f6ffnet)<\/span><\/a><\/li><li class=\"share-end\"><\/li><\/ul><\/div><\/div><\/div><\/div><\/div>","protected":false},"author":4,"featured_media":0,"comment_status":"open","ping_status":"open","sticky":false,"template":"","format":"standard","meta":{"jetpack_post_was_ever_published":false,"jetpack_publicize_message":"","jetpack_is_tweetstorm":false,"jetpack_publicize_feature_enabled":true},"categories":[4],"tags":[91,51],"jetpack_publicize_connections":[],"yoast_head":"<!-- This site is optimized with the Yoast SEO plugin v19.7.2 - https:\/\/yoast.com\/wordpress\/plugins\/seo\/ -->\n<title>AVIA-Tankstellen erh\u00f6hen die Autogas-Preise - Autogas f\u00fcr Franken<\/title>\n<meta name=\"robots\" content=\"index, follow, max-snippet:-1, max-image-preview:large, max-video-preview:-1\" \/>\n<link rel=\"canonical\" href=\"https:\/\/www.autogas-franken.de\/blog\/index.php\/archives\/autogas-news\/257-avia-tankstellen-erhohen-die-autogas-preise.html\" \/>\n<meta property=\"og:locale\" content=\"de_DE\" \/>\n<meta property=\"og:type\" content=\"article\" \/>\n<meta property=\"og:title\" content=\"AVIA-Tankstellen erh\u00f6hen die Autogas-Preise - Autogas f\u00fcr Franken\" \/>\n<meta property=\"og:description\" content=\"Was ist denn da los? Viele AVIA-Tankstellen haben heute wohl die Preise f\u00fcr LPG erh\u00f6ht? Und das zum Teil um saftige Prozente! Wie das Autogas-Portal gas-tankstellen.de heute in mehreren automatischen Preisinfos mitteilte, wurden die Preise f\u00fcr den Liter Fl\u00fcssiggas um &hellip; Weiterlesen &rarr;\" \/>\n<meta property=\"og:url\" content=\"https:\/\/www.autogas-franken.de\/blog\/index.php\/archives\/autogas-news\/257-avia-tankstellen-erhohen-die-autogas-preise.html\" \/>\n<meta property=\"og:site_name\" content=\"Autogas f\u00fcr Franken\" \/>\n<meta property=\"article:published_time\" content=\"2010-12-02T13:26:59+00:00\" \/>\n<meta property=\"article:modified_time\" content=\"2010-12-02T13:31:59+00:00\" \/>\n<meta property=\"og:image\" content=\"https:\/\/www.autogas-franken.de\/blog\/wp-content\/uploads\/2010\/12\/Schnee-300x245.jpg\" \/>\n<meta name=\"author\" content=\"Andreas Brandl\" \/>\n<meta name=\"twitter:card\" content=\"summary_large_image\" \/>\n<meta name=\"twitter:label1\" content=\"Verfasst von\" \/>\n\t<meta name=\"twitter:data1\" content=\"Andreas Brandl\" \/>\n\t<meta name=\"twitter:label2\" content=\"Gesch\u00e4tzte Lesezeit\" \/>\n\t<meta name=\"twitter:data2\" content=\"1\u00a0Minute\" \/>\n<script type=\"application\/ld+json\" class=\"yoast-schema-graph\">{\"@context\":\"https:\/\/schema.org\",\"@graph\":[{\"@type\":\"WebPage\",\"@id\":\"https:\/\/www.autogas-franken.de\/blog\/index.php\/archives\/autogas-news\/257-avia-tankstellen-erhohen-die-autogas-preise.html\",\"url\":\"https:\/\/www.autogas-franken.de\/blog\/index.php\/archives\/autogas-news\/257-avia-tankstellen-erhohen-die-autogas-preise.html\",\"name\":\"AVIA-Tankstellen erh\u00f6hen die Autogas-Preise - Autogas f\u00fcr Franken\",\"isPartOf\":{\"@id\":\"https:\/\/www.autogas-franken.de\/blog\/#website\"},\"datePublished\":\"2010-12-02T13:26:59+00:00\",\"dateModified\":\"2010-12-02T13:31:59+00:00\",\"author\":{\"@id\":\"https:\/\/www.autogas-franken.de\/blog\/#\/schema\/person\/36b3c83f7b1b0de84c9e9fd0808559e3\"},\"breadcrumb\":{\"@id\":\"https:\/\/www.autogas-franken.de\/blog\/index.php\/archives\/autogas-news\/257-avia-tankstellen-erhohen-die-autogas-preise.html#breadcrumb\"},\"inLanguage\":\"de\",\"potentialAction\":[{\"@type\":\"ReadAction\",\"target\":[\"https:\/\/www.autogas-franken.de\/blog\/index.php\/archives\/autogas-news\/257-avia-tankstellen-erhohen-die-autogas-preise.html\"]}]},{\"@type\":\"BreadcrumbList\",\"@id\":\"https:\/\/www.autogas-franken.de\/blog\/index.php\/archives\/autogas-news\/257-avia-tankstellen-erhohen-die-autogas-preise.html#breadcrumb\",\"itemListElement\":[{\"@type\":\"ListItem\",\"position\":1,\"name\":\"Startseite\",\"item\":\"https:\/\/www.autogas-franken.de\/blog\"},{\"@type\":\"ListItem\",\"position\":2,\"name\":\"AVIA-Tankstellen erh\u00f6hen die Autogas-Preise\"}]},{\"@type\":\"WebSite\",\"@id\":\"https:\/\/www.autogas-franken.de\/blog\/#website\",\"url\":\"https:\/\/www.autogas-franken.de\/blog\/\",\"name\":\"Autogas f\u00fcr Franken\",\"description\":\"Erfahrungen mit den auf LPG umger\u00fcsteten Audi A3 und Skoda Oktavia\",\"potentialAction\":[{\"@type\":\"SearchAction\",\"target\":{\"@type\":\"EntryPoint\",\"urlTemplate\":\"https:\/\/www.autogas-franken.de\/blog\/?s={search_term_string}\"},\"query-input\":\"required name=search_term_string\"}],\"inLanguage\":\"de\"},{\"@type\":\"Person\",\"@id\":\"https:\/\/www.autogas-franken.de\/blog\/#\/schema\/person\/36b3c83f7b1b0de84c9e9fd0808559e3\",\"name\":\"Andreas Brandl\",\"image\":{\"@type\":\"ImageObject\",\"inLanguage\":\"de\",\"@id\":\"https:\/\/www.autogas-franken.de\/blog\/#\/schema\/person\/image\/\",\"url\":\"https:\/\/secure.gravatar.com\/avatar\/64afc4ffd14df9b18b8e0434d79253ad?s=96&d=mm&r=g\",\"contentUrl\":\"https:\/\/secure.gravatar.com\/avatar\/64afc4ffd14df9b18b8e0434d79253ad?s=96&d=mm&r=g\",\"caption\":\"Andreas Brandl\"},\"sameAs\":[\"https:\/\/www.autogas-franken.de\"],\"url\":\"https:\/\/www.autogas-franken.de\/blog\/index.php\/archives\/author\/andy\"}]}<\/script>\n<!-- \/ Yoast SEO plugin. -->","yoast_head_json":{"title":"AVIA-Tankstellen erh\u00f6hen die Autogas-Preise - Autogas f\u00fcr Franken","robots":{"index":"index","follow":"follow","max-snippet":"max-snippet:-1","max-image-preview":"max-image-preview:large","max-video-preview":"max-video-preview:-1"},"canonical":"https:\/\/www.autogas-franken.de\/blog\/index.php\/archives\/autogas-news\/257-avia-tankstellen-erhohen-die-autogas-preise.html","og_locale":"de_DE","og_type":"article","og_title":"AVIA-Tankstellen erh\u00f6hen die Autogas-Preise - Autogas f\u00fcr Franken","og_description":"Was ist denn da los? Viele AVIA-Tankstellen haben heute wohl die Preise f\u00fcr LPG erh\u00f6ht? Und das zum Teil um saftige Prozente! Wie das Autogas-Portal gas-tankstellen.de heute in mehreren automatischen Preisinfos mitteilte, wurden die Preise f\u00fcr den Liter Fl\u00fcssiggas um &hellip; Weiterlesen &rarr;","og_url":"https:\/\/www.autogas-franken.de\/blog\/index.php\/archives\/autogas-news\/257-avia-tankstellen-erhohen-die-autogas-preise.html","og_site_name":"Autogas f\u00fcr Franken","article_published_time":"2010-12-02T13:26:59+00:00","article_modified_time":"2010-12-02T13:31:59+00:00","og_image":[{"url":"https:\/\/www.autogas-franken.de\/blog\/wp-content\/uploads\/2010\/12\/Schnee-300x245.jpg"}],"author":"Andreas Brandl","twitter_card":"summary_large_image","twitter_misc":{"Verfasst von":"Andreas Brandl","Gesch\u00e4tzte Lesezeit":"1\u00a0Minute"},"schema":{"@context":"https:\/\/schema.org","@graph":[{"@type":"WebPage","@id":"https:\/\/www.autogas-franken.de\/blog\/index.php\/archives\/autogas-news\/257-avia-tankstellen-erhohen-die-autogas-preise.html","url":"https:\/\/www.autogas-franken.de\/blog\/index.php\/archives\/autogas-news\/257-avia-tankstellen-erhohen-die-autogas-preise.html","name":"AVIA-Tankstellen erh\u00f6hen die Autogas-Preise - Autogas f\u00fcr Franken","isPartOf":{"@id":"https:\/\/www.autogas-franken.de\/blog\/#website"},"datePublished":"2010-12-02T13:26:59+00:00","dateModified":"2010-12-02T13:31:59+00:00","author":{"@id":"https:\/\/www.autogas-franken.de\/blog\/#\/schema\/person\/36b3c83f7b1b0de84c9e9fd0808559e3"},"breadcrumb":{"@id":"https:\/\/www.autogas-franken.de\/blog\/index.php\/archives\/autogas-news\/257-avia-tankstellen-erhohen-die-autogas-preise.html#breadcrumb"},"inLanguage":"de","potentialAction":[{"@type":"ReadAction","target":["https:\/\/www.autogas-franken.de\/blog\/index.php\/archives\/autogas-news\/257-avia-tankstellen-erhohen-die-autogas-preise.html"]}]},{"@type":"BreadcrumbList","@id":"https:\/\/www.autogas-franken.de\/blog\/index.php\/archives\/autogas-news\/257-avia-tankstellen-erhohen-die-autogas-preise.html#breadcrumb","itemListElement":[{"@type":"ListItem","position":1,"name":"Startseite","item":"https:\/\/www.autogas-franken.de\/blog"},{"@type":"ListItem","position":2,"name":"AVIA-Tankstellen erh\u00f6hen die Autogas-Preise"}]},{"@type":"WebSite","@id":"https:\/\/www.autogas-franken.de\/blog\/#website","url":"https:\/\/www.autogas-franken.de\/blog\/","name":"Autogas f\u00fcr Franken","description":"Erfahrungen mit den auf LPG umger\u00fcsteten Audi A3 und Skoda Oktavia","potentialAction":[{"@type":"SearchAction","target":{"@type":"EntryPoint","urlTemplate":"https:\/\/www.autogas-franken.de\/blog\/?s={search_term_string}"},"query-input":"required name=search_term_string"}],"inLanguage":"de"},{"@type":"Person","@id":"https:\/\/www.autogas-franken.de\/blog\/#\/schema\/person\/36b3c83f7b1b0de84c9e9fd0808559e3","name":"Andreas Brandl","image":{"@type":"ImageObject","inLanguage":"de","@id":"https:\/\/www.autogas-franken.de\/blog\/#\/schema\/person\/image\/","url":"https:\/\/secure.gravatar.com\/avatar\/64afc4ffd14df9b18b8e0434d79253ad?s=96&d=mm&r=g","contentUrl":"https:\/\/secure.gravatar.com\/avatar\/64afc4ffd14df9b18b8e0434d79253ad?s=96&d=mm&r=g","caption":"Andreas Brandl"},"sameAs":["https:\/\/www.autogas-franken.de"],"url":"https:\/\/www.autogas-franken.de\/blog\/index.php\/archives\/author\/andy"}]}},"jetpack_featured_media_url":"","jetpack_sharing_enabled":true,"jetpack_shortlink":"https:\/\/wp.me\/p7UynC-49","jetpack-related-posts":[{"id":143,"url":"https:\/\/www.autogas-franken.de\/blog\/index.php\/archives\/autogas-news\/143-aktuelle-zahlen-autogasfahrer-und-autogastankstellen.html","url_meta":{"origin":257,"position":0},"title":"Aktuelle Zahlen: Autogasfahrer und Autogastankstellen","date":"24. April 2009","format":false,"excerpt":"Die Frage \"wie viele Autogasfahrer und Autogastankstellen gibt es eigentlich\", wird immer wieder gestellt. Gegen\u00fcber der letzten Auswertung hat sich wieder einiges getan: Waren es Ende M\u00e4rz 2007 ca. 135.000 Autogas-Fahrzeuge die in Deutschland unterwegs waren, so spricht man aktuell von \u00fcber 300.000 LPG-Autos! Ebenso w\u00e4chst auch das Tankstellennetz in\u2026","rel":"","context":"In &quot;Autogas-news&quot;","img":{"alt_text":"","src":"","width":0,"height":0},"classes":[]},{"id":147,"url":"https:\/\/www.autogas-franken.de\/blog\/index.php\/archives\/autogas-news\/147-autogas-tankstellen-software-furs-navi.html","url_meta":{"origin":257,"position":1},"title":"Autogas-Tankstellen-Software f\u00fcrs Navi","date":"3. August 2009","format":false,"excerpt":"Ein gewisser August Muh, besser bekannt als \u201cGasfuzzi\u201d, hat die erste \u00d6kotankstellen-Software zum Download f\u00fcr mobile Navigationssysteme entwickelt. Damit ist es nun endlich m\u00f6glich, auch ohne Vorbereitung im Internet nebst Seitenweiser Ausdrucke eine Autogas-Reise durchzuf\u00fchren. Das Ganze nennt sich \"Biofuel24-Software\" und l\u00e4sst sich ganz einfach auf das mobile Navigationssystem aufspielen.\u2026","rel":"","context":"In &quot;Autogas-news&quot;","img":{"alt_text":"","src":"","width":0,"height":0},"classes":[]},{"id":224,"url":"https:\/\/www.autogas-franken.de\/blog\/index.php\/archives\/autogas-news\/224-autogas-die-nummer-eins-der-alternativen-antriebe.html","url_meta":{"origin":257,"position":2},"title":"Autogas: Die Nummer eins der alternativen Antriebe","date":"15. August 2010","format":false,"excerpt":"Autogas ist weiterhin gro\u00df im Kommen! Unter den alternativen Antriebsarten bleibt LPG auf Platz 1, berichtet die Westfalen AG. Hauptgrund seien die geringen Kosten f\u00fcr den Betrieb von Autogas. Laut Wolfgang Fritsch-Albert, Vorstandsvorsitzender der Westfalen AG, k\u00f6nne das Sparen mit einem auf Autogas umger\u00fcsteten Fahrzeug bereits nach einer Fahrleistung von\u2026","rel":"","context":"In &quot;Autogas-news&quot;","img":{"alt_text":"","src":"","width":0,"height":0},"classes":[]},{"id":42,"url":"https:\/\/www.autogas-franken.de\/blog\/index.php\/archives\/autogastankstellen\/42-autogas-tankstelle-hermsdorf.html","url_meta":{"origin":257,"position":3},"title":"Autogas-Tankstelle Hermsdorf","date":"30. September 2007","format":false,"excerpt":"Am vergangenen Wochenende konnte ich mich mal wieder als Gastankstellen-Tester beweisen. Ein Trip in den Osten Deutschlands stand an und da an der Autobahn A9 nach dem Hermsdorfer Kreuz erst wieder in Linthe eine Autogastanke an der Autobahn ist, musste ich also hier \"nachf\u00fcllen\". Diesmal hab ich mir die ausgesucht,\u2026","rel":"","context":"In &quot;Autogastankstellen&quot;","img":{"alt_text":"","src":"","width":0,"height":0},"classes":[]},{"id":48,"url":"https:\/\/www.autogas-franken.de\/blog\/index.php\/archives\/autogas-news\/48-wieviele-autogasfahrer-und-autogastankstellen-gibt-es.html","url_meta":{"origin":257,"position":4},"title":"Wieviele Autogasfahrer und Autogastankstellen gibt es?","date":"19. November 2007","format":false,"excerpt":"Irgendwie ist man st\u00e4ndig auf der Suche nach den aktuellen Zahlen und man wird auch st\u00e4ndig danach gefragt: \"wie hoch ist die Anzahl der LPG-Nutzer?\". Darum hab ich das jetzt hier mal rausgesucht: Mit dem \"Alternativkraftstoff Nummer 1\" waren (Stand Ende M\u00e4rz 2007) ca. 135.000 Autogas-Fahrzeuge unterwegs und somit fast\u2026","rel":"","context":"In &quot;Autogas-news&quot;","img":{"alt_text":"","src":"","width":0,"height":0},"classes":[]},{"id":19,"url":"https:\/\/www.autogas-franken.de\/blog\/index.php\/archives\/autogas-news\/19-autogas-angebot-an-autobahnen-waechst.html","url_meta":{"origin":257,"position":5},"title":"Autogas-Angebot an Autobahnen w\u00e4chst","date":"24. Januar 2007","format":false,"excerpt":"Wie der \"Deutsche Verband Fl\u00fcssiggas\" (DVFG) in Berlin meldete, w\u00e4chst das Autogas-Angebot an den deutschen Autobahnen immer weiter. So unterh\u00e4lt allein die Betreibergesellschaft Tank & Rast an ihren Autobahn-Standorten mittlerweile 43 Autogas-Stationen, die bis zum Ende des Jahres 2006 noch auf 48 und in 2007 sogar auf rund 60 Autogas-Tankm\u00f6glichkeiten\u2026","rel":"","context":"In &quot;Autogas-news&quot;","img":{"alt_text":"","src":"","width":0,"height":0},"classes":[]}],"_links":{"self":[{"href":"https:\/\/www.autogas-franken.de\/blog\/index.php\/wp-json\/wp\/v2\/posts\/257"}],"collection":[{"href":"https:\/\/www.autogas-franken.de\/blog\/index.php\/wp-json\/wp\/v2\/posts"}],"about":[{"href":"https:\/\/www.autogas-franken.de\/blog\/index.php\/wp-json\/wp\/v2\/types\/post"}],"author":[{"embeddable":true,"href":"https:\/\/www.autogas-franken.de\/blog\/index.php\/wp-json\/wp\/v2\/users\/4"}],"replies":[{"embeddable":true,"href":"https:\/\/www.autogas-franken.de\/blog\/index.php\/wp-json\/wp\/v2\/comments?post=257"}],"version-history":[{"count":5,"href":"https:\/\/www.autogas-franken.de\/blog\/index.php\/wp-json\/wp\/v2\/posts\/257\/revisions"}],"predecessor-version":[{"id":261,"href":"https:\/\/www.autogas-franken.de\/blog\/index.php\/wp-json\/wp\/v2\/posts\/257\/revisions\/261"}],"wp:attachment":[{"href":"https:\/\/www.autogas-franken.de\/blog\/index.php\/wp-json\/wp\/v2\/media?parent=257"}],"wp:term":[{"taxonomy":"category","embeddable":true,"href":"https:\/\/www.autogas-franken.de\/blog\/index.php\/wp-json\/wp\/v2\/categories?post=257"},{"taxonomy":"post_tag","embeddable":true,"href":"https:\/\/www.autogas-franken.de\/blog\/index.php\/wp-json\/wp\/v2\/tags?post=257"}],"curies":[{"name":"wp","href":"https:\/\/api.w.org\/{rel}","templated":true}]}}