{"id":154,"date":"2009-11-11T22:31:44","date_gmt":"2009-11-11T21:31:44","guid":{"rendered":"http:\/\/www.autogas-franken.de\/blog\/?p=154"},"modified":"2012-05-30T17:11:08","modified_gmt":"2012-05-30T15:11:08","slug":"firmenauto-des-jahres-2009-seat-exeost","status":"publish","type":"post","link":"https:\/\/www.autogas-franken.de\/blog\/index.php\/archives\/auto-news\/154-firmenauto-des-jahres-2009-seat-exeost.html","title":{"rendered":"Firmenauto des Jahres 2009: SEAT ExeoST"},"content":{"rendered":"<p>[<a href=\"http:\/\/www.trigami.com\/?blog=https:\/\/autogas-franken.de\/blog\" rel=\"nofollow\" target=\"_blank\">Trigami-Review<\/a>]<script type=\"text\/javascript\" src=\"http:\/\/s.trigami.com\/265305s.js\"><\/script>Das Firmenauto des Jahres 2009 in der Mittelklasse-Importbewertung! Ich wusste gar nicht, dass es diese Unterteilung \u00fcberhaupt gibt. Aber nichtsdestotrotz geht diese Auszeichnung im Jahre 2009 an <strong>SEAT<\/strong>, die mit der Einf\u00fchrung des <strong>Kombis SEAT Exeo ST<\/strong> einen Vorsto\u00df in ein Automobilsegment wagen, dass sich nicht nur durch hervorragende Verarbeitungsqualit\u00e4t, gutes Fahrverhalten, Sportlichkeit und fortschrittlichste Technologien auszeichnet, sondern auch Kunden bedienen soll, die etwas mehr Platz im Auto brauchen.<\/p>\n<p><a href=\"http:\/\/www.seat.de\/modelle_\/exeo-st\/start.html\" rel=\"nofollow\" target=\"_blank\"><img data-attachment-id=\"163\" data-permalink=\"https:\/\/www.autogas-franken.de\/blog\/index.php\/archives\/auto-news\/154-firmenauto-des-jahres-2009-seat-exeost.html\/attachment\/exeo-seat2\" data-orig-file=\"https:\/\/i0.wp.com\/autogas-franken.de\/blog\/wp-content\/uploads\/2009\/11\/exeo-seat2.jpg?fit=300%2C204&amp;ssl=1\" data-orig-size=\"300,204\" data-comments-opened=\"1\" data-image-meta=\"{&quot;aperture&quot;:&quot;0&quot;,&quot;credit&quot;:&quot;&quot;,&quot;camera&quot;:&quot;&quot;,&quot;caption&quot;:&quot;&quot;,&quot;created_timestamp&quot;:&quot;0&quot;,&quot;copyright&quot;:&quot;&quot;,&quot;focal_length&quot;:&quot;0&quot;,&quot;iso&quot;:&quot;0&quot;,&quot;shutter_speed&quot;:&quot;0&quot;,&quot;title&quot;:&quot;&quot;}\" data-image-title=\"exeo-seat2\" data-image-description=\"\" data-image-caption=\"\" data-medium-file=\"https:\/\/i0.wp.com\/autogas-franken.de\/blog\/wp-content\/uploads\/2009\/11\/exeo-seat2.jpg?fit=300%2C204&amp;ssl=1\" data-large-file=\"https:\/\/i0.wp.com\/autogas-franken.de\/blog\/wp-content\/uploads\/2009\/11\/exeo-seat2.jpg?fit=300%2C204&amp;ssl=1\" loading=\"lazy\" class=\"size-full wp-image-163 alignleft\" title=\"exeo-seat2\" src=\"https:\/\/i0.wp.com\/www.autogas-franken.de\/blog\/wp-content\/uploads\/2009\/11\/exeo-seat2.jpg?resize=300%2C204&#038;ssl=1\" alt=\"exeo-seat2\" width=\"300\" height=\"204\" data-recalc-dims=\"1\" \/><\/a>Daf\u00fcr wurde die Karosserie um 4.666 Millimeter verl\u00e4ngert und der Kofferraum, mit einem Volumen von 442 Liter, kann durch Umklappen der R\u00fccksitzlehnen auf <strong>1.354 Liter<\/strong> erweitert werden. Und nat\u00fcrlich geh\u00f6rt zu einem ordentlichen Kombi auch eine Dachreling f\u00fcr den Transport von gr\u00f6\u00dferen oder sperrigen Gep\u00e4ckst\u00fccken.<\/p>\n<p>Wer nun aber das Bild einer &#8220;Familienkutsche&#8221; im Kopf hat, liegt falsch: Auch beim Exeo ST bleibt der sportliche Charakter mit der typischen SEAT-Frontgestaltung durch das dynamische <strong>\u201eArrow Design\u201c<\/strong> erhalten. Trotz allen Sports bleibt aber die Sicherheit nicht auf der Strecke: 6 Airbags Serienm\u00e4\u00dfig!<\/p>\n<p>Leistungsm\u00e4\u00dfig steht der Exeo ST mit einem Benzin- (102 PS bis 200 PS) oder Diesel-Motor ( 120 PS bis 170 PS) in je drei Varianten zur Auswahl und sorgt mit seiner elektrohydraulischen Servolenkung f\u00fcr besten Fahrkomfort!<\/p>\n<p>Zus\u00e4tzlich haben sich die Ingenieure im spanischen Martorell aber noch ein paar Raffinessen einfallen lassen:<\/p>\n<p>So speichert der Fahrersitz (f\u00fcnffach verstellbar) die Sitzpositionen von bis zu vier Fahrern! Endlich ist die Zeit gekommen, die uns in <a href=\"http:\/\/de.wikipedia.org\/wiki\/Demolition_Man\" rel=\"nofollow\" target=\"_blank\">Demolition Man<\/a> schon angek\u00fcndigt wurde (&#8220;<em>Willkommen Lieutenant Lenina Huxley<\/em>&#8220;)! Ob der neue SEAT auch sprechen kann? \ud83d\ude09<\/p>\n<p>Sprechen vielleicht nicht, aber daf\u00fcr \u00fcberwacht ein <strong>Luftg\u00fctesensor <\/strong>durchgehend die Luftqualit\u00e4t im Wagen und \u00f6ffnet oder schlie\u00dft je nach Bedarf die Lufteinl\u00e4sse f\u00fcr die Au\u00dfenluft! Dadurch d\u00fcrfte dann auch die Zeit der ausgetrockneten Nasen durch die KFZ-Heizungen im Winter zu Ende sein&#8230;<\/p>\n<p><a href=\"http:\/\/www.seat.de\/modelle_\/exeo-st\/start.html\" rel=\"nofollow\" target=\"_blank\"><img data-attachment-id=\"158\" data-permalink=\"https:\/\/www.autogas-franken.de\/blog\/index.php\/archives\/auto-news\/154-firmenauto-des-jahres-2009-seat-exeost.html\/attachment\/exeo-seat\" data-orig-file=\"https:\/\/i0.wp.com\/autogas-franken.de\/blog\/wp-content\/uploads\/2009\/11\/exeo-seat.jpg?fit=300%2C235&amp;ssl=1\" data-orig-size=\"300,235\" data-comments-opened=\"1\" data-image-meta=\"{&quot;aperture&quot;:&quot;0&quot;,&quot;credit&quot;:&quot;&quot;,&quot;camera&quot;:&quot;&quot;,&quot;caption&quot;:&quot;&quot;,&quot;created_timestamp&quot;:&quot;0&quot;,&quot;copyright&quot;:&quot;&quot;,&quot;focal_length&quot;:&quot;0&quot;,&quot;iso&quot;:&quot;0&quot;,&quot;shutter_speed&quot;:&quot;0&quot;,&quot;title&quot;:&quot;&quot;}\" data-image-title=\"SEAT Exeo ST\" data-image-description=\"\" data-image-caption=\"\" data-medium-file=\"https:\/\/i0.wp.com\/autogas-franken.de\/blog\/wp-content\/uploads\/2009\/11\/exeo-seat.jpg?fit=300%2C235&amp;ssl=1\" data-large-file=\"https:\/\/i0.wp.com\/autogas-franken.de\/blog\/wp-content\/uploads\/2009\/11\/exeo-seat.jpg?fit=300%2C235&amp;ssl=1\" loading=\"lazy\" class=\"alignright size-full wp-image-158\" title=\"SEAT Exeo ST\" src=\"https:\/\/i0.wp.com\/www.autogas-franken.de\/blog\/wp-content\/uploads\/2009\/11\/exeo-seat.jpg?resize=300%2C235&#038;ssl=1\" alt=\"SEAT Exeo ST\" width=\"300\" height=\"235\" data-recalc-dims=\"1\" \/><\/a>Zu guter Letzt hat mich neben der Tatsache, dass alle Motoren die strengen Anforderungen der Abgasstufe Euro 5 erf\u00fcllen, noch ein zus\u00e4tzlicher<strong> Umwelt-Aspekt<\/strong> \u00fcberzeugt: Der SEAT ExeoST hat n\u00e4mlich in seinem Glas-Schiebe-Hubdach <strong>Mini-Solarzellen<\/strong> eingebaut, die gen\u00fcgend Spannung erzeugen, um das Bel\u00fcftungssystem mit Strom zu versorgen! Dadurch wird die Batterie bzw. die Lichtmaschine entlastet, was auf lange Sicht den Kraftstoffverbrauch senkt! Dieser liegt beim Dieselmotor zwischen 4,6 l (au\u00dferorts) und 8,1 l (innerorts), und beim Benziner zwischen 5,8 l (au\u00dferorts) und 11,1 l (innerorts).<\/p>\n<p><strong>Sportlich-elegant, Platzangebot und Funktionalit\u00e4t die begeistert!<\/strong><\/p>\n<p>Ich glaube, dass diese sportliche Mittelklasselimousine geradezu Ideal f\u00fcr kleine Familien sein k\u00f6nnte. Man hat ausreichend Platz um den ganzen Kram zu verstauen, den man heute bei Kleinkindern mitschleppen muss. Hat aber bei Parkplatzsuche, Man\u00f6vrierf\u00e4higkeit, etc. die bessern Karten gegen\u00fcber den &#8220;Schiffen&#8221; anderer Automobilhersteller. Zudem geh\u00f6rt SEAT ja zur Volkswagenfamilie, also braucht man nicht unbedingt ein schlechtes Gewissen haben, wenn man sich dieses &#8220;ausl\u00e4ndische&#8221; Fahrzeug zulegt!<\/p>\n<p>Mehr dazu auf<\/p>\n<ul>\n<li><a href=\"http:\/\/www.SEAT.de \" rel=\"nofollow\" target=\"_blank\">SEAT.de<\/a><\/li>\n<li><a href=\"https:\/\/www.club.seat.de\/clubseat\/public\/startseite.html\" rel=\"nofollow\" target=\"_blank\">Club SEAT<\/a><\/li>\n<\/ul>\n<p>Mit dem Exeo ST gelingt SEAT der n\u00e4chste gro\u00dfe Schritt in der \u00c4ra Exeo, mit dem man aufbricht gen Ithaka, der Heimat des sagenumwobenen griechischen Helden Odysseus und das Ziel seiner zehnj\u00e4hrigen Odyssee. Der griechische Lyriker Konstantin Kavakis erinnerte mit seinen Gedichten daran, <strong>die Erlebnisse einer Reise bereits auf den Weg zu genie\u00dfen, nicht erst am Ziel!<\/strong><\/p>\n<div class=\"sharedaddy sd-sharing-enabled\"><div class=\"robots-nocontent sd-block sd-social sd-social-icon sd-sharing\"><h3 class=\"sd-title\">Share this:<\/h3><div class=\"sd-content\"><ul><li class=\"share-print\"><a rel=\"nofollow noopener noreferrer\" data-shared=\"\" class=\"share-print sd-button share-icon no-text\" href=\"https:\/\/www.autogas-franken.de\/blog\/index.php\/archives\/auto-news\/154-firmenauto-des-jahres-2009-seat-exeost.html\" target=\"_blank\" title=\"Klicken zum Ausdrucken\" ><span><\/span><span class=\"sharing-screen-reader-text\">Klicken zum Ausdrucken (Wird in neuem Fenster ge\u00f6ffnet)<\/span><\/a><\/li><li class=\"share-email\"><a rel=\"nofollow noopener noreferrer\" data-shared=\"\" class=\"share-email sd-button share-icon no-text\" href=\"mailto:?subject=%5BGeteilter%20Beitrag%5D%20Firmenauto%20des%20Jahres%202009%3A%20SEAT%20ExeoST&body=https%3A%2F%2Fwww.autogas-franken.de%2Fblog%2Findex.php%2Farchives%2Fauto-news%2F154-firmenauto-des-jahres-2009-seat-exeost.html&share=email\" target=\"_blank\" title=\"Klicken, um einem Freund einen Link per E-Mail zu senden\" data-email-share-error-title=\"Hast du E-Mail eingerichtet?\" data-email-share-error-text=\"Wenn du Probleme mit dem Teilen per E-Mail hast, ist E-Mail m\u00f6glicherweise nicht f\u00fcr deinen Browser eingerichtet. Du musst die neue E-Mail-Einrichtung m\u00f6glicherweise selbst vornehmen.\" data-email-share-nonce=\"83603f72d4\" data-email-share-track-url=\"https:\/\/www.autogas-franken.de\/blog\/index.php\/archives\/auto-news\/154-firmenauto-des-jahres-2009-seat-exeost.html?share=email\"><span><\/span><span class=\"sharing-screen-reader-text\">Klicken, um einem Freund einen Link per E-Mail zu senden (Wird in neuem Fenster ge\u00f6ffnet)<\/span><\/a><\/li><li class=\"share-twitter\"><a rel=\"nofollow noopener noreferrer\" data-shared=\"sharing-twitter-154\" class=\"share-twitter sd-button share-icon no-text\" href=\"https:\/\/www.autogas-franken.de\/blog\/index.php\/archives\/auto-news\/154-firmenauto-des-jahres-2009-seat-exeost.html?share=twitter\" target=\"_blank\" title=\"Klick, um \u00fcber Twitter zu teilen\" ><span><\/span><span class=\"sharing-screen-reader-text\">Klick, um \u00fcber Twitter zu teilen (Wird in neuem Fenster ge\u00f6ffnet)<\/span><\/a><\/li><li class=\"share-jetpack-whatsapp\"><a rel=\"nofollow noopener noreferrer\" data-shared=\"\" class=\"share-jetpack-whatsapp sd-button share-icon no-text\" href=\"https:\/\/www.autogas-franken.de\/blog\/index.php\/archives\/auto-news\/154-firmenauto-des-jahres-2009-seat-exeost.html?share=jetpack-whatsapp\" target=\"_blank\" title=\"Klicken, um auf WhatsApp zu teilen\" ><span><\/span><span class=\"sharing-screen-reader-text\">Klicken, um auf WhatsApp zu teilen (Wird in neuem Fenster ge\u00f6ffnet)<\/span><\/a><\/li><li class=\"share-linkedin\"><a rel=\"nofollow noopener noreferrer\" data-shared=\"sharing-linkedin-154\" class=\"share-linkedin sd-button share-icon no-text\" href=\"https:\/\/www.autogas-franken.de\/blog\/index.php\/archives\/auto-news\/154-firmenauto-des-jahres-2009-seat-exeost.html?share=linkedin\" target=\"_blank\" title=\"Klick, um auf LinkedIn zu teilen\" ><span><\/span><span class=\"sharing-screen-reader-text\">Klick, um auf LinkedIn zu teilen (Wird in neuem Fenster ge\u00f6ffnet)<\/span><\/a><\/li><li class=\"share-reddit\"><a rel=\"nofollow noopener noreferrer\" data-shared=\"\" class=\"share-reddit sd-button share-icon no-text\" href=\"https:\/\/www.autogas-franken.de\/blog\/index.php\/archives\/auto-news\/154-firmenauto-des-jahres-2009-seat-exeost.html?share=reddit\" target=\"_blank\" title=\"Klick, um auf Reddit zu teilen\" ><span><\/span><span class=\"sharing-screen-reader-text\">Klick, um auf Reddit zu teilen (Wird in neuem Fenster ge\u00f6ffnet)<\/span><\/a><\/li><li class=\"share-tumblr\"><a rel=\"nofollow noopener noreferrer\" data-shared=\"\" class=\"share-tumblr sd-button share-icon no-text\" href=\"https:\/\/www.autogas-franken.de\/blog\/index.php\/archives\/auto-news\/154-firmenauto-des-jahres-2009-seat-exeost.html?share=tumblr\" target=\"_blank\" title=\"Klick, um auf Tumblr zu teilen\" ><span><\/span><span class=\"sharing-screen-reader-text\">Klick, um auf Tumblr zu teilen (Wird in neuem Fenster ge\u00f6ffnet)<\/span><\/a><\/li><li class=\"share-pinterest\"><a rel=\"nofollow noopener noreferrer\" data-shared=\"sharing-pinterest-154\" class=\"share-pinterest sd-button share-icon no-text\" href=\"https:\/\/www.autogas-franken.de\/blog\/index.php\/archives\/auto-news\/154-firmenauto-des-jahres-2009-seat-exeost.html?share=pinterest\" target=\"_blank\" title=\"Klick, um auf Pinterest zu teilen\" ><span><\/span><span class=\"sharing-screen-reader-text\">Klick, um auf Pinterest zu teilen (Wird in neuem Fenster ge\u00f6ffnet)<\/span><\/a><\/li><li class=\"share-telegram\"><a rel=\"nofollow noopener noreferrer\" data-shared=\"\" class=\"share-telegram sd-button share-icon no-text\" href=\"https:\/\/www.autogas-franken.de\/blog\/index.php\/archives\/auto-news\/154-firmenauto-des-jahres-2009-seat-exeost.html?share=telegram\" target=\"_blank\" title=\"Klicken, um auf Telegram zu teilen\" ><span><\/span><span class=\"sharing-screen-reader-text\">Klicken, um auf Telegram zu teilen (Wird in neuem Fenster ge\u00f6ffnet)<\/span><\/a><\/li><li class=\"share-pocket\"><a rel=\"nofollow noopener noreferrer\" data-shared=\"\" class=\"share-pocket sd-button share-icon no-text\" href=\"https:\/\/www.autogas-franken.de\/blog\/index.php\/archives\/auto-news\/154-firmenauto-des-jahres-2009-seat-exeost.html?share=pocket\" target=\"_blank\" title=\"Klick, um auf Pocket zu teilen\" ><span><\/span><span class=\"sharing-screen-reader-text\">Klick, um auf Pocket zu teilen (Wird in neuem Fenster ge\u00f6ffnet)<\/span><\/a><\/li><li class=\"share-skype\"><a rel=\"nofollow noopener noreferrer\" data-shared=\"sharing-skype-154\" class=\"share-skype sd-button share-icon no-text\" href=\"https:\/\/www.autogas-franken.de\/blog\/index.php\/archives\/auto-news\/154-firmenauto-des-jahres-2009-seat-exeost.html?share=skype\" target=\"_blank\" title=\"Klicken, um in Skype zu teilen\" ><span><\/span><span class=\"sharing-screen-reader-text\">Klicken, um in Skype zu teilen (Wird in neuem Fenster ge\u00f6ffnet)<\/span><\/a><\/li><li><a href=\"#\" class=\"sharing-anchor sd-button share-more\"><span>Mehr<\/span><\/a><\/li><li class=\"share-end\"><\/li><\/ul><div class=\"sharing-hidden\"><div class=\"inner\" style=\"display: none;width:150px;\"><ul style=\"background-image:none;\"><li class=\"share-facebook\"><a rel=\"nofollow noopener noreferrer\" data-shared=\"sharing-facebook-154\" class=\"share-facebook sd-button share-icon no-text\" href=\"https:\/\/www.autogas-franken.de\/blog\/index.php\/archives\/auto-news\/154-firmenauto-des-jahres-2009-seat-exeost.html?share=facebook\" target=\"_blank\" title=\"Klick, um auf Facebook zu teilen\" ><span><\/span><span class=\"sharing-screen-reader-text\">Klick, um auf Facebook zu teilen (Wird in neuem Fenster ge\u00f6ffnet)<\/span><\/a><\/li><li class=\"share-end\"><\/li><\/ul><\/div><\/div><\/div><\/div><\/div>","protected":false},"excerpt":{"rendered":"<p>[Trigami-Review]Das Firmenauto des Jahres 2009 in der Mittelklasse-Importbewertung! Ich wusste gar nicht, dass es diese Unterteilung \u00fcberhaupt gibt. Aber nichtsdestotrotz geht diese Auszeichnung im Jahre 2009 an SEAT, die mit der Einf\u00fchrung des Kombis SEAT Exeo ST einen Vorsto\u00df in &hellip; <a href=\"https:\/\/www.autogas-franken.de\/blog\/index.php\/archives\/auto-news\/154-firmenauto-des-jahres-2009-seat-exeost.html\">Weiterlesen <span class=\"meta-nav\">&rarr;<\/span><\/a><\/p>\n<div class=\"sharedaddy sd-sharing-enabled\"><div class=\"robots-nocontent sd-block sd-social sd-social-icon sd-sharing\"><h3 class=\"sd-title\">Share this:<\/h3><div class=\"sd-content\"><ul><li class=\"share-print\"><a rel=\"nofollow noopener noreferrer\" data-shared=\"\" class=\"share-print sd-button share-icon no-text\" href=\"https:\/\/www.autogas-franken.de\/blog\/index.php\/archives\/auto-news\/154-firmenauto-des-jahres-2009-seat-exeost.html\" target=\"_blank\" title=\"Klicken zum Ausdrucken\" ><span><\/span><span class=\"sharing-screen-reader-text\">Klicken zum Ausdrucken (Wird in neuem Fenster ge\u00f6ffnet)<\/span><\/a><\/li><li class=\"share-email\"><a rel=\"nofollow noopener noreferrer\" data-shared=\"\" class=\"share-email sd-button share-icon no-text\" href=\"mailto:?subject=%5BGeteilter%20Beitrag%5D%20Firmenauto%20des%20Jahres%202009%3A%20SEAT%20ExeoST&body=https%3A%2F%2Fwww.autogas-franken.de%2Fblog%2Findex.php%2Farchives%2Fauto-news%2F154-firmenauto-des-jahres-2009-seat-exeost.html&share=email\" target=\"_blank\" title=\"Klicken, um einem Freund einen Link per E-Mail zu senden\" data-email-share-error-title=\"Hast du E-Mail eingerichtet?\" data-email-share-error-text=\"Wenn du Probleme mit dem Teilen per E-Mail hast, ist E-Mail m\u00f6glicherweise nicht f\u00fcr deinen Browser eingerichtet. Du musst die neue E-Mail-Einrichtung m\u00f6glicherweise selbst vornehmen.\" data-email-share-nonce=\"83603f72d4\" data-email-share-track-url=\"https:\/\/www.autogas-franken.de\/blog\/index.php\/archives\/auto-news\/154-firmenauto-des-jahres-2009-seat-exeost.html?share=email\"><span><\/span><span class=\"sharing-screen-reader-text\">Klicken, um einem Freund einen Link per E-Mail zu senden (Wird in neuem Fenster ge\u00f6ffnet)<\/span><\/a><\/li><li class=\"share-twitter\"><a rel=\"nofollow noopener noreferrer\" data-shared=\"sharing-twitter-154\" class=\"share-twitter sd-button share-icon no-text\" href=\"https:\/\/www.autogas-franken.de\/blog\/index.php\/archives\/auto-news\/154-firmenauto-des-jahres-2009-seat-exeost.html?share=twitter\" target=\"_blank\" title=\"Klick, um \u00fcber Twitter zu teilen\" ><span><\/span><span class=\"sharing-screen-reader-text\">Klick, um \u00fcber Twitter zu teilen (Wird in neuem Fenster ge\u00f6ffnet)<\/span><\/a><\/li><li class=\"share-jetpack-whatsapp\"><a rel=\"nofollow noopener noreferrer\" data-shared=\"\" class=\"share-jetpack-whatsapp sd-button share-icon no-text\" href=\"https:\/\/www.autogas-franken.de\/blog\/index.php\/archives\/auto-news\/154-firmenauto-des-jahres-2009-seat-exeost.html?share=jetpack-whatsapp\" target=\"_blank\" title=\"Klicken, um auf WhatsApp zu teilen\" ><span><\/span><span class=\"sharing-screen-reader-text\">Klicken, um auf WhatsApp zu teilen (Wird in neuem Fenster ge\u00f6ffnet)<\/span><\/a><\/li><li class=\"share-linkedin\"><a rel=\"nofollow noopener noreferrer\" data-shared=\"sharing-linkedin-154\" class=\"share-linkedin sd-button share-icon no-text\" href=\"https:\/\/www.autogas-franken.de\/blog\/index.php\/archives\/auto-news\/154-firmenauto-des-jahres-2009-seat-exeost.html?share=linkedin\" target=\"_blank\" title=\"Klick, um auf LinkedIn zu teilen\" ><span><\/span><span class=\"sharing-screen-reader-text\">Klick, um auf LinkedIn zu teilen (Wird in neuem Fenster ge\u00f6ffnet)<\/span><\/a><\/li><li class=\"share-reddit\"><a rel=\"nofollow noopener noreferrer\" data-shared=\"\" class=\"share-reddit sd-button share-icon no-text\" href=\"https:\/\/www.autogas-franken.de\/blog\/index.php\/archives\/auto-news\/154-firmenauto-des-jahres-2009-seat-exeost.html?share=reddit\" target=\"_blank\" title=\"Klick, um auf Reddit zu teilen\" ><span><\/span><span class=\"sharing-screen-reader-text\">Klick, um auf Reddit zu teilen (Wird in neuem Fenster ge\u00f6ffnet)<\/span><\/a><\/li><li class=\"share-tumblr\"><a rel=\"nofollow noopener noreferrer\" data-shared=\"\" class=\"share-tumblr sd-button share-icon no-text\" href=\"https:\/\/www.autogas-franken.de\/blog\/index.php\/archives\/auto-news\/154-firmenauto-des-jahres-2009-seat-exeost.html?share=tumblr\" target=\"_blank\" title=\"Klick, um auf Tumblr zu teilen\" ><span><\/span><span class=\"sharing-screen-reader-text\">Klick, um auf Tumblr zu teilen (Wird in neuem Fenster ge\u00f6ffnet)<\/span><\/a><\/li><li class=\"share-pinterest\"><a rel=\"nofollow noopener noreferrer\" data-shared=\"sharing-pinterest-154\" class=\"share-pinterest sd-button share-icon no-text\" href=\"https:\/\/www.autogas-franken.de\/blog\/index.php\/archives\/auto-news\/154-firmenauto-des-jahres-2009-seat-exeost.html?share=pinterest\" target=\"_blank\" title=\"Klick, um auf Pinterest zu teilen\" ><span><\/span><span class=\"sharing-screen-reader-text\">Klick, um auf Pinterest zu teilen (Wird in neuem Fenster ge\u00f6ffnet)<\/span><\/a><\/li><li class=\"share-telegram\"><a rel=\"nofollow noopener noreferrer\" data-shared=\"\" class=\"share-telegram sd-button share-icon no-text\" href=\"https:\/\/www.autogas-franken.de\/blog\/index.php\/archives\/auto-news\/154-firmenauto-des-jahres-2009-seat-exeost.html?share=telegram\" target=\"_blank\" title=\"Klicken, um auf Telegram zu teilen\" ><span><\/span><span class=\"sharing-screen-reader-text\">Klicken, um auf Telegram zu teilen (Wird in neuem Fenster ge\u00f6ffnet)<\/span><\/a><\/li><li class=\"share-pocket\"><a rel=\"nofollow noopener noreferrer\" data-shared=\"\" class=\"share-pocket sd-button share-icon no-text\" href=\"https:\/\/www.autogas-franken.de\/blog\/index.php\/archives\/auto-news\/154-firmenauto-des-jahres-2009-seat-exeost.html?share=pocket\" target=\"_blank\" title=\"Klick, um auf Pocket zu teilen\" ><span><\/span><span class=\"sharing-screen-reader-text\">Klick, um auf Pocket zu teilen (Wird in neuem Fenster ge\u00f6ffnet)<\/span><\/a><\/li><li class=\"share-skype\"><a rel=\"nofollow noopener noreferrer\" data-shared=\"sharing-skype-154\" class=\"share-skype sd-button share-icon no-text\" href=\"https:\/\/www.autogas-franken.de\/blog\/index.php\/archives\/auto-news\/154-firmenauto-des-jahres-2009-seat-exeost.html?share=skype\" target=\"_blank\" title=\"Klicken, um in Skype zu teilen\" ><span><\/span><span class=\"sharing-screen-reader-text\">Klicken, um in Skype zu teilen (Wird in neuem Fenster ge\u00f6ffnet)<\/span><\/a><\/li><li><a href=\"#\" class=\"sharing-anchor sd-button share-more\"><span>Mehr<\/span><\/a><\/li><li class=\"share-end\"><\/li><\/ul><div class=\"sharing-hidden\"><div class=\"inner\" style=\"display: none;width:150px;\"><ul style=\"background-image:none;\"><li class=\"share-facebook\"><a rel=\"nofollow noopener noreferrer\" data-shared=\"sharing-facebook-154\" class=\"share-facebook sd-button share-icon no-text\" href=\"https:\/\/www.autogas-franken.de\/blog\/index.php\/archives\/auto-news\/154-firmenauto-des-jahres-2009-seat-exeost.html?share=facebook\" target=\"_blank\" title=\"Klick, um auf Facebook zu teilen\" ><span><\/span><span class=\"sharing-screen-reader-text\">Klick, um auf Facebook zu teilen (Wird in neuem Fenster ge\u00f6ffnet)<\/span><\/a><\/li><li class=\"share-end\"><\/li><\/ul><\/div><\/div><\/div><\/div><\/div>","protected":false},"author":4,"featured_media":0,"comment_status":"open","ping_status":"open","sticky":false,"template":"","format":"standard","meta":{"jetpack_post_was_ever_published":false,"jetpack_publicize_message":"","jetpack_is_tweetstorm":false,"jetpack_publicize_feature_enabled":true},"categories":[6],"tags":[97,84],"jetpack_publicize_connections":[],"yoast_head":"<!-- This site is optimized with the Yoast SEO plugin v19.7.2 - https:\/\/yoast.com\/wordpress\/plugins\/seo\/ -->\n<title>Firmenauto des Jahres 2009: SEAT ExeoST - Autogas f\u00fcr Franken<\/title>\n<meta name=\"robots\" content=\"index, follow, max-snippet:-1, max-image-preview:large, max-video-preview:-1\" \/>\n<link rel=\"canonical\" href=\"https:\/\/www.autogas-franken.de\/blog\/index.php\/archives\/auto-news\/154-firmenauto-des-jahres-2009-seat-exeost.html\" \/>\n<meta property=\"og:locale\" content=\"de_DE\" \/>\n<meta property=\"og:type\" content=\"article\" \/>\n<meta property=\"og:title\" content=\"Firmenauto des Jahres 2009: SEAT ExeoST - Autogas f\u00fcr Franken\" \/>\n<meta property=\"og:description\" content=\"[Trigami-Review]Das Firmenauto des Jahres 2009 in der Mittelklasse-Importbewertung! Ich wusste gar nicht, dass es diese Unterteilung \u00fcberhaupt gibt. Aber nichtsdestotrotz geht diese Auszeichnung im Jahre 2009 an SEAT, die mit der Einf\u00fchrung des Kombis SEAT Exeo ST einen Vorsto\u00df in &hellip; Weiterlesen &rarr;\" \/>\n<meta property=\"og:url\" content=\"https:\/\/www.autogas-franken.de\/blog\/index.php\/archives\/auto-news\/154-firmenauto-des-jahres-2009-seat-exeost.html\" \/>\n<meta property=\"og:site_name\" content=\"Autogas f\u00fcr Franken\" \/>\n<meta property=\"article:published_time\" content=\"2009-11-11T21:31:44+00:00\" \/>\n<meta property=\"article:modified_time\" content=\"2012-05-30T15:11:08+00:00\" \/>\n<meta property=\"og:image\" content=\"https:\/\/www.autogas-franken.de\/blog\/wp-content\/uploads\/2009\/11\/exeo-seat2.jpg\" \/>\n<meta name=\"author\" content=\"Andreas Brandl\" \/>\n<meta name=\"twitter:card\" content=\"summary_large_image\" \/>\n<meta name=\"twitter:label1\" content=\"Verfasst von\" \/>\n\t<meta name=\"twitter:data1\" content=\"Andreas Brandl\" \/>\n\t<meta name=\"twitter:label2\" content=\"Gesch\u00e4tzte Lesezeit\" \/>\n\t<meta name=\"twitter:data2\" content=\"3\u00a0Minuten\" \/>\n<script type=\"application\/ld+json\" class=\"yoast-schema-graph\">{\"@context\":\"https:\/\/schema.org\",\"@graph\":[{\"@type\":\"WebPage\",\"@id\":\"https:\/\/www.autogas-franken.de\/blog\/index.php\/archives\/auto-news\/154-firmenauto-des-jahres-2009-seat-exeost.html\",\"url\":\"https:\/\/www.autogas-franken.de\/blog\/index.php\/archives\/auto-news\/154-firmenauto-des-jahres-2009-seat-exeost.html\",\"name\":\"Firmenauto des Jahres 2009: SEAT ExeoST - Autogas f\u00fcr Franken\",\"isPartOf\":{\"@id\":\"https:\/\/www.autogas-franken.de\/blog\/#website\"},\"datePublished\":\"2009-11-11T21:31:44+00:00\",\"dateModified\":\"2012-05-30T15:11:08+00:00\",\"author\":{\"@id\":\"https:\/\/www.autogas-franken.de\/blog\/#\/schema\/person\/36b3c83f7b1b0de84c9e9fd0808559e3\"},\"breadcrumb\":{\"@id\":\"https:\/\/www.autogas-franken.de\/blog\/index.php\/archives\/auto-news\/154-firmenauto-des-jahres-2009-seat-exeost.html#breadcrumb\"},\"inLanguage\":\"de\",\"potentialAction\":[{\"@type\":\"ReadAction\",\"target\":[\"https:\/\/www.autogas-franken.de\/blog\/index.php\/archives\/auto-news\/154-firmenauto-des-jahres-2009-seat-exeost.html\"]}]},{\"@type\":\"BreadcrumbList\",\"@id\":\"https:\/\/www.autogas-franken.de\/blog\/index.php\/archives\/auto-news\/154-firmenauto-des-jahres-2009-seat-exeost.html#breadcrumb\",\"itemListElement\":[{\"@type\":\"ListItem\",\"position\":1,\"name\":\"Startseite\",\"item\":\"https:\/\/www.autogas-franken.de\/blog\"},{\"@type\":\"ListItem\",\"position\":2,\"name\":\"Firmenauto des Jahres 2009: SEAT ExeoST\"}]},{\"@type\":\"WebSite\",\"@id\":\"https:\/\/www.autogas-franken.de\/blog\/#website\",\"url\":\"https:\/\/www.autogas-franken.de\/blog\/\",\"name\":\"Autogas f\u00fcr Franken\",\"description\":\"Erfahrungen mit den auf LPG umger\u00fcsteten Audi A3 und Skoda Oktavia\",\"potentialAction\":[{\"@type\":\"SearchAction\",\"target\":{\"@type\":\"EntryPoint\",\"urlTemplate\":\"https:\/\/www.autogas-franken.de\/blog\/?s={search_term_string}\"},\"query-input\":\"required name=search_term_string\"}],\"inLanguage\":\"de\"},{\"@type\":\"Person\",\"@id\":\"https:\/\/www.autogas-franken.de\/blog\/#\/schema\/person\/36b3c83f7b1b0de84c9e9fd0808559e3\",\"name\":\"Andreas Brandl\",\"image\":{\"@type\":\"ImageObject\",\"inLanguage\":\"de\",\"@id\":\"https:\/\/www.autogas-franken.de\/blog\/#\/schema\/person\/image\/\",\"url\":\"https:\/\/secure.gravatar.com\/avatar\/64afc4ffd14df9b18b8e0434d79253ad?s=96&d=mm&r=g\",\"contentUrl\":\"https:\/\/secure.gravatar.com\/avatar\/64afc4ffd14df9b18b8e0434d79253ad?s=96&d=mm&r=g\",\"caption\":\"Andreas Brandl\"},\"sameAs\":[\"https:\/\/www.autogas-franken.de\"],\"url\":\"https:\/\/www.autogas-franken.de\/blog\/index.php\/archives\/author\/andy\"}]}<\/script>\n<!-- \/ Yoast SEO plugin. -->","yoast_head_json":{"title":"Firmenauto des Jahres 2009: SEAT ExeoST - Autogas f\u00fcr Franken","robots":{"index":"index","follow":"follow","max-snippet":"max-snippet:-1","max-image-preview":"max-image-preview:large","max-video-preview":"max-video-preview:-1"},"canonical":"https:\/\/www.autogas-franken.de\/blog\/index.php\/archives\/auto-news\/154-firmenauto-des-jahres-2009-seat-exeost.html","og_locale":"de_DE","og_type":"article","og_title":"Firmenauto des Jahres 2009: SEAT ExeoST - Autogas f\u00fcr Franken","og_description":"[Trigami-Review]Das Firmenauto des Jahres 2009 in der Mittelklasse-Importbewertung! Ich wusste gar nicht, dass es diese Unterteilung \u00fcberhaupt gibt. Aber nichtsdestotrotz geht diese Auszeichnung im Jahre 2009 an SEAT, die mit der Einf\u00fchrung des Kombis SEAT Exeo ST einen Vorsto\u00df in &hellip; Weiterlesen &rarr;","og_url":"https:\/\/www.autogas-franken.de\/blog\/index.php\/archives\/auto-news\/154-firmenauto-des-jahres-2009-seat-exeost.html","og_site_name":"Autogas f\u00fcr Franken","article_published_time":"2009-11-11T21:31:44+00:00","article_modified_time":"2012-05-30T15:11:08+00:00","og_image":[{"url":"https:\/\/www.autogas-franken.de\/blog\/wp-content\/uploads\/2009\/11\/exeo-seat2.jpg"}],"author":"Andreas Brandl","twitter_card":"summary_large_image","twitter_misc":{"Verfasst von":"Andreas Brandl","Gesch\u00e4tzte Lesezeit":"3\u00a0Minuten"},"schema":{"@context":"https:\/\/schema.org","@graph":[{"@type":"WebPage","@id":"https:\/\/www.autogas-franken.de\/blog\/index.php\/archives\/auto-news\/154-firmenauto-des-jahres-2009-seat-exeost.html","url":"https:\/\/www.autogas-franken.de\/blog\/index.php\/archives\/auto-news\/154-firmenauto-des-jahres-2009-seat-exeost.html","name":"Firmenauto des Jahres 2009: SEAT ExeoST - Autogas f\u00fcr Franken","isPartOf":{"@id":"https:\/\/www.autogas-franken.de\/blog\/#website"},"datePublished":"2009-11-11T21:31:44+00:00","dateModified":"2012-05-30T15:11:08+00:00","author":{"@id":"https:\/\/www.autogas-franken.de\/blog\/#\/schema\/person\/36b3c83f7b1b0de84c9e9fd0808559e3"},"breadcrumb":{"@id":"https:\/\/www.autogas-franken.de\/blog\/index.php\/archives\/auto-news\/154-firmenauto-des-jahres-2009-seat-exeost.html#breadcrumb"},"inLanguage":"de","potentialAction":[{"@type":"ReadAction","target":["https:\/\/www.autogas-franken.de\/blog\/index.php\/archives\/auto-news\/154-firmenauto-des-jahres-2009-seat-exeost.html"]}]},{"@type":"BreadcrumbList","@id":"https:\/\/www.autogas-franken.de\/blog\/index.php\/archives\/auto-news\/154-firmenauto-des-jahres-2009-seat-exeost.html#breadcrumb","itemListElement":[{"@type":"ListItem","position":1,"name":"Startseite","item":"https:\/\/www.autogas-franken.de\/blog"},{"@type":"ListItem","position":2,"name":"Firmenauto des Jahres 2009: SEAT ExeoST"}]},{"@type":"WebSite","@id":"https:\/\/www.autogas-franken.de\/blog\/#website","url":"https:\/\/www.autogas-franken.de\/blog\/","name":"Autogas f\u00fcr Franken","description":"Erfahrungen mit den auf LPG umger\u00fcsteten Audi A3 und Skoda Oktavia","potentialAction":[{"@type":"SearchAction","target":{"@type":"EntryPoint","urlTemplate":"https:\/\/www.autogas-franken.de\/blog\/?s={search_term_string}"},"query-input":"required name=search_term_string"}],"inLanguage":"de"},{"@type":"Person","@id":"https:\/\/www.autogas-franken.de\/blog\/#\/schema\/person\/36b3c83f7b1b0de84c9e9fd0808559e3","name":"Andreas Brandl","image":{"@type":"ImageObject","inLanguage":"de","@id":"https:\/\/www.autogas-franken.de\/blog\/#\/schema\/person\/image\/","url":"https:\/\/secure.gravatar.com\/avatar\/64afc4ffd14df9b18b8e0434d79253ad?s=96&d=mm&r=g","contentUrl":"https:\/\/secure.gravatar.com\/avatar\/64afc4ffd14df9b18b8e0434d79253ad?s=96&d=mm&r=g","caption":"Andreas Brandl"},"sameAs":["https:\/\/www.autogas-franken.de"],"url":"https:\/\/www.autogas-franken.de\/blog\/index.php\/archives\/author\/andy"}]}},"jetpack_featured_media_url":"","jetpack_sharing_enabled":true,"jetpack_shortlink":"https:\/\/wp.me\/p7UynC-2u","jetpack-related-posts":[{"id":61,"url":"https:\/\/www.autogas-franken.de\/blog\/index.php\/archives\/co2\/61-autovermieteruebergreifend-suchen.html","url_meta":{"origin":154,"position":0},"title":"Autovermieter\u00fcbergreifend suchen","date":"20. M\u00e4rz 2008","format":false,"excerpt":"[Trigami-Review] Wer kennt das nicht: Man freut sich auf den Urlaub und hat beim Buchen drauf geachtet, dass man mit Rail&Fly direkt zum Flughafen Frankfurt fahren kann. Da f\u00e4llt dem Reiseveranstalter pl\u00f6tzlich ein, den Flug vorzuverlegen. Als Urlauber hat man nun nur die M\u00f6glichkeit am Abend vorher anzureisen und am\u2026","rel":"","context":"In &quot;CO2&quot;","img":{"alt_text":"","src":"","width":0,"height":0},"classes":[]},{"id":58,"url":"https:\/\/www.autogas-franken.de\/blog\/index.php\/archives\/auto-news\/58-bidgo-autogas-im-blut.html","url_meta":{"origin":154,"position":1},"title":"Bidgo &#8211; Autogas im Blut?","date":"13. Februar 2008","format":false,"excerpt":"[Trigami-Review] Heute geht es um ein Projekt aus Franken, n\u00e4mlich einer Aschaffenburger Firma: Bidgo.de! Eine Webseite f\u00fcr automobile Enthusiasten! Wenn man zum ersten Mal auf die Seite kommt erkennt man keinen gro\u00dfen Unterschied zu den anderen Kfz-B\u00f6rsen. Der einzige Unterschied der mir ins Auge stach, war das sog. \u201eAuto-Wiki\u201c, einer\u2026","rel":"","context":"In &quot;Auto-news&quot;","img":{"alt_text":"","src":"","width":0,"height":0},"classes":[]},{"id":230,"url":"https:\/\/www.autogas-franken.de\/blog\/index.php\/archives\/auto-news\/230-fiat500-spart-jetzt-mit-diesel-technik.html","url_meta":{"origin":154,"position":2},"title":"Fiat500 spart jetzt mit DIESEL-Technik","date":"15. August 2007","format":false,"excerpt":"[Trigami-Anzeige] Denkt man an Italien, so sieht man immer enge Gassen, \u00fcppige Obstst\u00e4nde, gem\u00fctliche Mamis und attraktive S\u00fcdl\u00e4nder vor sich. Was an diesem \u201etutto italiano\u201c-Blick nicht fehlen darf, sind die typischen Gef\u00e4hrte wie Roller und Fiat 500. Wer nun diese mediterrane Lebensfreude am liebsten im t\u00e4glichen Leben um sich haben\u2026","rel":"","context":"In &quot;Auto-news&quot;","img":{"alt_text":"","src":"","width":0,"height":0},"classes":[]},{"id":179,"url":"https:\/\/www.autogas-franken.de\/blog\/index.php\/archives\/auto-news\/179-fiat-punto-evo-mit-10-codes-zum-gluck.html","url_meta":{"origin":154,"position":3},"title":"Fiat Punto Evo: Mit 10 Codes zum Gl\u00fcck","date":"19. November 2009","format":false,"excerpt":"[Trigami-Review] So klein ist die Welt: Vor ein paar Tagen noch mit der Frau zusammen den neuen Fiat Punto Evo angeschaut und ein paar Tage sp\u00e4ter flattert dieser Auftrag ins Haus: Fiat scheint nun endg\u00fcltig von seinem Image, was auf die Abk\u00fcrzung abzielte weg zu kommen. Mit hochwertigen Materialien und\u2026","rel":"","context":"In &quot;Auto-news&quot;","img":{"alt_text":"","src":"","width":0,"height":0},"classes":[]},{"id":250,"url":"https:\/\/www.autogas-franken.de\/blog\/index.php\/archives\/allgemein\/250-reise-nach-las-vegas-gewinnen.html","url_meta":{"origin":154,"position":4},"title":"Reise nach Las Vegas gewinnen","date":"20. November 2009","format":false,"excerpt":"[Trigami-Review]\"Viva Las Vegas turning day into night time turning night into daytime, If you see it once you'll never be the same again\" sang Elvis Presley 1964 und es ist heute noch so! Las Vegas ist ein riesengro\u00dfer Rummelplatz auf dem die Show und das Gl\u00fccksspiel einfach alles ist, umrahmt\u2026","rel":"","context":"In &quot;Allgemein&quot;","img":{"alt_text":"","src":"","width":0,"height":0},"classes":[]},{"id":57,"url":"https:\/\/www.autogas-franken.de\/blog\/index.php\/archives\/auto-news\/57-gilt-umweltzone-nicht-fuer-alle.html","url_meta":{"origin":154,"position":5},"title":"Gilt Umweltzone nicht f\u00fcr alle?","date":"30. Januar 2008","format":false,"excerpt":"Das k\u00f6nnte man meinen, wenn man den \"Murks des Monats\" aus dem ADAC-Heft liest. Dort spricht man n\u00e4mlich von \"Plaketten\u00e4rger\" und stellt die \"Glaubw\u00fcrdigkeit der Politik\" in Frage. Es geht nat\u00fcrlich um Berlin: Wegen der neugeschaffenen Umweltzonen w\u00fcrden die Besitzer \u00e4lterer Autos quasi \"gezwungen\", Ihr Fahrzeug f\u00fcr viel Geld technisch\u2026","rel":"","context":"In &quot;Auto-news&quot;","img":{"alt_text":"","src":"","width":0,"height":0},"classes":[]}],"_links":{"self":[{"href":"https:\/\/www.autogas-franken.de\/blog\/index.php\/wp-json\/wp\/v2\/posts\/154"}],"collection":[{"href":"https:\/\/www.autogas-franken.de\/blog\/index.php\/wp-json\/wp\/v2\/posts"}],"about":[{"href":"https:\/\/www.autogas-franken.de\/blog\/index.php\/wp-json\/wp\/v2\/types\/post"}],"author":[{"embeddable":true,"href":"https:\/\/www.autogas-franken.de\/blog\/index.php\/wp-json\/wp\/v2\/users\/4"}],"replies":[{"embeddable":true,"href":"https:\/\/www.autogas-franken.de\/blog\/index.php\/wp-json\/wp\/v2\/comments?post=154"}],"version-history":[{"count":14,"href":"https:\/\/www.autogas-franken.de\/blog\/index.php\/wp-json\/wp\/v2\/posts\/154\/revisions"}],"predecessor-version":[{"id":168,"href":"https:\/\/www.autogas-franken.de\/blog\/index.php\/wp-json\/wp\/v2\/posts\/154\/revisions\/168"}],"wp:attachment":[{"href":"https:\/\/www.autogas-franken.de\/blog\/index.php\/wp-json\/wp\/v2\/media?parent=154"}],"wp:term":[{"taxonomy":"category","embeddable":true,"href":"https:\/\/www.autogas-franken.de\/blog\/index.php\/wp-json\/wp\/v2\/categories?post=154"},{"taxonomy":"post_tag","embeddable":true,"href":"https:\/\/www.autogas-franken.de\/blog\/index.php\/wp-json\/wp\/v2\/tags?post=154"}],"curies":[{"name":"wp","href":"https:\/\/api.w.org\/{rel}","templated":true}]}}